{"id":9706,"date":"2021-04-23T19:22:42","date_gmt":"2021-04-23T17:22:42","guid":{"rendered":"https:\/\/moeckernkiez.org\/?p=9706"},"modified":"2021-05-24T08:18:32","modified_gmt":"2021-05-24T06:18:32","slug":"argumente-gegen-die-urbane-mitte","status":"publish","type":"post","link":"https:\/\/moeckernkiez.org\/?p=9706","title":{"rendered":"Argumente gegen die Urbane Mitte"},"content":{"rendered":"\n<blockquote class=\"wp-block-quote is-layout-flow wp-block-quote-is-layout-flow\"><p>Im Januar wendeten sich 12 Initiativen an den Stadtentwicklungsausschuss Friedrichshain-Kreuzberg mit der Bitte, im Ausschuss ihre Argumente gegen das Projekt Urbane Mitte vortragen zu k\u00f6nnen. Damals war der Teilbebauungsplan Urbane Mitte S\u00fcd mit den ersten beiden von 7 Hochh\u00e4usern \u00f6ffentlich ausgelegt. Hintergrund f\u00fcr die Bitte war die oft gemachte Erfahrung, dass Stellungnahmen von B\u00fcrgern zu Bebauungspl\u00e4nen in der Regel keine Beachtung finden. Oft kennen die Bezirksverordneten die Inhalte noch nicht einmal, wenn es zur Abstimmung \u00fcber den Bebauungsplan kommt.<br>Am 14.04.21 fand die Sitzung des Stadtentwicklungsauschuss statt. In 11 kurzen Stellungnahmen konnten Vertreter der Initiativen ihre Argumente vortragen. <a rel=\"noreferrer noopener\" href=\"https:\/\/gleisdreieck-blog.de\/2021\/04\/22\/argumente-gegen-die-urbane-mitte-im-stadtentwicklungsausschuss\/#more-11310\" target=\"_blank\">Auf dem gleisdreieck-blog weiterlesen und mit diskutieren<\/a><\/p><cite>Quelle: <a href=\"http:\/\/www.gleisdreieck-blog.de\" target=\"_blank\" rel=\"noreferrer noopener\">www.gleisdreieck-blog.de<\/a><\/cite><\/blockquote>\n\n\n\n<p><a href=\"https:\/\/gleisdreieck-blog.de\/wordpress\/wp-content\/uploads\/2021\/04\/Stellungnahmen_BPlan-Urbane-Mitte_vorgetragen_im-Ausschuss-Stadtentwicklung_14-04-2021.pdf\" target=\"_blank\" rel=\"noreferrer noopener\">Link zu den Stellungnahmen zum Bebauungsplan Urbane Mitte<\/a><\/p>\n","protected":false},"excerpt":{"rendered":"<p>Im Januar wendeten sich 12 Initiativen an den Stadtentwicklungsausschuss Friedrichshain-Kreuzberg mit der Bitte, im Ausschuss ihre Argumente gegen das Projekt&#8230;<\/p>\n","protected":false},"author":2,"featured_media":8640,"comment_status":"closed","ping_status":"closed","sticky":false,"template":"","format":"standard","meta":{"_uag_custom_page_level_css":"","iawp_total_views":23,"footnotes":""},"categories":[7],"tags":[],"class_list":["post-9706","post","type-post","status-publish","format-standard","has-post-thumbnail","hentry","category-kreuzberg","entry","rows-excerpt"],"uagb_featured_image_src":{"full":["https:\/\/moeckernkiez.org\/wp-content\/uploads\/2020\/11\/urbanemitte04.jpg",1024,396,false],"thumbnail":["https:\/\/moeckernkiez.org\/wp-content\/uploads\/2020\/11\/urbanemitte04-140x140.jpg",140,140,true],"medium":["https:\/\/moeckernkiez.org\/wp-content\/uploads\/2020\/11\/urbanemitte04-350x135.jpg",350,135,true],"medium_large":["https:\/\/moeckernkiez.org\/wp-content\/uploads\/2020\/11\/urbanemitte04-768x297.jpg",768,297,true],"large":["https:\/\/moeckernkiez.org\/wp-content\/uploads\/2020\/11\/urbanemitte04.jpg",1024,396,false],"1536x1536":["https:\/\/moeckernkiez.org\/wp-content\/uploads\/2020\/11\/urbanemitte04.jpg",1024,396,false],"2048x2048":["https:\/\/moeckernkiez.org\/wp-content\/uploads\/2020\/11\/urbanemitte04.jpg",1024,396,false],"awpcp-thumbnail":["https:\/\/moeckernkiez.org\/wp-content\/uploads\/2020\/11\/urbanemitte04.jpg",200,77,false],"awpcp-featured":["https:\/\/moeckernkiez.org\/wp-content\/uploads\/2020\/11\/urbanemitte04.jpg",300,116,false],"awpcp-featured-on-lists":["https:\/\/moeckernkiez.org\/wp-content\/uploads\/2020\/11\/urbanemitte04.jpg",300,116,false],"awpcp-large":["https:\/\/moeckernkiez.org\/wp-content\/uploads\/2020\/11\/urbanemitte04.jpg",640,248,false]},"uagb_author_info":{"display_name":"MB","author_link":"https:\/\/moeckernkiez.org\/?author=2"},"uagb_comment_info":0,"uagb_excerpt":"Im Januar wendeten sich 12 Initiativen an den Stadtentwicklungsausschuss Friedrichshain-Kreuzberg mit der Bitte, im Ausschuss ihre Argumente gegen das Projekt&#8230;","publishpress_future_action":{"enabled":false,"date":"2026-05-08 01:56:33","action":"change-status","newStatus":"draft","terms":[],"taxonomy":"category","extraData":[]},"publishpress_future_workflow_manual_trigger":{"enabledWorkflows":[]},"_links":{"self":[{"href":"https:\/\/moeckernkiez.org\/index.php?rest_route=\/wp\/v2\/posts\/9706","targetHints":{"allow":["GET"]}}],"collection":[{"href":"https:\/\/moeckernkiez.org\/index.php?rest_route=\/wp\/v2\/posts"}],"about":[{"href":"https:\/\/moeckernkiez.org\/index.php?rest_route=\/wp\/v2\/types\/post"}],"author":[{"embeddable":true,"href":"https:\/\/moeckernkiez.org\/index.php?rest_route=\/wp\/v2\/users\/2"}],"replies":[{"embeddable":true,"href":"https:\/\/moeckernkiez.org\/index.php?rest_route=%2Fwp%2Fv2%2Fcomments&post=9706"}],"version-history":[{"count":1,"href":"https:\/\/moeckernkiez.org\/index.php?rest_route=\/wp\/v2\/posts\/9706\/revisions"}],"predecessor-version":[{"id":9707,"href":"https:\/\/moeckernkiez.org\/index.php?rest_route=\/wp\/v2\/posts\/9706\/revisions\/9707"}],"wp:featuredmedia":[{"embeddable":true,"href":"https:\/\/moeckernkiez.org\/index.php?rest_route=\/wp\/v2\/media\/8640"}],"wp:attachment":[{"href":"https:\/\/moeckernkiez.org\/index.php?rest_route=%2Fwp%2Fv2%2Fmedia&parent=9706"}],"wp:term":[{"taxonomy":"category","embeddable":true,"href":"https:\/\/moeckernkiez.org\/index.php?rest_route=%2Fwp%2Fv2%2Fcategories&post=9706"},{"taxonomy":"post_tag","embeddable":true,"href":"https:\/\/moeckernkiez.org\/index.php?rest_route=%2Fwp%2Fv2%2Ftags&post=9706"}],"curies":[{"name":"wp","href":"https:\/\/api.w.org\/{rel}","templated":true}]}}