{"id":9398,"date":"2021-02-21T14:12:51","date_gmt":"2021-02-21T13:12:51","guid":{"rendered":"https:\/\/moeckernkiez.org\/?p=9398"},"modified":"2021-03-22T14:43:26","modified_gmt":"2021-03-22T13:43:26","slug":"gleisdreieck-mitgestalten-ideen-einreichen","status":"publish","type":"post","link":"https:\/\/moeckernkiez.org\/?p=9398","title":{"rendered":"Gleisdreieck mitgestalten! Ideen im Reallabor umsetzen"},"content":{"rendered":"\n<p>Gr\u00fcn Berlin f\u00fchrt ein Reallabor im Park am Gleisdreieck durch. <br>Reallabore sind ein neues Format der B\u00fcrgerinnenbeteiligung, bei dem das konkrete Tun im Vordergrund steht. Sie sind speziell geschaffene Experimentierr\u00e4ume und bieten  einen Ort zum Ausprobieren und Entwickeln von Ideen im Umgang mit zentralen Herausforderungen in Parkanlagen, wie zum Beispiel Vandalismus, Nutzungsdruck und klimatischen Ver\u00e4nderungen. <br>Im Park am Gleisdreieck stehen der steigende Nutzungsdruck und Auswirkungen des Klimawandels im Fokus. Im Park sind bereits Nutzerinnen aktiv, die sich diesen Themen widmen. Unter dem Dach des Reallabors sollen die bestehenden geb\u00fcndelt und ausgeweitet werden. Ziel ist eine Sensibilisierung f\u00fcr das Nutzerinnenverhalten und eine verst\u00e4rkte Vernetzung der Akteurinnen vor Ort. Zur F\u00f6rderung der \u00d6kosystemleistungen k\u00f6nnen zum Beispiel gemeinschaftliche M\u00fcllpickaktionen, Ausstellungen, Gie\u00dfaktionen und g\u00e4rtnerische Projekte beitragen.<\/p>\n\n\n\n<p>Die ersten beiden Workshops finden am 4. und am 18. M\u00e4rz 2021 jeweils von 17 bis 20 Uhr online \u00fcber die Plattform Zoom statt.&nbsp;<strong>Die Anmeldung f\u00fcr den ersten Workshop ist ab sofort&nbsp;<a href=\"mailto:service@gruen-berlin.de\">per Mail unter dem Betreff &#8222;Gleisdreieck&#8220;<\/a>&nbsp;m\u00f6glich.<\/strong><\/p>\n\n\n\n<p>Detaillierte Informationen sind <a rel=\"noreferrer noopener\" href=\"https:\/\/gruen-berlin.de\/projekte\/parks\/park-am-gleisdreieck\/entwicklung-beteiligung\/reallabor-park-am-gleisdreieck\" target=\"_blank\">hier bei Gr\u00fcn Berlin nachzulesen.<\/a><\/p>\n","protected":false},"excerpt":{"rendered":"<p>Workshops starten am 4. und 18. M\u00e4rz.<\/p>\n","protected":false},"author":2,"featured_media":8483,"comment_status":"closed","ping_status":"closed","sticky":false,"template":"","format":"standard","meta":{"_uag_custom_page_level_css":"","iawp_total_views":2,"footnotes":""},"categories":[7],"tags":[],"class_list":["post-9398","post","type-post","status-publish","format-standard","has-post-thumbnail","hentry","category-kreuzberg","entry","rows-excerpt"],"uagb_featured_image_src":{"full":["https:\/\/moeckernkiez.org\/wp-content\/uploads\/2020\/11\/lost-places-abandoned-decay-old-2957931.jpg",1024,714,false],"thumbnail":["https:\/\/moeckernkiez.org\/wp-content\/uploads\/2020\/11\/lost-places-abandoned-decay-old-2957931-140x140.jpg",140,140,true],"medium":["https:\/\/moeckernkiez.org\/wp-content\/uploads\/2020\/11\/lost-places-abandoned-decay-old-2957931-350x244.jpg",350,244,true],"medium_large":["https:\/\/moeckernkiez.org\/wp-content\/uploads\/2020\/11\/lost-places-abandoned-decay-old-2957931-768x536.jpg",768,536,true],"large":["https:\/\/moeckernkiez.org\/wp-content\/uploads\/2020\/11\/lost-places-abandoned-decay-old-2957931.jpg",1024,714,false],"1536x1536":["https:\/\/moeckernkiez.org\/wp-content\/uploads\/2020\/11\/lost-places-abandoned-decay-old-2957931.jpg",1024,714,false],"2048x2048":["https:\/\/moeckernkiez.org\/wp-content\/uploads\/2020\/11\/lost-places-abandoned-decay-old-2957931.jpg",1024,714,false],"awpcp-thumbnail":["https:\/\/moeckernkiez.org\/wp-content\/uploads\/2020\/11\/lost-places-abandoned-decay-old-2957931.jpg",179,125,false],"awpcp-featured":["https:\/\/moeckernkiez.org\/wp-content\/uploads\/2020\/11\/lost-places-abandoned-decay-old-2957931.jpg",287,200,false],"awpcp-featured-on-lists":["https:\/\/moeckernkiez.org\/wp-content\/uploads\/2020\/11\/lost-places-abandoned-decay-old-2957931.jpg",300,209,false],"awpcp-large":["https:\/\/moeckernkiez.org\/wp-content\/uploads\/2020\/11\/lost-places-abandoned-decay-old-2957931.jpg",640,446,false]},"uagb_author_info":{"display_name":"MB","author_link":"https:\/\/moeckernkiez.org\/?author=2"},"uagb_comment_info":0,"uagb_excerpt":"Workshops starten am 4. und 18. M\u00e4rz.","publishpress_future_action":{"enabled":false,"date":"2026-05-08 05:17:03","action":"change-status","newStatus":"draft","terms":[],"taxonomy":"category","extraData":[]},"publishpress_future_workflow_manual_trigger":{"enabledWorkflows":[]},"_links":{"self":[{"href":"https:\/\/moeckernkiez.org\/index.php?rest_route=\/wp\/v2\/posts\/9398","targetHints":{"allow":["GET"]}}],"collection":[{"href":"https:\/\/moeckernkiez.org\/index.php?rest_route=\/wp\/v2\/posts"}],"about":[{"href":"https:\/\/moeckernkiez.org\/index.php?rest_route=\/wp\/v2\/types\/post"}],"author":[{"embeddable":true,"href":"https:\/\/moeckernkiez.org\/index.php?rest_route=\/wp\/v2\/users\/2"}],"replies":[{"embeddable":true,"href":"https:\/\/moeckernkiez.org\/index.php?rest_route=%2Fwp%2Fv2%2Fcomments&post=9398"}],"version-history":[{"count":2,"href":"https:\/\/moeckernkiez.org\/index.php?rest_route=\/wp\/v2\/posts\/9398\/revisions"}],"predecessor-version":[{"id":9436,"href":"https:\/\/moeckernkiez.org\/index.php?rest_route=\/wp\/v2\/posts\/9398\/revisions\/9436"}],"wp:featuredmedia":[{"embeddable":true,"href":"https:\/\/moeckernkiez.org\/index.php?rest_route=\/wp\/v2\/media\/8483"}],"wp:attachment":[{"href":"https:\/\/moeckernkiez.org\/index.php?rest_route=%2Fwp%2Fv2%2Fmedia&parent=9398"}],"wp:term":[{"taxonomy":"category","embeddable":true,"href":"https:\/\/moeckernkiez.org\/index.php?rest_route=%2Fwp%2Fv2%2Fcategories&post=9398"},{"taxonomy":"post_tag","embeddable":true,"href":"https:\/\/moeckernkiez.org\/index.php?rest_route=%2Fwp%2Fv2%2Ftags&post=9398"}],"curies":[{"name":"wp","href":"https:\/\/api.w.org\/{rel}","templated":true}]}}