{"id":8917,"date":"2024-01-01T13:41:28","date_gmt":"2024-01-01T12:41:28","guid":{"rendered":"https:\/\/moeckernkiez.org\/?p=8917"},"modified":"2024-01-02T14:39:53","modified_gmt":"2024-01-02T13:39:53","slug":"die-stunde-der-wintervoegel-2021","status":"publish","type":"post","link":"https:\/\/moeckernkiez.org\/?p=8917","title":{"rendered":"Die \u201eStunde der Winterv\u00f6gel\u201c 2024"},"content":{"rendered":"\n<h2 class=\"wp-block-heading\">Vom 5. bis 7. Januar 2024 V\u00f6gel beobachten und melden<\/h2>\n\n\n\n<p>Berliner*innen sollen alles z\u00e4hlen, was pickt, piept und flattert.<\/p>\n\n\n\n<p>Die Wintervogelz\u00e4hlung funktioniert ganz einfach: Von einem ruhigen Beobachtungspl\u00e4tzchen aus wird von jeder Art die h\u00f6chste Anzahl notiert, die im Laufe einer Stunde gleichzeitig zu beobachten ist.<\/p>\n\n\n\n<p>Der NABU und sein bayerischer Partner Landesbund f\u00fcr Vogelschutz (LBV) ruft j\u00e4hrlich Naturfreund*innen dazu auf, eine Stunde lang die V\u00f6gel am Futterh\u00e4uschen, im Garten, auf dem Balkon oder im Park zu z\u00e4hlen und dem NABU zu melden. Das pure Interesse und die Freude an der Vogelwelt reichen zur Teilnahme aus, eine besondere Qualifikation ist f\u00fcr die Wintervogelz\u00e4hlung nicht n\u00f6tig.<\/p>\n\n\n\n<p>Im Mittelpunkt der Stunde der Winterv\u00f6gel stehen vertraute und oft weit verbreitete Vogelarten, wie Meisen, Finken, Rotkehlchen und Sperlinge. Aber wo genau kommen sie vor, wo sind sie h\u00e4ufig und wo selten geworden? Hat das aktuelle Wetter Winterg\u00e4ste angelockt oder sie nach S\u00fcden weiterziehen lassen? Je genauer der NABU \u00fcber solche Fragen Bescheid wei\u00df, desto besser k\u00f6nnen er sich f\u00fcr den Schutz der V\u00f6gel einsetzen. Und Sie k\u00f6nnen ihn dabei unterst\u00fctzen!<\/p>\n\n\n\n<p>Weitere Informationen finden sind <a href=\"https:\/\/www.nabu.de\/tiere-und-pflanzen\/aktionen-und-projekte\/stunde-der-wintervoegel\/index.html\" target=\"_blank\" rel=\"noreferrer noopener\">hier zu finden<\/a>.<\/p>\n","protected":false},"excerpt":{"rendered":"<p>Vom 5. bis 7. Januar 2024 V\u00f6gel beobachten und melden &#8230;<\/p>\n","protected":false},"author":2,"featured_media":8918,"comment_status":"closed","ping_status":"closed","sticky":false,"template":"","format":"standard","meta":{"_uag_custom_page_level_css":"","iawp_total_views":2,"footnotes":""},"categories":[100,1],"tags":[],"class_list":["post-8917","post","type-post","status-publish","format-standard","has-post-thumbnail","hentry","category-druckbeitraege","category-vermischtes","entry","rows-excerpt"],"uagb_featured_image_src":{"full":["https:\/\/moeckernkiez.org\/wp-content\/uploads\/2020\/12\/blue-tit-tit-bird-small-bird-beak-5668342.jpg",1024,641,false],"thumbnail":["https:\/\/moeckernkiez.org\/wp-content\/uploads\/2020\/12\/blue-tit-tit-bird-small-bird-beak-5668342-140x140.jpg",140,140,true],"medium":["https:\/\/moeckernkiez.org\/wp-content\/uploads\/2020\/12\/blue-tit-tit-bird-small-bird-beak-5668342-350x219.jpg",350,219,true],"medium_large":["https:\/\/moeckernkiez.org\/wp-content\/uploads\/2020\/12\/blue-tit-tit-bird-small-bird-beak-5668342-768x481.jpg",768,481,true],"large":["https:\/\/moeckernkiez.org\/wp-content\/uploads\/2020\/12\/blue-tit-tit-bird-small-bird-beak-5668342.jpg",1024,641,false],"1536x1536":["https:\/\/moeckernkiez.org\/wp-content\/uploads\/2020\/12\/blue-tit-tit-bird-small-bird-beak-5668342.jpg",1024,641,false],"2048x2048":["https:\/\/moeckernkiez.org\/wp-content\/uploads\/2020\/12\/blue-tit-tit-bird-small-bird-beak-5668342.jpg",1024,641,false],"awpcp-thumbnail":["https:\/\/moeckernkiez.org\/wp-content\/uploads\/2020\/12\/blue-tit-tit-bird-small-bird-beak-5668342.jpg",200,125,false],"awpcp-featured":["https:\/\/moeckernkiez.org\/wp-content\/uploads\/2020\/12\/blue-tit-tit-bird-small-bird-beak-5668342.jpg",300,188,false],"awpcp-featured-on-lists":["https:\/\/moeckernkiez.org\/wp-content\/uploads\/2020\/12\/blue-tit-tit-bird-small-bird-beak-5668342.jpg",300,188,false],"awpcp-large":["https:\/\/moeckernkiez.org\/wp-content\/uploads\/2020\/12\/blue-tit-tit-bird-small-bird-beak-5668342.jpg",640,401,false]},"uagb_author_info":{"display_name":"MB","author_link":"https:\/\/moeckernkiez.org\/?author=2"},"uagb_comment_info":0,"uagb_excerpt":"Vom 5. bis 7. Januar 2024 V\u00f6gel beobachten und melden ...","publishpress_future_action":{"enabled":false,"date":"2026-05-04 00:56:03","action":"change-status","newStatus":"draft","terms":[],"taxonomy":"category","extraData":[]},"publishpress_future_workflow_manual_trigger":{"enabledWorkflows":[]},"_links":{"self":[{"href":"https:\/\/moeckernkiez.org\/index.php?rest_route=\/wp\/v2\/posts\/8917","targetHints":{"allow":["GET"]}}],"collection":[{"href":"https:\/\/moeckernkiez.org\/index.php?rest_route=\/wp\/v2\/posts"}],"about":[{"href":"https:\/\/moeckernkiez.org\/index.php?rest_route=\/wp\/v2\/types\/post"}],"author":[{"embeddable":true,"href":"https:\/\/moeckernkiez.org\/index.php?rest_route=\/wp\/v2\/users\/2"}],"replies":[{"embeddable":true,"href":"https:\/\/moeckernkiez.org\/index.php?rest_route=%2Fwp%2Fv2%2Fcomments&post=8917"}],"version-history":[{"count":4,"href":"https:\/\/moeckernkiez.org\/index.php?rest_route=\/wp\/v2\/posts\/8917\/revisions"}],"predecessor-version":[{"id":19306,"href":"https:\/\/moeckernkiez.org\/index.php?rest_route=\/wp\/v2\/posts\/8917\/revisions\/19306"}],"wp:featuredmedia":[{"embeddable":true,"href":"https:\/\/moeckernkiez.org\/index.php?rest_route=\/wp\/v2\/media\/8918"}],"wp:attachment":[{"href":"https:\/\/moeckernkiez.org\/index.php?rest_route=%2Fwp%2Fv2%2Fmedia&parent=8917"}],"wp:term":[{"taxonomy":"category","embeddable":true,"href":"https:\/\/moeckernkiez.org\/index.php?rest_route=%2Fwp%2Fv2%2Fcategories&post=8917"},{"taxonomy":"post_tag","embeddable":true,"href":"https:\/\/moeckernkiez.org\/index.php?rest_route=%2Fwp%2Fv2%2Ftags&post=8917"}],"curies":[{"name":"wp","href":"https:\/\/api.w.org\/{rel}","templated":true}]}}