{"id":7609,"date":"2020-10-25T17:52:00","date_gmt":"2020-10-25T16:52:00","guid":{"rendered":"https:\/\/moeckernkiez.org\/?p=7609"},"modified":"2023-05-22T09:45:28","modified_gmt":"2023-05-22T07:45:28","slug":"moeckernkiez-ag-kultur-herbst-winter","status":"publish","type":"post","link":"https:\/\/moeckernkiez.org\/?p=7609","title":{"rendered":"M\u00f6ckernkiez AG Kultur &#8211; Herbst\/Winter"},"content":{"rendered":"\n<p>Nach dem sch\u00f6nen Sommerprogramm ist die AG Kultur schon wieder aktiv. Die M\u00f6ckernkiez BewohnerInnen und NachbarInnen k\u00f6nnen sich schon auf ein Herbst\/Winter Programm 20\/21 freuen. <br><br><strong>Update: Oder doch nicht? Die aktuelle Corona Situation bringt nun alles etwas ins Wanken. Es bleibt zu hoffen, dass wenigstens ein paar Termine stattfinden k\u00f6nnen.<br><\/strong><br>Die AG Kultur bittet um Unterst\u00fctzung. Wer gerne mitmachen m\u00f6chte, einfach per E-Mail bei der AG Kultur unter <a href=\"mailto:kultur@moeckernkiez.org\">kultur@moeckernkiez.org<\/a> melden.<br>Die geplanten Termine sind am 8. und 22. November und im Dezember am 6. und 20.<\/p>\n\n\n\n<h1 class=\"wp-block-heading has-text-align-center\">Termine Herbst\/Winter 2021<\/h1>\n\n\n<div class=\"eo-event-board\" data-board=\"69f3111f24d49\"><div class=\"eo-event-board-filters\" data-filters=\"\"><\/div><div class=\"eo-event-board-items\"><\/div><div class=\"eo-event-board-more\"><\/div><\/div>\n\n\n\n<div style=\"height:40px\" aria-hidden=\"true\" class=\"wp-block-spacer\"><\/div>\n","protected":false},"excerpt":{"rendered":"<p>Nach dem sch\u00f6nen Sommerprogramm ist die AG Kultur schon wieder aktiv. Die M\u00f6ckernkiez BewohnerInnen und NachbarInnen k\u00f6nnen sich schon auf&#8230;<\/p>\n","protected":false},"author":2,"featured_media":7608,"comment_status":"closed","ping_status":"closed","sticky":false,"template":"","format":"standard","meta":{"_uag_custom_page_level_css":"","iawp_total_views":1,"footnotes":""},"categories":[63,43,5],"tags":[],"class_list":["post-7609","post","type-post","status-publish","format-standard","has-post-thumbnail","hentry","category-aktuelles","category-kultur","category-moeckernkiez","entry","rows-excerpt"],"uagb_featured_image_src":{"full":["https:\/\/moeckernkiez.org\/wp-content\/uploads\/2020\/10\/fall-foliage-leaves-guitar-4972060.jpg",1024,683,false],"thumbnail":["https:\/\/moeckernkiez.org\/wp-content\/uploads\/2020\/10\/fall-foliage-leaves-guitar-4972060-140x140.jpg",140,140,true],"medium":["https:\/\/moeckernkiez.org\/wp-content\/uploads\/2020\/10\/fall-foliage-leaves-guitar-4972060-350x233.jpg",350,233,true],"medium_large":["https:\/\/moeckernkiez.org\/wp-content\/uploads\/2020\/10\/fall-foliage-leaves-guitar-4972060-768x512.jpg",768,512,true],"large":["https:\/\/moeckernkiez.org\/wp-content\/uploads\/2020\/10\/fall-foliage-leaves-guitar-4972060.jpg",1024,683,false],"1536x1536":["https:\/\/moeckernkiez.org\/wp-content\/uploads\/2020\/10\/fall-foliage-leaves-guitar-4972060.jpg",1024,683,false],"2048x2048":["https:\/\/moeckernkiez.org\/wp-content\/uploads\/2020\/10\/fall-foliage-leaves-guitar-4972060.jpg",1024,683,false],"awpcp-thumbnail":["https:\/\/moeckernkiez.org\/wp-content\/uploads\/2020\/10\/fall-foliage-leaves-guitar-4972060.jpg",187,125,false],"awpcp-featured":["https:\/\/moeckernkiez.org\/wp-content\/uploads\/2020\/10\/fall-foliage-leaves-guitar-4972060.jpg",300,200,false],"awpcp-featured-on-lists":["https:\/\/moeckernkiez.org\/wp-content\/uploads\/2020\/10\/fall-foliage-leaves-guitar-4972060.jpg",300,200,false],"awpcp-large":["https:\/\/moeckernkiez.org\/wp-content\/uploads\/2020\/10\/fall-foliage-leaves-guitar-4972060.jpg",640,427,false]},"uagb_author_info":{"display_name":"MB","author_link":"https:\/\/moeckernkiez.org\/?author=2"},"uagb_comment_info":0,"uagb_excerpt":"Nach dem sch\u00f6nen Sommerprogramm ist die AG Kultur schon wieder aktiv. Die M\u00f6ckernkiez BewohnerInnen und NachbarInnen k\u00f6nnen sich schon auf&#8230;","publishpress_future_action":{"enabled":false,"date":"2026-05-07 10:21:51","action":"change-status","newStatus":"draft","terms":[],"taxonomy":"category","extraData":[]},"publishpress_future_workflow_manual_trigger":{"enabledWorkflows":[]},"_links":{"self":[{"href":"https:\/\/moeckernkiez.org\/index.php?rest_route=\/wp\/v2\/posts\/7609","targetHints":{"allow":["GET"]}}],"collection":[{"href":"https:\/\/moeckernkiez.org\/index.php?rest_route=\/wp\/v2\/posts"}],"about":[{"href":"https:\/\/moeckernkiez.org\/index.php?rest_route=\/wp\/v2\/types\/post"}],"author":[{"embeddable":true,"href":"https:\/\/moeckernkiez.org\/index.php?rest_route=\/wp\/v2\/users\/2"}],"replies":[{"embeddable":true,"href":"https:\/\/moeckernkiez.org\/index.php?rest_route=%2Fwp%2Fv2%2Fcomments&post=7609"}],"version-history":[{"count":8,"href":"https:\/\/moeckernkiez.org\/index.php?rest_route=\/wp\/v2\/posts\/7609\/revisions"}],"predecessor-version":[{"id":17876,"href":"https:\/\/moeckernkiez.org\/index.php?rest_route=\/wp\/v2\/posts\/7609\/revisions\/17876"}],"wp:featuredmedia":[{"embeddable":true,"href":"https:\/\/moeckernkiez.org\/index.php?rest_route=\/wp\/v2\/media\/7608"}],"wp:attachment":[{"href":"https:\/\/moeckernkiez.org\/index.php?rest_route=%2Fwp%2Fv2%2Fmedia&parent=7609"}],"wp:term":[{"taxonomy":"category","embeddable":true,"href":"https:\/\/moeckernkiez.org\/index.php?rest_route=%2Fwp%2Fv2%2Fcategories&post=7609"},{"taxonomy":"post_tag","embeddable":true,"href":"https:\/\/moeckernkiez.org\/index.php?rest_route=%2Fwp%2Fv2%2Ftags&post=7609"}],"curies":[{"name":"wp","href":"https:\/\/api.w.org\/{rel}","templated":true}]}}