{"id":7466,"date":"2020-10-13T15:00:00","date_gmt":"2020-10-13T13:00:00","guid":{"rendered":"https:\/\/moeckernkiez.org\/?p=7466"},"modified":"2023-05-22T09:46:40","modified_gmt":"2023-05-22T07:46:40","slug":"moeckernkiez-ag-kultur-hielt-das-kulturelle-leben-lebendig","status":"publish","type":"post","link":"https:\/\/moeckernkiez.org\/?p=7466","title":{"rendered":"M\u00f6ckernkiez AG Kultur hielt das kulturelle Leben lebendig"},"content":{"rendered":"\n<h2 class=\"wp-block-heading\">Beitrag der AG Kultur<\/h2>\n\n\n\n<p class=\"zitat\">Der Sommer ist vorbei, die sonnt\u00e4glichen Konzerte sind beendet.<br>Aus unserer Sicht waren diese Veranstaltungen ein voller Erfolg.<br>Wir haben viel positives Feedback von den G\u00e4sten bekommen, der Platz war unter Einhaltung der notwendigen Abst\u00e4nde immer gut besucht. Die Sonne schien auf ein friedliches Miteinander.<br>Die Musiker freuten sich \u00fcber diese Auftrittsm\u00f6glichkeit und einige waren bestimmt froh \u00fcber finanzielle Einnahmen, denn die G\u00e4ste spendeten gro\u00dfz\u00fcgig. Die Stimmung war wie immer herzerfrischend, wie wir sie auch von anderen gemeinsamen Aktivit\u00e4ten im Kiez kennen.<br>Ein Dankesch\u00f6n auch an die MitarbeiterInnen im M\u00d6CA, die f\u00fcr leckeren Kuchen und f\u00fcr die Getr\u00e4nke gesorgt haben.<br><br>Ohne Corona w\u00e4ren wir wahrscheinlich gar nicht auf die Idee gekommen, unseren gr\u00fcnen Kiezplatz auch kulturell zu nutzen. Gerne werden wir diese Aktion mit eurem Einverst\u00e4ndnis im kommenden Jahr wiederholen.<\/p>\n\n\n\n<p>Die Planungen laufen aber schon weiter. Die M\u00f6ckernkiez BewohnerInnen und NachbarInnen k\u00f6nnen sich schon auf ein Herbst\/Winter Programm 20\/21 freuen.<br>Die k\u00fchle Jahreszeit kann mit warmen Getr\u00e4nken auch drau\u00dfen Spa\u00df machen. <\/p>\n\n\n\n<h1 class=\"wp-block-heading has-text-align-center\">R\u00fcckblick Sommerprogamm 2020<\/h1>\n\n\n<div class=\"eo-event-board\" data-board=\"69f310b76c852\"><div class=\"eo-event-board-filters\" data-filters=\"\"><\/div><div class=\"eo-event-board-items\"><\/div><div class=\"eo-event-board-more\"><\/div><\/div>\n\n\n\n<div style=\"height:40px\" aria-hidden=\"true\" class=\"wp-block-spacer\"><\/div>\n","protected":false},"excerpt":{"rendered":"<p>Der Sommer ging fast zu schnell vorbei, die sonnt\u00e4glichen Konzerte sind beendet<\/p>\n","protected":false},"author":2,"featured_media":7470,"comment_status":"closed","ping_status":"closed","sticky":false,"template":"","format":"standard","meta":{"_uag_custom_page_level_css":"","iawp_total_views":3,"footnotes":""},"categories":[63,43,5],"tags":[],"class_list":["post-7466","post","type-post","status-publish","format-standard","has-post-thumbnail","hentry","category-aktuelles","category-kultur","category-moeckernkiez","entry","rows-excerpt"],"uagb_featured_image_src":{"full":["https:\/\/moeckernkiez.org\/wp-content\/uploads\/2020\/10\/active-attractive-left-out-1331931.jpg",1024,680,false],"thumbnail":["https:\/\/moeckernkiez.org\/wp-content\/uploads\/2020\/10\/active-attractive-left-out-1331931-140x140.jpg",140,140,true],"medium":["https:\/\/moeckernkiez.org\/wp-content\/uploads\/2020\/10\/active-attractive-left-out-1331931-350x232.jpg",350,232,true],"medium_large":["https:\/\/moeckernkiez.org\/wp-content\/uploads\/2020\/10\/active-attractive-left-out-1331931-768x510.jpg",768,510,true],"large":["https:\/\/moeckernkiez.org\/wp-content\/uploads\/2020\/10\/active-attractive-left-out-1331931.jpg",1024,680,false],"1536x1536":["https:\/\/moeckernkiez.org\/wp-content\/uploads\/2020\/10\/active-attractive-left-out-1331931.jpg",1024,680,false],"2048x2048":["https:\/\/moeckernkiez.org\/wp-content\/uploads\/2020\/10\/active-attractive-left-out-1331931.jpg",1024,680,false],"awpcp-thumbnail":["https:\/\/moeckernkiez.org\/wp-content\/uploads\/2020\/10\/active-attractive-left-out-1331931.jpg",188,125,false],"awpcp-featured":["https:\/\/moeckernkiez.org\/wp-content\/uploads\/2020\/10\/active-attractive-left-out-1331931.jpg",300,200,false],"awpcp-featured-on-lists":["https:\/\/moeckernkiez.org\/wp-content\/uploads\/2020\/10\/active-attractive-left-out-1331931.jpg",300,199,false],"awpcp-large":["https:\/\/moeckernkiez.org\/wp-content\/uploads\/2020\/10\/active-attractive-left-out-1331931.jpg",640,425,false]},"uagb_author_info":{"display_name":"MB","author_link":"https:\/\/moeckernkiez.org\/?author=2"},"uagb_comment_info":0,"uagb_excerpt":"Der Sommer ging fast zu schnell vorbei, die sonnt\u00e4glichen Konzerte sind beendet","publishpress_future_action":{"enabled":false,"date":"2026-05-07 10:20:07","action":"change-status","newStatus":"draft","terms":[],"taxonomy":"category","extraData":[]},"publishpress_future_workflow_manual_trigger":{"enabledWorkflows":[]},"_links":{"self":[{"href":"https:\/\/moeckernkiez.org\/index.php?rest_route=\/wp\/v2\/posts\/7466","targetHints":{"allow":["GET"]}}],"collection":[{"href":"https:\/\/moeckernkiez.org\/index.php?rest_route=\/wp\/v2\/posts"}],"about":[{"href":"https:\/\/moeckernkiez.org\/index.php?rest_route=\/wp\/v2\/types\/post"}],"author":[{"embeddable":true,"href":"https:\/\/moeckernkiez.org\/index.php?rest_route=\/wp\/v2\/users\/2"}],"replies":[{"embeddable":true,"href":"https:\/\/moeckernkiez.org\/index.php?rest_route=%2Fwp%2Fv2%2Fcomments&post=7466"}],"version-history":[{"count":9,"href":"https:\/\/moeckernkiez.org\/index.php?rest_route=\/wp\/v2\/posts\/7466\/revisions"}],"predecessor-version":[{"id":17877,"href":"https:\/\/moeckernkiez.org\/index.php?rest_route=\/wp\/v2\/posts\/7466\/revisions\/17877"}],"wp:featuredmedia":[{"embeddable":true,"href":"https:\/\/moeckernkiez.org\/index.php?rest_route=\/wp\/v2\/media\/7470"}],"wp:attachment":[{"href":"https:\/\/moeckernkiez.org\/index.php?rest_route=%2Fwp%2Fv2%2Fmedia&parent=7466"}],"wp:term":[{"taxonomy":"category","embeddable":true,"href":"https:\/\/moeckernkiez.org\/index.php?rest_route=%2Fwp%2Fv2%2Fcategories&post=7466"},{"taxonomy":"post_tag","embeddable":true,"href":"https:\/\/moeckernkiez.org\/index.php?rest_route=%2Fwp%2Fv2%2Ftags&post=7466"}],"curies":[{"name":"wp","href":"https:\/\/api.w.org\/{rel}","templated":true}]}}