{"id":7395,"date":"2020-10-09T10:45:34","date_gmt":"2020-10-09T08:45:34","guid":{"rendered":"https:\/\/moeckernkiez.org\/?p=7395"},"modified":"2020-10-11T18:14:41","modified_gmt":"2020-10-11T16:14:41","slug":"autofreier-samstag-auf-dem-tauentzien","status":"publish","type":"post","link":"https:\/\/moeckernkiez.org\/?p=7395","title":{"rendered":"Autofreier Samstag auf dem Tauentzien"},"content":{"rendered":"\n<p>Testweise soll am kommenden <strong>Sonnabend, 10. Oktober<\/strong>, die Tauentzienstra\u00dfe f\u00fcr den Autoverkehr f\u00fcr drei Stunden gesperrt werden. <br>Von 11 bis etwa 14 Uhr will das B\u00fcndnis \u201eStadt f\u00fcr Menschen\u201c den Abschnitt zwischen Marburger und Rankestra\u00dfe mit einem alternativen Programm bespielen. Nach einem Gedenken an die Opfer des Terroranschlags auf den Weihnachtsmarkt vom 19. Dezember 2016 gibt es auf einem Podium am Breitscheidplatz mehrere Gespr\u00e4chsrunden. Bezirksb\u00fcrgermeister Reinhard Naumann diskutiert <strong>von 12.30 bis 12.45 Uhr<\/strong> mit Martin Germer, dem Pfarrer der Ged\u00e4chtniskirche und dem niederl\u00e4ndischen Stadtplaner Martin Aarts \u00fcber die Zukunft des Breitscheidplatzes. Oliver Schruoffeneger ist zuvor <strong>gegen 12 Uhr<\/strong> bei einer Diskussion \u00fcber das Konzept des WerkStadtForums City West beteiligt.<\/p>\n\n\n\n<p>Mehr Informationen gibt es auf der <a href=\"https:\/\/www.stadtfuermenschen.org\/\" target=\"_blank\" rel=\"noreferrer noopener\">Seite des B\u00fcndnisses \u201cStadt f\u00fcr Menschen\u201d<\/a><\/p>\n","protected":false},"excerpt":{"rendered":"<p>Testweise soll am kommenden Sonnabend, 10. Oktober, die Tauentzienstra\u00dfe f\u00fcr den Autoverkehr f\u00fcr drei Stunden gesperrt werden. Von 11 bis&#8230;<\/p>\n","protected":false},"author":2,"featured_media":7398,"comment_status":"closed","ping_status":"closed","sticky":false,"template":"","format":"standard","meta":{"_uag_custom_page_level_css":"","iawp_total_views":0,"footnotes":""},"categories":[63,7],"tags":[],"class_list":["post-7395","post","type-post","status-publish","format-standard","has-post-thumbnail","hentry","category-aktuelles","category-kreuzberg","entry","rows-excerpt"],"uagb_featured_image_src":{"full":["https:\/\/moeckernkiez.org\/wp-content\/uploads\/2020\/10\/tauentzien-stadtfuermenschen.jpg",832,472,false],"thumbnail":["https:\/\/moeckernkiez.org\/wp-content\/uploads\/2020\/10\/tauentzien-stadtfuermenschen-140x140.jpg",140,140,true],"medium":["https:\/\/moeckernkiez.org\/wp-content\/uploads\/2020\/10\/tauentzien-stadtfuermenschen-350x199.jpg",350,199,true],"medium_large":["https:\/\/moeckernkiez.org\/wp-content\/uploads\/2020\/10\/tauentzien-stadtfuermenschen-768x436.jpg",768,436,true],"large":["https:\/\/moeckernkiez.org\/wp-content\/uploads\/2020\/10\/tauentzien-stadtfuermenschen.jpg",832,472,false],"1536x1536":["https:\/\/moeckernkiez.org\/wp-content\/uploads\/2020\/10\/tauentzien-stadtfuermenschen.jpg",832,472,false],"2048x2048":["https:\/\/moeckernkiez.org\/wp-content\/uploads\/2020\/10\/tauentzien-stadtfuermenschen.jpg",832,472,false],"awpcp-thumbnail":["https:\/\/moeckernkiez.org\/wp-content\/uploads\/2020\/10\/tauentzien-stadtfuermenschen.jpg",200,113,false],"awpcp-featured":["https:\/\/moeckernkiez.org\/wp-content\/uploads\/2020\/10\/tauentzien-stadtfuermenschen.jpg",300,170,false],"awpcp-featured-on-lists":["https:\/\/moeckernkiez.org\/wp-content\/uploads\/2020\/10\/tauentzien-stadtfuermenschen.jpg",300,170,false],"awpcp-large":["https:\/\/moeckernkiez.org\/wp-content\/uploads\/2020\/10\/tauentzien-stadtfuermenschen.jpg",640,363,false]},"uagb_author_info":{"display_name":"MB","author_link":"https:\/\/moeckernkiez.org\/?author=2"},"uagb_comment_info":0,"uagb_excerpt":"Testweise soll am kommenden Sonnabend, 10. Oktober, die Tauentzienstra\u00dfe f\u00fcr den Autoverkehr f\u00fcr drei Stunden gesperrt werden. Von 11 bis&#8230;","publishpress_future_action":{"enabled":false,"date":"2026-05-07 14:34:14","action":"change-status","newStatus":"draft","terms":[],"taxonomy":"category","extraData":[]},"publishpress_future_workflow_manual_trigger":{"enabledWorkflows":[]},"_links":{"self":[{"href":"https:\/\/moeckernkiez.org\/index.php?rest_route=\/wp\/v2\/posts\/7395","targetHints":{"allow":["GET"]}}],"collection":[{"href":"https:\/\/moeckernkiez.org\/index.php?rest_route=\/wp\/v2\/posts"}],"about":[{"href":"https:\/\/moeckernkiez.org\/index.php?rest_route=\/wp\/v2\/types\/post"}],"author":[{"embeddable":true,"href":"https:\/\/moeckernkiez.org\/index.php?rest_route=\/wp\/v2\/users\/2"}],"replies":[{"embeddable":true,"href":"https:\/\/moeckernkiez.org\/index.php?rest_route=%2Fwp%2Fv2%2Fcomments&post=7395"}],"version-history":[{"count":2,"href":"https:\/\/moeckernkiez.org\/index.php?rest_route=\/wp\/v2\/posts\/7395\/revisions"}],"predecessor-version":[{"id":7399,"href":"https:\/\/moeckernkiez.org\/index.php?rest_route=\/wp\/v2\/posts\/7395\/revisions\/7399"}],"wp:featuredmedia":[{"embeddable":true,"href":"https:\/\/moeckernkiez.org\/index.php?rest_route=\/wp\/v2\/media\/7398"}],"wp:attachment":[{"href":"https:\/\/moeckernkiez.org\/index.php?rest_route=%2Fwp%2Fv2%2Fmedia&parent=7395"}],"wp:term":[{"taxonomy":"category","embeddable":true,"href":"https:\/\/moeckernkiez.org\/index.php?rest_route=%2Fwp%2Fv2%2Fcategories&post=7395"},{"taxonomy":"post_tag","embeddable":true,"href":"https:\/\/moeckernkiez.org\/index.php?rest_route=%2Fwp%2Fv2%2Ftags&post=7395"}],"curies":[{"name":"wp","href":"https:\/\/api.w.org\/{rel}","templated":true}]}}