{"id":728,"date":"2020-08-02T09:13:00","date_gmt":"2020-08-02T07:13:00","guid":{"rendered":"https:\/\/redaktion.moeckernkiez.net\/?p=728"},"modified":"2020-08-02T13:06:50","modified_gmt":"2020-08-02T11:06:50","slug":"aufbau-textil-bereich-es-geht-los","status":"publish","type":"post","link":"https:\/\/moeckernkiez.org\/?p=728","title":{"rendered":"Textilwerkstatt \u00f6ffnet wieder!"},"content":{"rendered":"\n<div class=\"wp-block-image\"><figure class=\"alignright is-resized\"><img loading=\"lazy\" decoding=\"async\" src=\"http:\/\/redaktion.moeckernkiez.org\/wp-content\/uploads\/2019\/11\/tape-measure-scissors-2406328.jpg\" alt=\"Tape Measure Scissors \" class=\"wp-image-743\" width=\"400\" height=\"271\"\/><figcaption><a href=\"https:\/\/pixabay.com\/users\/Myriams-Fotos\">Myriams-Fotos<\/a> \/ Pixabay<\/figcaption><\/figure><\/div>\n\n\n\n<p>Am 5. August wird sich die Textilwerksatt wieder regelm\u00e4\u00dfig im Werkraum treffen. Nach der Coronapause geht es nun im w\u00f6chentlichen Wechsel immer dienstags von 18 bis 20 Uhr und mittwochs 10 bis 12 Uhr mit den festen Termin weiter. Textilreparaturen und Neukreationen k\u00f6nnen unter Anleitung wieder umgesetzt werden. <br>Die Idee ist, dass die Interessierten aus dem M\u00f6ckernkiez und der Umgebung kompetente Hilfe beim Reparieren &#8211; gegebenenfalls Neuschaffung &#8211; von Kleidungsst\u00fccken und Textilien finden \u2013 nach dem Motto &#8222;Hilfe zur Selbsthilfe&#8220;.<br>Die Besucher*innen des Werkraums bringen alle ben\u00f6tigten Materialien zum Reparieren, wie z.B. Kn\u00f6pfe, Rei\u00dfverschl\u00fcsse, Garn, Schere, mit, und dann kann repariert oder auch kreiert werden.<br>Die n\u00e4chsten Termine sind Mittwoch, 5. August von 10-12 Uhr<br><br>Die Unterst\u00fctzung ist kostenfrei, jedoch ein kleiner Betrag in die Spendendose zur Besorgung notwendiger Materialien ist erw\u00fcnscht.<\/p>\n","protected":false},"excerpt":{"rendered":"<p>Ab 5. August wird sich die Textilwerksatt wieder regelm\u00e4\u00dfig dienstags und mittwochs  im Werkraum treffen.<\/p>\n","protected":false},"author":2,"featured_media":743,"comment_status":"closed","ping_status":"closed","sticky":false,"template":"","format":"standard","meta":{"_uag_custom_page_level_css":"","iawp_total_views":15,"footnotes":""},"categories":[41,5],"tags":[69],"class_list":["post-728","post","type-post","status-publish","format-standard","has-post-thumbnail","hentry","category-digirepair","category-moeckernkiez","tag-normal","entry","rows-excerpt"],"uagb_featured_image_src":{"full":["https:\/\/moeckernkiez.org\/wp-content\/uploads\/2019\/11\/tape-measure-scissors-2406328.jpg",640,426,false],"thumbnail":["https:\/\/moeckernkiez.org\/wp-content\/uploads\/2019\/11\/tape-measure-scissors-2406328-150x150.jpg",140,140,true],"medium":["https:\/\/moeckernkiez.org\/wp-content\/uploads\/2019\/11\/tape-measure-scissors-2406328-350x233.jpg",350,233,true],"medium_large":["https:\/\/moeckernkiez.org\/wp-content\/uploads\/2019\/11\/tape-measure-scissors-2406328.jpg",640,426,false],"large":["https:\/\/moeckernkiez.org\/wp-content\/uploads\/2019\/11\/tape-measure-scissors-2406328.jpg",640,426,false],"1536x1536":["https:\/\/moeckernkiez.org\/wp-content\/uploads\/2019\/11\/tape-measure-scissors-2406328.jpg",640,426,false],"2048x2048":["https:\/\/moeckernkiez.org\/wp-content\/uploads\/2019\/11\/tape-measure-scissors-2406328.jpg",640,426,false],"awpcp-thumbnail":["https:\/\/moeckernkiez.org\/wp-content\/uploads\/2019\/11\/tape-measure-scissors-2406328.jpg",188,125,false],"awpcp-featured":["https:\/\/moeckernkiez.org\/wp-content\/uploads\/2019\/11\/tape-measure-scissors-2406328.jpg",300,200,false],"awpcp-featured-on-lists":["https:\/\/moeckernkiez.org\/wp-content\/uploads\/2019\/11\/tape-measure-scissors-2406328.jpg",300,200,false],"awpcp-large":["https:\/\/moeckernkiez.org\/wp-content\/uploads\/2019\/11\/tape-measure-scissors-2406328.jpg",640,426,false]},"uagb_author_info":{"display_name":"MB","author_link":"https:\/\/moeckernkiez.org\/?author=2"},"uagb_comment_info":0,"uagb_excerpt":"Ab 5. August wird sich die Textilwerksatt wieder regelm\u00e4\u00dfig dienstags und mittwochs im Werkraum treffen.","publishpress_future_action":{"enabled":false,"date":"2026-05-07 13:26:58","action":"change-status","newStatus":"draft","terms":[],"taxonomy":"category","extraData":[]},"publishpress_future_workflow_manual_trigger":{"enabledWorkflows":[]},"_links":{"self":[{"href":"https:\/\/moeckernkiez.org\/index.php?rest_route=\/wp\/v2\/posts\/728","targetHints":{"allow":["GET"]}}],"collection":[{"href":"https:\/\/moeckernkiez.org\/index.php?rest_route=\/wp\/v2\/posts"}],"about":[{"href":"https:\/\/moeckernkiez.org\/index.php?rest_route=\/wp\/v2\/types\/post"}],"author":[{"embeddable":true,"href":"https:\/\/moeckernkiez.org\/index.php?rest_route=\/wp\/v2\/users\/2"}],"replies":[{"embeddable":true,"href":"https:\/\/moeckernkiez.org\/index.php?rest_route=%2Fwp%2Fv2%2Fcomments&post=728"}],"version-history":[{"count":7,"href":"https:\/\/moeckernkiez.org\/index.php?rest_route=\/wp\/v2\/posts\/728\/revisions"}],"predecessor-version":[{"id":5580,"href":"https:\/\/moeckernkiez.org\/index.php?rest_route=\/wp\/v2\/posts\/728\/revisions\/5580"}],"wp:featuredmedia":[{"embeddable":true,"href":"https:\/\/moeckernkiez.org\/index.php?rest_route=\/wp\/v2\/media\/743"}],"wp:attachment":[{"href":"https:\/\/moeckernkiez.org\/index.php?rest_route=%2Fwp%2Fv2%2Fmedia&parent=728"}],"wp:term":[{"taxonomy":"category","embeddable":true,"href":"https:\/\/moeckernkiez.org\/index.php?rest_route=%2Fwp%2Fv2%2Fcategories&post=728"},{"taxonomy":"post_tag","embeddable":true,"href":"https:\/\/moeckernkiez.org\/index.php?rest_route=%2Fwp%2Fv2%2Ftags&post=728"}],"curies":[{"name":"wp","href":"https:\/\/api.w.org\/{rel}","templated":true}]}}