{"id":7040,"date":"2020-09-27T16:18:17","date_gmt":"2020-09-27T14:18:17","guid":{"rendered":"https:\/\/moeckernkiez.org\/?p=7040"},"modified":"2020-09-28T00:21:23","modified_gmt":"2020-09-27T22:21:23","slug":"alle-wollen-im-grundsatz-das-gleiche-fuer-den-park","status":"publish","type":"post","link":"https:\/\/moeckernkiez.org\/?p=7040","title":{"rendered":"Alle wollen im Grundsatz das Gleiche f\u00fcr den Park"},"content":{"rendered":"\n<p><em>Beitrag von Hannjo Bergemann am 27. September 2020<\/em><\/p>\n\n\n\n<p>Gr\u00fcn Berlin sind die Probleme im Gleisdreieck bekannt. Sie m\u00f6chten die Situation verbessern und haben die Reinigung des Parks intensiviert\u00a0und die Schichten der Parkaufsicht erh\u00f6ht. Die Kosten f\u00fcr M\u00fcllbeseitigung und Behebung von Sch\u00e4den durch hohen Nutzungsdruck und zunehmenden Vandalismus werden sich von 230.000 \u20ac in 2019 auf circa 330.000 \u20ac in 2020 erh\u00f6hen. F\u00fcr bauliche Ma\u00dfnahmen, die nicht kurzfristig umgesetzt werden k\u00f6nnen, m\u00fcssen Mittel im Landeshaushalt eingestellt werden. Dazu laufen aktuell mit der Senatsverwaltung f\u00fcr Umwelt, Verkehr und Klimaschutz schon Gespr\u00e4che.<br>Die von der B\u00fcrgerInneninitative &#8222;Gemeinsam f\u00fcrs gr\u00fcne Gleisdreieck&#8220; vorgeschlagenen Ma\u00dfnahmen werden aktuell gepr\u00fcft. Gr\u00fcn Berlin liegt generell sehr viel an einer konstruktiven Zusammenarbeit mit Initiativen aus der B\u00fcrgerschaft. Ein\u00a0n\u00e4chster konkreter Schritt ist der Dialog aller beteiligten Akteure an einem Runden Tisch. <\/p>\n\n\n\n<p>Gr\u00fcn Berlin unterst\u00fctzt auch die Kulturszene in Berlin generell und besonders w\u00e4hrend der Corona-Pandemie bei nicht-kommerziellen und kommerziellen Kultur-Veranstaltungen \u2013 nat\u00fcrlich im Rahmen der bei Genehmigung geltenden beh\u00f6rdlichen Vorgaben zur Eind\u00e4mmung des Coronavirus sowie weiteren gesetzlichen Vorgaben, wie z. B. im Naturschutz. Im Gespr\u00e4ch sind bereits zus\u00e4tzliche Toilettenanlagen, eine bessere Ausschilderung, eine vorl\u00e4ufige erweiterte Parkordnung&nbsp;mit dem Ziel \u201eWer etwas kaputt macht, fliegt raus\u201c und die \u00dcbertragung von Hausrechtsbefugnissen. Der n\u00e4chste Termin ist der NutzerInnenbeirat des Parks mit Einladung der B\u00fcrgerinitiative am 7. Oktober 2020. Der erste Runde Tisch mit einer unabh\u00e4ngigen Moderation ist f\u00fcr Ende Oktober geplant.<\/p>\n\n\n\n<p>Der Senat f\u00fcr Umwelt, Verkehr und Klimaschutz hat mit der neuen <a rel=\"noreferrer noopener\" href=\"https:\/\/moeckernkiez.org\/?p=6544\" target=\"_blank\">Initiative \u201eZusammen sind wir Park\u201c<\/a> einen dringenden \u00fcbergreifenden Handlungsbedarf adressiert, da das Berliner Stadtgr\u00fcn, das sind W\u00e4lder, Gew\u00e4sser und Ufer, eine wesentliche Funktion f\u00fcr die Lebensqualit\u00e4t in der Stadt hat. Angesichts des Klimawandels und Artensterbens ist es eine entscheidende \u00f6kologische Ressource. Das Berliner Stadtgr\u00fcn erh\u00f6ht die Qualit\u00e4t und Attraktivit\u00e4t von Berlin als Lebens-, Wohn-, Freizeit-, Arbeits- und Wirtschaftsstandort.<br>Der r\u00fccksichtsvolle und bewusste Umgang miteinander ist h\u00f6chstes Gebot f\u00fcr das Gemeinschaftsgef\u00fchl zwischen Mensch und Natur. Die Berliner Parks und das gesamte Stadtgr\u00fcn sind Freir\u00e4ume und Angebote f\u00fcr alle, die es mit Leben f\u00fcllen wollen. Die Einhaltung von Regeln erleichtert das Zusammenleben. JedeR soll sich an diesen Orten frei, sicher und willkommen f\u00fchlen. <\/p>\n\n\n\n<p>Damit dies gelingen kann, ist der Austausch zwischen Politik, Organisationen und B\u00fcrgerInnen notwendig. Zusammen soll an Richtlinien, Projekten und Ideen gearbeitet werden, die allen nutzen. Es geht darum, Konflikte aufzuzeigen, Regeln zu kommunizieren und neu zu beleben sowie Engagement zu f\u00f6rdern. Details sind Werkstattgespr\u00e4che, ein Regelbooklet als Ergebnis des Dialogprozesses und neue Wege, um dies im Park zu visualisieren.<\/p>\n\n\n\n<p>Friedrichshain-Kreuzberg hat als einer von drei Bezirken bereits schriftlich in der Bezirksverordnetenversammlung auf die Forderungen der B\u00fcrgerinitiative geantwortet und beteiligt sich zudem am Runden Tisch. Bez\u00fcglich Sanit\u00e4ranlagen und deren deutlicheren Ausschilderung wurden die zust\u00e4ndigen Stellen um Zuarbeit gebeten.<\/p>\n\n\n\n<ul class=\"wp-block-list\"><li><a href=\"https:\/\/gleisdreieck-blog.de\/wordpress\/wp-content\/uploads\/2020\/09\/Drucksache-DS1746V-Gleisdreieckpark-I-Allgemeine-Situation.pdf\" target=\"_blank\" rel=\"noreferrer noopener\">Drucksache-DS 1746 V Gleisdreieckpark I Allgemeine Situation<\/a><\/li><li><a href=\"https:\/\/gleisdreieck-blog.de\/wordpress\/wp-content\/uploads\/2020\/09\/Drucksache-DS1747V-Gleisdreieckpark-II-Kommunikation.pdf\" target=\"_blank\" rel=\"noreferrer noopener\">Drucksache-DS 1747 V Gleisdreieckpark II Kommunikation<\/a><\/li><li><a href=\"https:\/\/gleisdreieck-blog.de\/wordpress\/wp-content\/uploads\/2020\/09\/Drucksache-DS-1748V-Gleisdreieckpark-III-OeffentlicheToiletten.pdf\" target=\"_blank\" rel=\"noreferrer noopener\">Drucksache-DS 1748 V Gleisdreieckpark III \u00d6ffentliche Toiletten<\/a><\/li><li><a href=\"https:\/\/gleisdreieck-blog.de\/wordpress\/wp-content\/uploads\/2020\/09\/Drucksache-DS-1749-V-Gleisdreieckpark-IV-Verkehrliche-Situation.pdf\" target=\"_blank\" rel=\"noreferrer noopener\">Drucksache-DS 1749 V Gleisdreieckpark IV Verkehrliche Situation<\/a><\/li><\/ul>\n\n\n\n<p>Neues Thema der Bezirksverordnetenversammlung in der n\u00e4chsten Woche ist die Unterst\u00fctzung des Senats bei \u201eZusammen sind wir Park\u201c. Der Bezirk ist \u00fcber&nbsp;den Fachbereich \u201eGr\u00fcnfl\u00e4chen\u201c auch im NutzerInnenbeirat des Parks am Gleisdreieck vertreten. Aufgrund der zunehmenden Verwahrlosung und weiterer Probleme im Park fand eine gemeinsame Begehung mit Senat, Parkverwalter Gr\u00fcn Berlin GmbH, Polizei und Ordnungsamt und Stra\u00dfen- und Gr\u00fcnfl\u00e4chenamt aus dem Bezirksamt statt. <\/p>\n\n\n\n<p>Aufgrund der extremen Meinungsvielfalt und der unterschiedlichen Wahrnehmung ist es f\u00fcr die beteiligten B\u00fcrgerInnen und die Politik herausfordernd, die Priorit\u00e4ten angemessen festzulegen. <br>Das kann nur gelingen, wenn m\u00f6glichst viele NutzerInnen des Parks sich direkt am runden Tisch beteiligen. Wenn Ihr mitmachen wollt, nehmt zum Beispiel \u00fcber Blogs\u00a0oder noch zu definierende Adressen Kontakt\u00a0auf.<\/p>\n\n\n\n<p><em>Hannjo Bergemann wohnt im M\u00f6ckernkiez und ist in der B\u00fcrgerinitiative \u201eGemeinsam f\u00fcrs gr\u00fcne Gleisdreieck\u201c aktiv.<\/em><br><br>Hier der Link zum <a rel=\"noreferrer noopener\" href=\"http:\/\/gleisdreieck-blog.de\" target=\"_blank\">gleisdreieck-blog.de<\/a> mit der M\u00f6glichkeit Kommentare einzustellen &#8230;<br>Direktlink zum Beitrag: <a rel=\"noreferrer noopener\" href=\"https:\/\/gleisdreieck-blog.de\/2020\/09\/27\/alle-wollen-im-grundsatz-das-gleiche-fuer-den-park\/\" target=\"_blank\">Alle wollen im Grundsatz das Gleiche f\u00fcr den Park<\/a><\/p>\n","protected":false},"excerpt":{"rendered":"<p>Gr\u00fcn Berlin sind die Probleme im Gleisdreieck bekannt. Sie m\u00f6chten die Situation verbessern und &#8230;<\/p>\n","protected":false},"author":2,"featured_media":6220,"comment_status":"closed","ping_status":"closed","sticky":false,"template":"","format":"standard","meta":{"_uag_custom_page_level_css":"","iawp_total_views":21,"footnotes":""},"categories":[63,7],"tags":[],"class_list":["post-7040","post","type-post","status-publish","format-standard","has-post-thumbnail","hentry","category-aktuelles","category-kreuzberg","entry","rows-excerpt"],"uagb_featured_image_src":{"full":["https:\/\/moeckernkiez.org\/wp-content\/uploads\/2020\/08\/gfgg01.jpg",1024,768,false],"thumbnail":["https:\/\/moeckernkiez.org\/wp-content\/uploads\/2020\/08\/gfgg01-140x140.jpg",140,140,true],"medium":["https:\/\/moeckernkiez.org\/wp-content\/uploads\/2020\/08\/gfgg01-350x263.jpg",350,263,true],"medium_large":["https:\/\/moeckernkiez.org\/wp-content\/uploads\/2020\/08\/gfgg01-768x576.jpg",768,576,true],"large":["https:\/\/moeckernkiez.org\/wp-content\/uploads\/2020\/08\/gfgg01.jpg",1024,768,false],"1536x1536":["https:\/\/moeckernkiez.org\/wp-content\/uploads\/2020\/08\/gfgg01.jpg",1024,768,false],"2048x2048":["https:\/\/moeckernkiez.org\/wp-content\/uploads\/2020\/08\/gfgg01.jpg",1024,768,false],"awpcp-thumbnail":["https:\/\/moeckernkiez.org\/wp-content\/uploads\/2020\/08\/gfgg01.jpg",167,125,false],"awpcp-featured":["https:\/\/moeckernkiez.org\/wp-content\/uploads\/2020\/08\/gfgg01.jpg",267,200,false],"awpcp-featured-on-lists":["https:\/\/moeckernkiez.org\/wp-content\/uploads\/2020\/08\/gfgg01.jpg",300,225,false],"awpcp-large":["https:\/\/moeckernkiez.org\/wp-content\/uploads\/2020\/08\/gfgg01.jpg",640,480,false]},"uagb_author_info":{"display_name":"MB","author_link":"https:\/\/moeckernkiez.org\/?author=2"},"uagb_comment_info":0,"uagb_excerpt":"Gr\u00fcn Berlin sind die Probleme im Gleisdreieck bekannt. Sie m\u00f6chten die Situation verbessern und ...","publishpress_future_action":{"enabled":false,"date":"2026-05-07 14:42:52","action":"change-status","newStatus":"draft","terms":[],"taxonomy":"category","extraData":[]},"publishpress_future_workflow_manual_trigger":{"enabledWorkflows":[]},"_links":{"self":[{"href":"https:\/\/moeckernkiez.org\/index.php?rest_route=\/wp\/v2\/posts\/7040","targetHints":{"allow":["GET"]}}],"collection":[{"href":"https:\/\/moeckernkiez.org\/index.php?rest_route=\/wp\/v2\/posts"}],"about":[{"href":"https:\/\/moeckernkiez.org\/index.php?rest_route=\/wp\/v2\/types\/post"}],"author":[{"embeddable":true,"href":"https:\/\/moeckernkiez.org\/index.php?rest_route=\/wp\/v2\/users\/2"}],"replies":[{"embeddable":true,"href":"https:\/\/moeckernkiez.org\/index.php?rest_route=%2Fwp%2Fv2%2Fcomments&post=7040"}],"version-history":[{"count":10,"href":"https:\/\/moeckernkiez.org\/index.php?rest_route=\/wp\/v2\/posts\/7040\/revisions"}],"predecessor-version":[{"id":7066,"href":"https:\/\/moeckernkiez.org\/index.php?rest_route=\/wp\/v2\/posts\/7040\/revisions\/7066"}],"wp:featuredmedia":[{"embeddable":true,"href":"https:\/\/moeckernkiez.org\/index.php?rest_route=\/wp\/v2\/media\/6220"}],"wp:attachment":[{"href":"https:\/\/moeckernkiez.org\/index.php?rest_route=%2Fwp%2Fv2%2Fmedia&parent=7040"}],"wp:term":[{"taxonomy":"category","embeddable":true,"href":"https:\/\/moeckernkiez.org\/index.php?rest_route=%2Fwp%2Fv2%2Fcategories&post=7040"},{"taxonomy":"post_tag","embeddable":true,"href":"https:\/\/moeckernkiez.org\/index.php?rest_route=%2Fwp%2Fv2%2Ftags&post=7040"}],"curies":[{"name":"wp","href":"https:\/\/api.w.org\/{rel}","templated":true}]}}