{"id":6944,"date":"2020-09-24T18:01:00","date_gmt":"2020-09-24T16:01:00","guid":{"rendered":"https:\/\/moeckernkiez.org\/?p=6944"},"modified":"2020-09-26T21:27:47","modified_gmt":"2020-09-26T19:27:47","slug":"klimastreik-am-25-9-2020","status":"publish","type":"post","link":"https:\/\/moeckernkiez.org\/?p=6944","title":{"rendered":"Klimastreik am 25.9.2020"},"content":{"rendered":"\n<h2 class=\"wp-block-heading\">Jetzt erst recht: Kohle stoppen, Klima sch\u00fctzen!<\/h2>\n\n\n\n<h3 class=\"wp-block-heading\">Mit Fridays for Future auf die Stra\u00dfen!<\/h3>\n\n\n\n<blockquote class=\"wp-block-quote zitat is-layout-flow wp-block-quote-is-layout-flow\"><p>Nicht nur die Corona-Krise stellt uns vor nie dagewesene Herausforderungen, sondern erst recht die Klimakrise: W\u00e4lder sterben an Trockenheit, eine Hitzewelle legt ganz Europa lahm und im Globalen S\u00fcden verlieren Millionen Menschen durch D\u00fcrren, St\u00fcrme und \u00dcberflutungen ihre Lebensgrundlagen. Selbst die Arktis erreicht Hitzerekorde von bis zu 38 Grad. Hier gilt wie bei Corona: <strong>Die Bundesregierung muss auf die Wissenschaft h\u00f6ren und endlich entschlossen handeln.&nbsp;<\/strong><\/p><cite><a href=\"https:\/\/www.klima-streik.org\/infos\/aufruf\" target=\"_blank\" rel=\"noreferrer noopener\">https:\/\/www.klima-streik.org\/infos\/aufruf<\/a><\/cite><\/blockquote>\n","protected":false},"excerpt":{"rendered":"<p>Jetzt erst recht: Kohle stoppen, Klima sch\u00fctzen! Mit Fridays for Future auf die Stra\u00dfen! Nicht nur die Corona-Krise stellt uns&#8230;<\/p>\n","protected":false},"author":2,"featured_media":6947,"comment_status":"closed","ping_status":"closed","sticky":false,"template":"","format":"standard","meta":{"_uag_custom_page_level_css":"","iawp_total_views":0,"footnotes":""},"categories":[63,82,7],"tags":[],"class_list":["post-6944","post","type-post","status-publish","format-standard","has-post-thumbnail","hentry","category-aktuelles","category-klima","category-kreuzberg","entry","rows-excerpt"],"uagb_featured_image_src":{"full":["https:\/\/moeckernkiez.org\/wp-content\/uploads\/2020\/09\/klimastreik01.jpg",1024,329,false],"thumbnail":["https:\/\/moeckernkiez.org\/wp-content\/uploads\/2020\/09\/klimastreik01-140x140.jpg",140,140,true],"medium":["https:\/\/moeckernkiez.org\/wp-content\/uploads\/2020\/09\/klimastreik01-350x112.jpg",350,112,true],"medium_large":["https:\/\/moeckernkiez.org\/wp-content\/uploads\/2020\/09\/klimastreik01-768x247.jpg",768,247,true],"large":["https:\/\/moeckernkiez.org\/wp-content\/uploads\/2020\/09\/klimastreik01.jpg",1024,329,false],"1536x1536":["https:\/\/moeckernkiez.org\/wp-content\/uploads\/2020\/09\/klimastreik01.jpg",1024,329,false],"2048x2048":["https:\/\/moeckernkiez.org\/wp-content\/uploads\/2020\/09\/klimastreik01.jpg",1024,329,false],"awpcp-thumbnail":["https:\/\/moeckernkiez.org\/wp-content\/uploads\/2020\/09\/klimastreik01.jpg",200,64,false],"awpcp-featured":["https:\/\/moeckernkiez.org\/wp-content\/uploads\/2020\/09\/klimastreik01.jpg",300,96,false],"awpcp-featured-on-lists":["https:\/\/moeckernkiez.org\/wp-content\/uploads\/2020\/09\/klimastreik01.jpg",300,96,false],"awpcp-large":["https:\/\/moeckernkiez.org\/wp-content\/uploads\/2020\/09\/klimastreik01.jpg",640,206,false]},"uagb_author_info":{"display_name":"MB","author_link":"https:\/\/moeckernkiez.org\/?author=2"},"uagb_comment_info":0,"uagb_excerpt":"Jetzt erst recht: Kohle stoppen, Klima sch\u00fctzen! Mit Fridays for Future auf die Stra\u00dfen! Nicht nur die Corona-Krise stellt uns&#8230;","publishpress_future_action":{"enabled":false,"date":"2026-05-07 10:25:10","action":"change-status","newStatus":"draft","terms":[],"taxonomy":"category","extraData":[]},"publishpress_future_workflow_manual_trigger":{"enabledWorkflows":[]},"_links":{"self":[{"href":"https:\/\/moeckernkiez.org\/index.php?rest_route=\/wp\/v2\/posts\/6944","targetHints":{"allow":["GET"]}}],"collection":[{"href":"https:\/\/moeckernkiez.org\/index.php?rest_route=\/wp\/v2\/posts"}],"about":[{"href":"https:\/\/moeckernkiez.org\/index.php?rest_route=\/wp\/v2\/types\/post"}],"author":[{"embeddable":true,"href":"https:\/\/moeckernkiez.org\/index.php?rest_route=\/wp\/v2\/users\/2"}],"replies":[{"embeddable":true,"href":"https:\/\/moeckernkiez.org\/index.php?rest_route=%2Fwp%2Fv2%2Fcomments&post=6944"}],"version-history":[{"count":4,"href":"https:\/\/moeckernkiez.org\/index.php?rest_route=\/wp\/v2\/posts\/6944\/revisions"}],"predecessor-version":[{"id":7009,"href":"https:\/\/moeckernkiez.org\/index.php?rest_route=\/wp\/v2\/posts\/6944\/revisions\/7009"}],"wp:featuredmedia":[{"embeddable":true,"href":"https:\/\/moeckernkiez.org\/index.php?rest_route=\/wp\/v2\/media\/6947"}],"wp:attachment":[{"href":"https:\/\/moeckernkiez.org\/index.php?rest_route=%2Fwp%2Fv2%2Fmedia&parent=6944"}],"wp:term":[{"taxonomy":"category","embeddable":true,"href":"https:\/\/moeckernkiez.org\/index.php?rest_route=%2Fwp%2Fv2%2Fcategories&post=6944"},{"taxonomy":"post_tag","embeddable":true,"href":"https:\/\/moeckernkiez.org\/index.php?rest_route=%2Fwp%2Fv2%2Ftags&post=6944"}],"curies":[{"name":"wp","href":"https:\/\/api.w.org\/{rel}","templated":true}]}}