{"id":6920,"date":"2020-09-24T09:55:49","date_gmt":"2020-09-24T07:55:49","guid":{"rendered":"https:\/\/moeckernkiez.org\/?p=6920"},"modified":"2022-05-09T20:18:34","modified_gmt":"2022-05-09T18:18:34","slug":"kampagne-klimaneustart-berlin","status":"publish","type":"post","link":"https:\/\/moeckernkiez.org\/?p=6920","title":{"rendered":"Kampagne KLIMANEUSTART BERLIN"},"content":{"rendered":"\n<p>&#8222;Mach mit uns Berlin Klimaneutral&#8220; ist der Aufruf der Kampagne.<br>Ziel ist es die Klimabewegung, Politik und Berlinerinnen und Berliner zu verbinden. Sie informieren, Druck machen und motivieren. Sie denken, dass noch viel mehr m\u00f6glich ist.<\/p>\n\n\n\n<p><a href=\"https:\/\/klimaneustart.berlin\" target=\"_blank\" rel=\"noreferrer noopener\">Klimaneustart<\/a> fordert in seiner Volksinitiative dar\u00fcber hinaus, dass der Senat von Berlin einen &#8222;B\u00fcrger:innenrat&#8220; einsetzt, der &#8211; ausgestattet mit Expertenwissen &#8211; Empfehlungen f\u00fcr den Berliner Klimaschutz f\u00fcr das Abgeordnetenhaus erarbeitet.<\/p>\n\n\n\n<blockquote class=\"wp-block-quote zitat is-layout-flow wp-block-quote-is-layout-flow\"><p>Klimaschutz funktioniert nur, wenn die B\u00fcrger:innen demokratisch mitgestalten.<\/p><\/blockquote>\n\n\n\n<h2 class=\"wp-block-heading\">Die Forderungen:<\/h2>\n\n\n\n<ul class=\"wp-block-list\"><li>Anpassung<br>Sie fordern, dass Berlin seine Planung anpasst, auf Grundlage des Pariser \u00dcbereinkommens (&lt;1,5\u00b0C) und neuester wissenschaftlicher Erkenntnisse.<\/li><\/ul>\n\n\n\n<ul class=\"wp-block-list\"><li>Reduktion<br>Sie fordern, dass Berlin sofort handelt, um den Treibhausgas-Ausstoss drastisch zu reduzieren.<\/li><\/ul>\n\n\n\n<ul class=\"wp-block-list\"><li>Alarm<br>Sie fordern, dass Berlin seine Partner alarmiert, zum Beispiel im St\u00e4dtetag und im Bundesrat.<\/li><\/ul>\n\n\n\n<ul class=\"wp-block-list\"><li>Information<br>Sie fordern, dass Berlin die \u00d6ffentlichkeit st\u00e4ndig \u00fcber diese Punkte informiert.<\/li><\/ul>\n\n\n\n<p>Weitere Informationen und den Download f\u00fcr die Unterschriftenliste sind auf  <a href=\"https:\/\/klimaneustart.berlin\" target=\"_blank\" rel=\"noreferrer noopener\">klimaneustart.berlin<\/a> zu finden<\/p>\n","protected":false},"excerpt":{"rendered":"<p>&#8222;Mach mit uns Berlin Klimaneutral&#8220; ist der Aufruf der Kampagne.Ziel ist es die Klimabewegung, Politik und Berlinerinnen und Berliner zu&#8230;<\/p>\n","protected":false},"author":2,"featured_media":0,"comment_status":"closed","ping_status":"closed","sticky":false,"template":"","format":"standard","meta":{"_uag_custom_page_level_css":"","iawp_total_views":0,"footnotes":""},"categories":[82,7],"tags":[],"class_list":["post-6920","post","type-post","status-publish","format-standard","hentry","category-klima","category-kreuzberg","entry","rows-excerpt"],"uagb_featured_image_src":{"full":false,"thumbnail":false,"medium":false,"medium_large":false,"large":false,"1536x1536":false,"2048x2048":false,"awpcp-thumbnail":false,"awpcp-featured":false,"awpcp-featured-on-lists":false,"awpcp-large":false},"uagb_author_info":{"display_name":"MB","author_link":"https:\/\/moeckernkiez.org\/?author=2"},"uagb_comment_info":0,"uagb_excerpt":"&#8222;Mach mit uns Berlin Klimaneutral&#8220; ist der Aufruf der Kampagne.Ziel ist es die Klimabewegung, Politik und Berlinerinnen und Berliner zu&#8230;","publishpress_future_action":{"enabled":false,"date":"2026-05-03 09:39:50","action":"change-status","newStatus":"draft","terms":[],"taxonomy":"category","extraData":[]},"publishpress_future_workflow_manual_trigger":{"enabledWorkflows":[]},"_links":{"self":[{"href":"https:\/\/moeckernkiez.org\/index.php?rest_route=\/wp\/v2\/posts\/6920","targetHints":{"allow":["GET"]}}],"collection":[{"href":"https:\/\/moeckernkiez.org\/index.php?rest_route=\/wp\/v2\/posts"}],"about":[{"href":"https:\/\/moeckernkiez.org\/index.php?rest_route=\/wp\/v2\/types\/post"}],"author":[{"embeddable":true,"href":"https:\/\/moeckernkiez.org\/index.php?rest_route=\/wp\/v2\/users\/2"}],"replies":[{"embeddable":true,"href":"https:\/\/moeckernkiez.org\/index.php?rest_route=%2Fwp%2Fv2%2Fcomments&post=6920"}],"version-history":[{"count":6,"href":"https:\/\/moeckernkiez.org\/index.php?rest_route=\/wp\/v2\/posts\/6920\/revisions"}],"predecessor-version":[{"id":8481,"href":"https:\/\/moeckernkiez.org\/index.php?rest_route=\/wp\/v2\/posts\/6920\/revisions\/8481"}],"wp:attachment":[{"href":"https:\/\/moeckernkiez.org\/index.php?rest_route=%2Fwp%2Fv2%2Fmedia&parent=6920"}],"wp:term":[{"taxonomy":"category","embeddable":true,"href":"https:\/\/moeckernkiez.org\/index.php?rest_route=%2Fwp%2Fv2%2Fcategories&post=6920"},{"taxonomy":"post_tag","embeddable":true,"href":"https:\/\/moeckernkiez.org\/index.php?rest_route=%2Fwp%2Fv2%2Ftags&post=6920"}],"curies":[{"name":"wp","href":"https:\/\/api.w.org\/{rel}","templated":true}]}}