{"id":6772,"date":"2020-09-15T21:24:00","date_gmt":"2020-09-15T19:24:00","guid":{"rendered":"https:\/\/moeckernkiez.org\/?p=6772"},"modified":"2020-09-17T08:04:24","modified_gmt":"2020-09-17T06:04:24","slug":"rettet-den-gleisdreieckpark","status":"publish","type":"post","link":"https:\/\/moeckernkiez.org\/?p=6772","title":{"rendered":"Rettet den Gleisdreieckpark!"},"content":{"rendered":"\n<p>Ein Beitrag von J\u00fcrgen Blazejczak<\/p>\n\n\n\n<p>Eine Replik auf <a href=\"https:\/\/www.mittendran.de\/eine-stimme-fuer-einen-offenen-park-gleisdreieck\/\" target=\"_blank\" rel=\"noreferrer noopener\">Hannes Koch &#8211; Eine Stimme f\u00fcr einen offenen Park am Gleisdreieck<\/a><\/p>\n\n\n\n<p><em><strong>Die Situation ist dramatisch: Der Gleisdreieckpark verkommt!<\/strong><\/em><\/p>\n\n\n\n<p>Sehr zu Recht stellt Hannes Koch fest, dass es Probleme im Gleisdreieckpark gibt, die man ernst nehmen muss. Allerdings umfasst die Liste der Probleme wesentlich mehr als die von Koch erw\u00e4hnten n\u00e4chtlichen gro\u00dfen und lauten Partys und Besch\u00e4digungen von Parkeinrichtungen: Beispielsweise werden bei gutem Wetter fast t\u00e4glich bis in die Morgenstunden elektrische Musikboxen betrieben, die Verm\u00fcllung nimmt \u00fcberhand, Parknutzer werden durch Teppiche von Glasscherben und Kronenkorken gef\u00e4hrdet, Menschen verrichten ihr Notdurft auch auf Spielpl\u00e4tzen, und nicht zuletzt ist es sogar zu Angriffen mit Steinen und Flaschen auf Polizisten gekommen.<\/p>\n\n\n\n<p>Auch handelt es sich nicht &#8211; wie Koch meint &#8211; um Probleme, die sich erst 2020 entwickelt haben; AnwohnerInnen und NutzerInnen beobachten seit einigen Jahren, dass die urspr\u00fcnglich \u00fcberragende Nutzungsqualit\u00e4t des Gleisdreiecksparks, der einmal mit dem Central Park oder der High Line in New York oder dem Hyde Park in London verglichen werden konnte, verkommt. Auch die Kriminalit\u00e4tsstatistik zeigt das in beeindruckender Weise.<\/p>\n\n\n\n<p><em><strong>Drau\u00dfen feiern schlie\u00dft nicht das Recht auf Exzesse ein.<\/strong><\/em><\/p>\n\n\n\n<p>Im Gleisdreieckpark feiern Menschen drau\u00dfen. Die allermeisten dieser Feiernden nehmen R\u00fccksicht auf andere NutzerInnen und AnwohnerInnen des Parks. Wenige setzen sich allerdings \u00fcber die Bed\u00fcrfnisse anderer hinweg, f\u00fcr sie bedeutet zu \u201efeiern\u201c Exzesse, etwa in Form von Saufspielen, bei denen mutwillig Glasflaschen zertr\u00fcmmert werden, oder durch die laute Beschallung der Parks mit Boom-Boxen bis sp\u00e4t in die Nacht, durch Hinterlassen von M\u00fcll und Zerst\u00f6rung von Parkeinrichtungen.<\/p>\n\n\n\n<p>Der Wunsch, in dieser exzessiven Weise zu feiern, kann nicht gleichrangig neben dem Bed\u00fcrfnis und Anrecht von AnwohnernInnen auf Nachtschlaf und von ParknutzerInnen auf eine unbeeintr\u00e4chtigte Nutzungsqualit\u00e4t stehen.<\/p>\n\n\n\n<p><em><strong>Genervte und frustrierte AnwohnerInnen und NutzerInnen fordern Runden Tisch.<\/strong><\/em><\/p>\n\n\n\n<p>In Reaktion auf die zunehmenden Probleme in Gleisdreieckpark hat sich im Sommer dieses Jahres eine B\u00fcrgerinitiative \u201eGemeinsam f\u00fcrs gr\u00fcne Gleisdreieck.\u201c gegr\u00fcndet. Sie hat in k\u00fcrzester Zeit rund 1.000 Unterschriften unter eine Petition gesammelt, die die Verantwortlichen auffordert, endlich wirksame Ma\u00dfnahmen zum Schutz und Erhalt des Parks zu ergreifen. Sie fordert die Durchsetzung des Berliner Gr\u00fcnanlagengesetzes und des Landesimmissionsschutzgesetzes, begleitet von einer Kampagne zur Sensibilisierung der ParkbesucherInnen sowie die Einrichtung eines Runden Tisches.<\/p>\n\n\n\n<p><em><strong>Eine Vielzahl von m\u00f6glichen Ma\u00dfnahmen stehen zur Verf\u00fcgung.<\/strong><\/em><\/p>\n\n\n\n<p>Eine Forderung, den Park nachts zu schlie\u00dfen oder ihn einzuz\u00e4unen, findet sich im Aufruf der Initiative nicht. Allerdings geh\u00f6rt es zu den bew\u00e4hrten Prinzipien von Moderationsprozessen, dass nicht von vornherein M\u00f6glichkeiten der Konfliktl\u00f6sung ausgeschlossen werden. Zu diesen M\u00f6glichkeiten geh\u00f6ren Informationen etwa \u00fcber die Parkordnung, technisch-organisatorische Ma\u00dfnahmen wie die Aufstellung von M\u00fcllbeh\u00e4ltern und Toiletten, bis hin zu Alkohol- oder Aufenthaltsverboten, durchgesetzt wenn n\u00f6tig auch durch regelm\u00e4\u00dfige Polizeipr\u00e4senz. Immer gilt dabei, dass milderen Ma\u00dfnahmen, wenn sie wirken, der Vorzug gegeben wird. Andere St\u00e4dte wie etwa Bremen, Hamburg, Konstanz und M\u00fcnchen zeigen M\u00f6glichkeiten auf, wie Exzesse einged\u00e4mmt werden k\u00f6nnen.<\/p>\n\n\n\n<p><em><strong>Ein Runder Tisch und ein aktivierter NutzerInnenbeirat k\u00f6nnen einander erg\u00e4nzen.<\/strong><\/em><\/p>\n\n\n\n<p>Hannes Koch meint, als ein Runder Tisch, wie ihn die B\u00fcrgerinitiative fordert, k\u00f6nne der NutzerInnenbeirat des Parks dienen. In der Vergangenheit hat der NutzerInnenbeirat 4- bis 5-mal pro Jahr getagt und zwar ohne Beteiligung der \u00d6ffentlichkeit. Man muss wohl auch feststellen, dass der NutzerInnenbeirat in der Vergangenheit nicht verhindern konnte, dass die Nutzungsqualit\u00e4t des Parks erodiert. Ein Runder Tisch, der professionell moderiert wird, k\u00f6nnte \u2013 auch in Zusammenarbeit mit einem aktivierten Beirat \u2013 schneller, flexibler und zielgenauer L\u00f6sungen erarbeiten, m\u00f6glicherweise auch in Zusammenarbeit mit NutzerInnengruppen, die im Beirat nicht vertreten sind. Daf\u00fcr gibt es anderswo zahlreiche erfolgreiche Beispiele.<\/p>\n\n\n\n<p><em>Der Autor J\u00fcrgen Blazejczak<\/em> <em>ist Anwohner des Gleisdreieckparks. <a href=\"\/?p=6593\">Er kandidiert f\u00fcr den NutzerInnenbeirat.<\/a><\/em><\/p>\n\n\n\n<p>Das Thema wird auch rege auf dem <a rel=\"noreferrer noopener\" href=\"https:\/\/gleisdreieck-blog.de\/2020\/09\/15\/rettet-den-gleisdreieckpark\/\" target=\"_blank\">gleisdreieck-blog.de<\/a> diskutiert und kommentiert.<\/p>\n","protected":false},"excerpt":{"rendered":"<p>Ein Beitrag von J\u00fcrgen Blazejczak Eine Replik auf Hannes Koch &#8211; Eine Stimme f\u00fcr einen offenen Park am Gleisdreieck Die&#8230;<\/p>\n","protected":false},"author":2,"featured_media":4622,"comment_status":"closed","ping_status":"closed","sticky":false,"template":"","format":"standard","meta":{"_uag_custom_page_level_css":"","iawp_total_views":23,"footnotes":""},"categories":[7],"tags":[],"class_list":["post-6772","post","type-post","status-publish","format-standard","has-post-thumbnail","hentry","category-kreuzberg","entry","rows-excerpt"],"uagb_featured_image_src":{"full":["https:\/\/moeckernkiez.org\/wp-content\/uploads\/2020\/07\/img_3773-scaled.jpg",1024,768,false],"thumbnail":["https:\/\/moeckernkiez.org\/wp-content\/uploads\/2020\/07\/img_3773-140x140.jpg",140,140,true],"medium":["https:\/\/moeckernkiez.org\/wp-content\/uploads\/2020\/07\/img_3773-350x263.jpg",350,263,true],"medium_large":["https:\/\/moeckernkiez.org\/wp-content\/uploads\/2020\/07\/img_3773-768x576.jpg",768,576,true],"large":["https:\/\/moeckernkiez.org\/wp-content\/uploads\/2020\/07\/img_3773-1024x768.jpg",1024,768,true],"1536x1536":["https:\/\/moeckernkiez.org\/wp-content\/uploads\/2020\/07\/img_3773-1536x1152.jpg",1536,1152,true],"2048x2048":["https:\/\/moeckernkiez.org\/wp-content\/uploads\/2020\/07\/img_3773-2048x1536.jpg",2048,1536,true],"awpcp-thumbnail":["https:\/\/moeckernkiez.org\/wp-content\/uploads\/2020\/07\/img_3773-scaled.jpg",167,125,false],"awpcp-featured":["https:\/\/moeckernkiez.org\/wp-content\/uploads\/2020\/07\/img_3773-scaled.jpg",267,200,false],"awpcp-featured-on-lists":["https:\/\/moeckernkiez.org\/wp-content\/uploads\/2020\/07\/img_3773-scaled.jpg",300,225,false],"awpcp-large":["https:\/\/moeckernkiez.org\/wp-content\/uploads\/2020\/07\/img_3773-scaled.jpg",640,480,false]},"uagb_author_info":{"display_name":"MB","author_link":"https:\/\/moeckernkiez.org\/?author=2"},"uagb_comment_info":0,"uagb_excerpt":"Ein Beitrag von J\u00fcrgen Blazejczak Eine Replik auf Hannes Koch &#8211; Eine Stimme f\u00fcr einen offenen Park am Gleisdreieck Die&#8230;","publishpress_future_action":{"enabled":false,"date":"2026-05-07 13:02:20","action":"change-status","newStatus":"draft","terms":[],"taxonomy":"category","extraData":[]},"publishpress_future_workflow_manual_trigger":{"enabledWorkflows":[]},"_links":{"self":[{"href":"https:\/\/moeckernkiez.org\/index.php?rest_route=\/wp\/v2\/posts\/6772","targetHints":{"allow":["GET"]}}],"collection":[{"href":"https:\/\/moeckernkiez.org\/index.php?rest_route=\/wp\/v2\/posts"}],"about":[{"href":"https:\/\/moeckernkiez.org\/index.php?rest_route=\/wp\/v2\/types\/post"}],"author":[{"embeddable":true,"href":"https:\/\/moeckernkiez.org\/index.php?rest_route=\/wp\/v2\/users\/2"}],"replies":[{"embeddable":true,"href":"https:\/\/moeckernkiez.org\/index.php?rest_route=%2Fwp%2Fv2%2Fcomments&post=6772"}],"version-history":[{"count":3,"href":"https:\/\/moeckernkiez.org\/index.php?rest_route=\/wp\/v2\/posts\/6772\/revisions"}],"predecessor-version":[{"id":6791,"href":"https:\/\/moeckernkiez.org\/index.php?rest_route=\/wp\/v2\/posts\/6772\/revisions\/6791"}],"wp:featuredmedia":[{"embeddable":true,"href":"https:\/\/moeckernkiez.org\/index.php?rest_route=\/wp\/v2\/media\/4622"}],"wp:attachment":[{"href":"https:\/\/moeckernkiez.org\/index.php?rest_route=%2Fwp%2Fv2%2Fmedia&parent=6772"}],"wp:term":[{"taxonomy":"category","embeddable":true,"href":"https:\/\/moeckernkiez.org\/index.php?rest_route=%2Fwp%2Fv2%2Fcategories&post=6772"},{"taxonomy":"post_tag","embeddable":true,"href":"https:\/\/moeckernkiez.org\/index.php?rest_route=%2Fwp%2Fv2%2Ftags&post=6772"}],"curies":[{"name":"wp","href":"https:\/\/api.w.org\/{rel}","templated":true}]}}