{"id":6593,"date":"2020-10-05T06:50:00","date_gmt":"2020-10-05T04:50:00","guid":{"rendered":"https:\/\/moeckernkiez.org\/?post_type=event&#038;p=6593"},"modified":"2020-10-06T15:08:25","modified_gmt":"2020-10-06T13:08:25","slug":"neuwahl-des-parkbeirats","status":"publish","type":"post","link":"https:\/\/moeckernkiez.org\/?p=6593","title":{"rendered":"Heute letzter Wahltag f\u00fcr den Parkbeirat"},"content":{"rendered":"\n<p><strong>Montag, 5. Oktober 2020<\/strong> <br>Wahl von 10 bis 14 Uhr <\/p>\n\n\n\n<p>Ab 18 Uhr dann feierlicher Wahlabschlussabend mit Wahlannahme und kurzer<br>Vorstellung der gew\u00e4hlten KandidatenInnen.<\/p>\n\n\n\n<p class=\"zitat\">Engagierte B\u00fcrgerInnen haben sich jahrzehntelang f\u00fcr den Park am Gleisdreieck starkgemacht und ihn politisch durchgesetzt. Damit haben alle gezeigt, dass es m\u00f6glich ist, bei der Realisierung und Gestaltung des Parks mitzureden. Der NutzerInnenbeirat bringt die Interessen verschiedener Nutzungsgruppen stellvertretend im Rahmen der Gestaltung, Nutzung und Bewirtschaftung der Parkanlagen ein. Er spricht Empfehlungen aus, regt Themen an und entwickelt L\u00f6sungsvorschl\u00e4ge. Er ist ehrenamtlich t\u00e4tig und ber\u00e4t begleitend das Parkmanagement in der Durchsetzung von Entscheidungen.<\/p>\n\n\n\n<p>Auch aus dem M\u00f6ckernkiez gibt es einen Kandidaten. J\u00fcrgen Blazejczak wird sich daf\u00fcr einsetzen, dass die \u00fcberragende Nutzungsqualit\u00e4t des Parks am Gleisdreieck f\u00fcr alle erhalten bleibt und will daran als Parkbeirat aktiv mitarbeiten. <\/p>\n\n\n\n<p>Alle Termine und Details zum Ablauf <a href=\"https:\/\/moeckernkiez.org\/?p=6586\">sind hier verlinkt&#8230;<\/a><\/p>\n\n\n\n<p>Auch sehr lesenswert:<\/p>\n\n\n\n<ul class=\"wp-block-list\"><li><a rel=\"noreferrer noopener\" href=\"\/?p=6772\" target=\"_blank\">Gastbeitrag von J\u00fcrgen Blazejczak aus dem M\u00f6ckernkiez &#8211; Rettet den Gleisdreieckpark!<\/a><\/li><li><a rel=\"noreferrer noopener\" href=\"https:\/\/gleisdreieck-blog.de\/2020\/03\/02\/rueckblick-auf-5-jahre-nutzerbeirat-vorschlaege-fuer-den-zukuenftigen-parkbeirat\/\" target=\"_blank\">R\u00fcckblick auf 5 Jahre Nutzerbeirat \u2013 Vorschl\u00e4ge f\u00fcr den zuk\u00fcnftigen Parkbeirat<\/a> <a rel=\"noreferrer noopener\" href=\"https:\/\/gleisdreieck-blog.de\/2020\/03\/02\/rueckblick-auf-5-jahre-nutzerbeirat-vorschlaege-fuer-den-zukuenftigen-parkbeirat\/\" target=\"_blank\">aus dem gleisdreieck-blog.de<\/a><\/li><\/ul>\n","protected":false},"excerpt":{"rendered":"<p>Montag, 5. Oktober 2020 Wahl von 10 bis 14 Uhr Ab 18 Uhr dann feierlicher Wahlabschlussabend mit Wahlannahme und kurzerVorstellung&#8230;<\/p>\n","protected":false},"author":2,"featured_media":6590,"comment_status":"closed","ping_status":"closed","sticky":false,"template":"","format":"standard","meta":{"_uag_custom_page_level_css":"","iawp_total_views":1,"footnotes":""},"categories":[63,7],"tags":[],"class_list":["post-6593","post","type-post","status-publish","format-standard","has-post-thumbnail","hentry","category-aktuelles","category-kreuzberg","entry","rows-excerpt"],"uagb_featured_image_src":{"full":["https:\/\/moeckernkiez.org\/wp-content\/uploads\/2020\/09\/Beiratswahl01.jpg",1024,518,false],"thumbnail":["https:\/\/moeckernkiez.org\/wp-content\/uploads\/2020\/09\/Beiratswahl01-140x140.jpg",140,140,true],"medium":["https:\/\/moeckernkiez.org\/wp-content\/uploads\/2020\/09\/Beiratswahl01-350x177.jpg",350,177,true],"medium_large":["https:\/\/moeckernkiez.org\/wp-content\/uploads\/2020\/09\/Beiratswahl01-768x389.jpg",768,389,true],"large":["https:\/\/moeckernkiez.org\/wp-content\/uploads\/2020\/09\/Beiratswahl01.jpg",1024,518,false],"1536x1536":["https:\/\/moeckernkiez.org\/wp-content\/uploads\/2020\/09\/Beiratswahl01.jpg",1024,518,false],"2048x2048":["https:\/\/moeckernkiez.org\/wp-content\/uploads\/2020\/09\/Beiratswahl01.jpg",1024,518,false],"awpcp-thumbnail":["https:\/\/moeckernkiez.org\/wp-content\/uploads\/2020\/09\/Beiratswahl01.jpg",200,101,false],"awpcp-featured":["https:\/\/moeckernkiez.org\/wp-content\/uploads\/2020\/09\/Beiratswahl01.jpg",300,152,false],"awpcp-featured-on-lists":["https:\/\/moeckernkiez.org\/wp-content\/uploads\/2020\/09\/Beiratswahl01.jpg",300,152,false],"awpcp-large":["https:\/\/moeckernkiez.org\/wp-content\/uploads\/2020\/09\/Beiratswahl01.jpg",640,324,false]},"uagb_author_info":{"display_name":"MB","author_link":"https:\/\/moeckernkiez.org\/?author=2"},"uagb_comment_info":0,"uagb_excerpt":"Montag, 5. Oktober 2020 Wahl von 10 bis 14 Uhr Ab 18 Uhr dann feierlicher Wahlabschlussabend mit Wahlannahme und kurzerVorstellung&#8230;","publishpress_future_action":{"enabled":false,"date":"2026-05-08 06:53:46","action":"change-status","newStatus":"draft","terms":[],"taxonomy":"category","extraData":[]},"publishpress_future_workflow_manual_trigger":{"enabledWorkflows":[]},"_links":{"self":[{"href":"https:\/\/moeckernkiez.org\/index.php?rest_route=\/wp\/v2\/posts\/6593","targetHints":{"allow":["GET"]}}],"collection":[{"href":"https:\/\/moeckernkiez.org\/index.php?rest_route=\/wp\/v2\/posts"}],"about":[{"href":"https:\/\/moeckernkiez.org\/index.php?rest_route=\/wp\/v2\/types\/post"}],"author":[{"embeddable":true,"href":"https:\/\/moeckernkiez.org\/index.php?rest_route=\/wp\/v2\/users\/2"}],"replies":[{"embeddable":true,"href":"https:\/\/moeckernkiez.org\/index.php?rest_route=%2Fwp%2Fv2%2Fcomments&post=6593"}],"version-history":[{"count":9,"href":"https:\/\/moeckernkiez.org\/index.php?rest_route=\/wp\/v2\/posts\/6593\/revisions"}],"predecessor-version":[{"id":7183,"href":"https:\/\/moeckernkiez.org\/index.php?rest_route=\/wp\/v2\/posts\/6593\/revisions\/7183"}],"wp:featuredmedia":[{"embeddable":true,"href":"https:\/\/moeckernkiez.org\/index.php?rest_route=\/wp\/v2\/media\/6590"}],"wp:attachment":[{"href":"https:\/\/moeckernkiez.org\/index.php?rest_route=%2Fwp%2Fv2%2Fmedia&parent=6593"}],"wp:term":[{"taxonomy":"category","embeddable":true,"href":"https:\/\/moeckernkiez.org\/index.php?rest_route=%2Fwp%2Fv2%2Fcategories&post=6593"},{"taxonomy":"post_tag","embeddable":true,"href":"https:\/\/moeckernkiez.org\/index.php?rest_route=%2Fwp%2Fv2%2Ftags&post=6593"}],"curies":[{"name":"wp","href":"https:\/\/api.w.org\/{rel}","templated":true}]}}