{"id":6544,"date":"2020-09-02T17:37:37","date_gmt":"2020-09-02T15:37:37","guid":{"rendered":"https:\/\/moeckernkiez.org\/?p=6544"},"modified":"2020-09-05T15:01:33","modified_gmt":"2020-09-05T13:01:33","slug":"zusammen-sind-wir-park-initiative-fuer-respekt-und-wertschaetzung-im-berliner-stadtgruen-startet","status":"publish","type":"post","link":"https:\/\/moeckernkiez.org\/?p=6544","title":{"rendered":"Zusammen sind wir Park \u2013 Initiative f\u00fcr Respekt und Wertsch\u00e4tzung im Berliner Stadtgr\u00fcn startet"},"content":{"rendered":"\n<p>Insgesamt sind die Themen etwas weiter gefasst, als bei den B\u00fcrgerinitiativen.<\/p>\n\n\n\n<p class=\"zitat\">Von gro\u00df bis klein. Vom Grashalm bis zur Parkanlage. Vom schmalen Kanal bis zum breiten See. Das Berliner Stadtgr\u00fcn ist wichtiger und beliebter Bestandteil des Hauptstadtbildes. Ein bewusster und nachhaltiger Umgang mit der Natur sind besonders wichtig. Darauf setzen wir unseren Fokus.<\/p>\n\n\n\n<p class=\"eingerueckt has-small-font-size\">Quelle: <a rel=\"noreferrer noopener\" href=\"https:\/\/meingruenes.berlin.de\/\" target=\"_blank\">Internetseiten der Kampagne<\/a><\/p>\n\n\n\n<div class=\"wp-block-image\"><figure class=\"alignright size-large is-resized\"><img loading=\"lazy\" decoding=\"async\" src=\"https:\/\/moeckernkiez.org\/wp-content\/uploads\/2020\/09\/zusammensindwirpark.jpg\" alt=\"\" class=\"wp-image-6545\" width=\"300\" height=\"150\" srcset=\"https:\/\/moeckernkiez.org\/wp-content\/uploads\/2020\/09\/zusammensindwirpark.jpg 540w, https:\/\/moeckernkiez.org\/wp-content\/uploads\/2020\/09\/zusammensindwirpark-350x175.jpg 350w\" sizes=\"auto, (max-width: 300px) 100vw, 300px\" \/><figcaption>Bild von Hans-Christian Plambeck <\/figcaption><\/figure><\/div>\n\n\n\n<p>Die Senatorin f\u00fcr Umwelt, Verkehr und Klimaschutz, Regine G\u00fcnther, hat heute die Initiative f\u00fcr Respekt und Wertsch\u00e4tzung im Berliner Stadtgr\u00fcn gestartet. Unter dem Motto \u201eZusammen sind wir Park\u201c zielt die Initiative auf einen r\u00fccksichtsvollen Umgang mit dem Stadtgr\u00fcn und ein gutes Miteinander in Parks und Gr\u00fcnfl\u00e4chen ab.<\/p>\n\n\n\n<p>Der gesamte Artikel ist hier der <a rel=\"noreferrer noopener\" href=\"https:\/\/www.berlin.de\/sen\/uvk\/presse\/pressemitteilungen\/2020\/pressemitteilung.984009.php\" target=\"_blank\">Pressemitteilung zu finden &#8230;<\/a><\/p>\n","protected":false},"excerpt":{"rendered":"<p>Insgesamt sind die Themen etwas weiter gefasst, als bei den B\u00fcrgerinitiativen. Von gro\u00df bis klein. Vom Grashalm bis zur Parkanlage.&#8230;<\/p>\n","protected":false},"author":2,"featured_media":6547,"comment_status":"closed","ping_status":"closed","sticky":false,"template":"","format":"standard","meta":{"_uag_custom_page_level_css":"","iawp_total_views":40,"footnotes":""},"categories":[63,7],"tags":[],"class_list":["post-6544","post","type-post","status-publish","format-standard","has-post-thumbnail","hentry","category-aktuelles","category-kreuzberg","entry","rows-excerpt"],"uagb_featured_image_src":{"full":["https:\/\/moeckernkiez.org\/wp-content\/uploads\/2020\/09\/zusammen-sind-wir-park.jpg",687,384,false],"thumbnail":["https:\/\/moeckernkiez.org\/wp-content\/uploads\/2020\/09\/zusammen-sind-wir-park-140x140.jpg",140,140,true],"medium":["https:\/\/moeckernkiez.org\/wp-content\/uploads\/2020\/09\/zusammen-sind-wir-park-350x196.jpg",350,196,true],"medium_large":["https:\/\/moeckernkiez.org\/wp-content\/uploads\/2020\/09\/zusammen-sind-wir-park.jpg",687,384,false],"large":["https:\/\/moeckernkiez.org\/wp-content\/uploads\/2020\/09\/zusammen-sind-wir-park.jpg",687,384,false],"1536x1536":["https:\/\/moeckernkiez.org\/wp-content\/uploads\/2020\/09\/zusammen-sind-wir-park.jpg",687,384,false],"2048x2048":["https:\/\/moeckernkiez.org\/wp-content\/uploads\/2020\/09\/zusammen-sind-wir-park.jpg",687,384,false],"awpcp-thumbnail":["https:\/\/moeckernkiez.org\/wp-content\/uploads\/2020\/09\/zusammen-sind-wir-park.jpg",200,112,false],"awpcp-featured":["https:\/\/moeckernkiez.org\/wp-content\/uploads\/2020\/09\/zusammen-sind-wir-park.jpg",300,168,false],"awpcp-featured-on-lists":["https:\/\/moeckernkiez.org\/wp-content\/uploads\/2020\/09\/zusammen-sind-wir-park.jpg",300,168,false],"awpcp-large":["https:\/\/moeckernkiez.org\/wp-content\/uploads\/2020\/09\/zusammen-sind-wir-park.jpg",640,358,false]},"uagb_author_info":{"display_name":"MB","author_link":"https:\/\/moeckernkiez.org\/?author=2"},"uagb_comment_info":0,"uagb_excerpt":"Insgesamt sind die Themen etwas weiter gefasst, als bei den B\u00fcrgerinitiativen. Von gro\u00df bis klein. Vom Grashalm bis zur Parkanlage.&#8230;","publishpress_future_action":{"enabled":false,"date":"2026-05-07 16:06:32","action":"change-status","newStatus":"draft","terms":[],"taxonomy":"category","extraData":[]},"publishpress_future_workflow_manual_trigger":{"enabledWorkflows":[]},"_links":{"self":[{"href":"https:\/\/moeckernkiez.org\/index.php?rest_route=\/wp\/v2\/posts\/6544","targetHints":{"allow":["GET"]}}],"collection":[{"href":"https:\/\/moeckernkiez.org\/index.php?rest_route=\/wp\/v2\/posts"}],"about":[{"href":"https:\/\/moeckernkiez.org\/index.php?rest_route=\/wp\/v2\/types\/post"}],"author":[{"embeddable":true,"href":"https:\/\/moeckernkiez.org\/index.php?rest_route=\/wp\/v2\/users\/2"}],"replies":[{"embeddable":true,"href":"https:\/\/moeckernkiez.org\/index.php?rest_route=%2Fwp%2Fv2%2Fcomments&post=6544"}],"version-history":[{"count":5,"href":"https:\/\/moeckernkiez.org\/index.php?rest_route=\/wp\/v2\/posts\/6544\/revisions"}],"predecessor-version":[{"id":6553,"href":"https:\/\/moeckernkiez.org\/index.php?rest_route=\/wp\/v2\/posts\/6544\/revisions\/6553"}],"wp:featuredmedia":[{"embeddable":true,"href":"https:\/\/moeckernkiez.org\/index.php?rest_route=\/wp\/v2\/media\/6547"}],"wp:attachment":[{"href":"https:\/\/moeckernkiez.org\/index.php?rest_route=%2Fwp%2Fv2%2Fmedia&parent=6544"}],"wp:term":[{"taxonomy":"category","embeddable":true,"href":"https:\/\/moeckernkiez.org\/index.php?rest_route=%2Fwp%2Fv2%2Fcategories&post=6544"},{"taxonomy":"post_tag","embeddable":true,"href":"https:\/\/moeckernkiez.org\/index.php?rest_route=%2Fwp%2Fv2%2Ftags&post=6544"}],"curies":[{"name":"wp","href":"https:\/\/api.w.org\/{rel}","templated":true}]}}