{"id":6304,"date":"2020-08-24T11:12:00","date_gmt":"2020-08-24T09:12:00","guid":{"rendered":"https:\/\/redaktion.moeckernkiez.org\/?p=6304"},"modified":"2020-08-22T12:05:38","modified_gmt":"2020-08-22T10:05:38","slug":"giess-den-kiez","status":"publish","type":"post","link":"https:\/\/moeckernkiez.org\/?p=6304","title":{"rendered":"Gie\u00df den Kiez"},"content":{"rendered":"\n<h2 class=\"wp-block-heading\">Die Berliner Stadtb\u00e4ume leiden unter Trockenheit und es kann geholfen werden.<\/h2>\n\n\n\n<p>\u00dcber die Plattform <a rel=\"noreferrer noopener\" href=\"https:\/\/www.giessdenkiez.de\/\" target=\"_blank\">www.giessdenkiez.de<\/a> sind die B\u00e4ume in der Nachbarschaft gelistet und es ist abzulesen welchen Wasserbedarf diese haben.<\/p>\n\n\n\n<p>Auch aus dem M\u00f6ckernkiez haben sich einige Aktive zusammen gefunden und unterst\u00fctzen das Projekt schon tatkr\u00e4ftig.<\/p>\n\n\n\n<p>Die n\u00e4chsten Termin sind:<\/p>\n\n\n\n<ul class=\"eingerueckt wp-block-list\"><li>Dienstag, 25. August 2020<br>18-20 Uhr: M\u00f6ckernstra\u00dfe \/ Hagelberger Stra\u00dfe: Von dort aus gie\u00dfen wir das &#8222;Dreieck Yorckstra\u00dfe&#8220; und den Mittelstreifen auf der Yorckstra\u00dfe<\/li><li>Donnerstag, 27. August 2020<br>18-20 Uhr: Hornstra\u00dfe\/M\u00f6ckernstra\u00dfe<\/li><\/ul>\n\n\n\n<p>Der direkte Link mit Terminen und Kontaktdaten sind <a rel=\"noreferrer noopener\" href=\"https:\/\/wechange.de\/group\/commgiess\/\" target=\"_blank\">hier zu finden<\/a> &#8211; die Organisatoren brauchen Unterst\u00fctzung.<\/p>\n","protected":false},"excerpt":{"rendered":"<p>Die Berliner Stadtb\u00e4ume leiden unter Trockenheit und es kann geholfen werden. \u00dcber die Plattform www.giessdenkiez.de sind die B\u00e4ume in der&#8230;<\/p>\n","protected":false},"author":2,"featured_media":6308,"comment_status":"closed","ping_status":"closed","sticky":false,"template":"","format":"standard","meta":{"_uag_custom_page_level_css":"","iawp_total_views":4,"footnotes":""},"categories":[1],"tags":[],"class_list":["post-6304","post","type-post","status-publish","format-standard","has-post-thumbnail","hentry","category-vermischtes","entry","rows-excerpt"],"uagb_featured_image_src":{"full":["https:\/\/moeckernkiez.org\/wp-content\/uploads\/2020\/08\/trees_1598089645-scaled.jpeg",2560,1707,false],"thumbnail":["https:\/\/moeckernkiez.org\/wp-content\/uploads\/2020\/08\/trees_1598089645-140x140.jpeg",140,140,true],"medium":["https:\/\/moeckernkiez.org\/wp-content\/uploads\/2020\/08\/trees_1598089645-350x233.jpeg",350,233,true],"medium_large":["https:\/\/moeckernkiez.org\/wp-content\/uploads\/2020\/08\/trees_1598089645-768x512.jpeg",768,512,true],"large":["https:\/\/moeckernkiez.org\/wp-content\/uploads\/2020\/08\/trees_1598089645-1024x683.jpeg",1024,683,true],"1536x1536":["https:\/\/moeckernkiez.org\/wp-content\/uploads\/2020\/08\/trees_1598089645-scaled.jpeg",1536,1024,false],"2048x2048":["https:\/\/moeckernkiez.org\/wp-content\/uploads\/2020\/08\/trees_1598089645-scaled.jpeg",2048,1366,false],"awpcp-thumbnail":["https:\/\/moeckernkiez.org\/wp-content\/uploads\/2020\/08\/trees_1598089645-scaled.jpeg",187,125,false],"awpcp-featured":["https:\/\/moeckernkiez.org\/wp-content\/uploads\/2020\/08\/trees_1598089645-scaled.jpeg",300,200,false],"awpcp-featured-on-lists":["https:\/\/moeckernkiez.org\/wp-content\/uploads\/2020\/08\/trees_1598089645-scaled.jpeg",300,200,false],"awpcp-large":["https:\/\/moeckernkiez.org\/wp-content\/uploads\/2020\/08\/trees_1598089645-scaled.jpeg",640,427,false]},"uagb_author_info":{"display_name":"MB","author_link":"https:\/\/moeckernkiez.org\/?author=2"},"uagb_comment_info":0,"uagb_excerpt":"Die Berliner Stadtb\u00e4ume leiden unter Trockenheit und es kann geholfen werden. \u00dcber die Plattform www.giessdenkiez.de sind die B\u00e4ume in der&#8230;","publishpress_future_action":{"enabled":false,"date":"2026-05-08 22:46:31","action":"change-status","newStatus":"draft","terms":[],"taxonomy":"category","extraData":[]},"publishpress_future_workflow_manual_trigger":{"enabledWorkflows":[]},"_links":{"self":[{"href":"https:\/\/moeckernkiez.org\/index.php?rest_route=\/wp\/v2\/posts\/6304","targetHints":{"allow":["GET"]}}],"collection":[{"href":"https:\/\/moeckernkiez.org\/index.php?rest_route=\/wp\/v2\/posts"}],"about":[{"href":"https:\/\/moeckernkiez.org\/index.php?rest_route=\/wp\/v2\/types\/post"}],"author":[{"embeddable":true,"href":"https:\/\/moeckernkiez.org\/index.php?rest_route=\/wp\/v2\/users\/2"}],"replies":[{"embeddable":true,"href":"https:\/\/moeckernkiez.org\/index.php?rest_route=%2Fwp%2Fv2%2Fcomments&post=6304"}],"version-history":[{"count":2,"href":"https:\/\/moeckernkiez.org\/index.php?rest_route=\/wp\/v2\/posts\/6304\/revisions"}],"predecessor-version":[{"id":6306,"href":"https:\/\/moeckernkiez.org\/index.php?rest_route=\/wp\/v2\/posts\/6304\/revisions\/6306"}],"wp:featuredmedia":[{"embeddable":true,"href":"https:\/\/moeckernkiez.org\/index.php?rest_route=\/wp\/v2\/media\/6308"}],"wp:attachment":[{"href":"https:\/\/moeckernkiez.org\/index.php?rest_route=%2Fwp%2Fv2%2Fmedia&parent=6304"}],"wp:term":[{"taxonomy":"category","embeddable":true,"href":"https:\/\/moeckernkiez.org\/index.php?rest_route=%2Fwp%2Fv2%2Fcategories&post=6304"},{"taxonomy":"post_tag","embeddable":true,"href":"https:\/\/moeckernkiez.org\/index.php?rest_route=%2Fwp%2Fv2%2Ftags&post=6304"}],"curies":[{"name":"wp","href":"https:\/\/api.w.org\/{rel}","templated":true}]}}