{"id":6126,"date":"2020-08-13T12:54:00","date_gmt":"2020-08-13T10:54:00","guid":{"rendered":"https:\/\/redaktion.moeckernkiez.org\/?post_type=event&#038;p=6126"},"modified":"2020-08-14T12:57:42","modified_gmt":"2020-08-14T10:57:42","slug":"kopie-von-down-to-earth-im-gropius-bau","status":"publish","type":"post","link":"https:\/\/moeckernkiez.org\/?p=6126","title":{"rendered":"Down to Earth im Gropius Bau"},"content":{"rendered":"<h2>Klima Kunst Diskurs unplugged<br \/>\nvom 13. August bis 14. September 2020<\/h2>\n<p class=\"plus\">Das Sommerprojekt&nbsp;<a title=\"Down to Earth\" href=\"https:\/\/www.berlinerfestspiele.de\/de\/berliner-festspiele\/programm\/bfs-gesamtprogramm\/programmdetail_309206.html\" target=\"_blank\" rel=\"noopener noreferrer\">\u201eDown to Earth\u201c<\/a>&nbsp;ist sowohl ein Ausstellungsparcours mit Objekten und Installationen im gesamten Erdgeschoss des Gropius Bau und auf dem dahinter gelegenen S\u00fcdplatz als auch der Ort f\u00fcr ein t\u00e4glich wechselndes Unplugged-Programm mit&nbsp;<a title=\"Auff\u00fchrungen, Musik, Vortr\u00e4gen und spontanen Interventionen\" href=\"https:\/\/www.berlinerfestspiele.de\/de\/immersion\/programm\/2020\/down-to-earth\/auffuehrungen.html\" target=\"_blank\" rel=\"noopener noreferrer\">Auff\u00fchrungen, Musik, Vortr\u00e4gen und spontanen Interventionen<\/a>&nbsp;sowie mit&nbsp;<a title=\"Expert*innengespr\u00e4chen und -workshops\" href=\"https:\/\/www.berlinerfestspiele.de\/de\/immersion\/programm\/2020\/down-to-earth\/expert_innen-der-praxis.html\" target=\"_blank\" rel=\"noopener noreferrer\">Expert*innengespr\u00e4chen und -workshops<\/a>.<br \/>\nUnd einem <a href=\"https:\/\/www.berlinerfestspiele.de\/de\/berliner-festspiele\/programm\/bfs-gesamtprogramm\/programmdetail_320738.html\" target=\"_blank\" rel=\"noopener noreferrer\">Repair Caf\u00e9<\/a> auf dem Parkplatz als Anlaufstelle zur Reparatur kleinerer defekter Elektro-Ger\u00e4te, die die Besucher*innen mitbringen und mit Hilfe professioneller \u201eRepairer\u201c wieder \u201eflottmachen\u201c k\u00f6nnen.<\/p>\n<p>Ort: <a href=\"https:\/\/www.openstreetmap.org\/way\/11689035#map=17\/52.50584\/13.38467\" target=\"_blank\" rel=\"noopener noreferrer\">Gropius Bau<\/a><\/p>\n","protected":false},"excerpt":{"rendered":"<p>Klima Kunst Diskurs unplugged vom 13. August bis 14. September 2020 Das Sommerprojekt&nbsp;\u201eDown to Earth\u201c&nbsp;ist sowohl ein Ausstellungsparcours mit Objekten&#8230;<\/p>\n","protected":false},"author":2,"featured_media":6124,"comment_status":"closed","ping_status":"closed","sticky":false,"template":"","format":"standard","meta":{"_uag_custom_page_level_css":"","iawp_total_views":0,"footnotes":""},"categories":[82,7],"tags":[],"class_list":["post-6126","post","type-post","status-publish","format-standard","has-post-thumbnail","hentry","category-klima","category-kreuzberg","entry","rows-excerpt"],"uagb_featured_image_src":{"full":["https:\/\/moeckernkiez.org\/wp-content\/uploads\/2020\/08\/downtoearth.png",762,505,false],"thumbnail":["https:\/\/moeckernkiez.org\/wp-content\/uploads\/2020\/08\/downtoearth-140x140.png",140,140,true],"medium":["https:\/\/moeckernkiez.org\/wp-content\/uploads\/2020\/08\/downtoearth-350x232.png",350,232,true],"medium_large":["https:\/\/moeckernkiez.org\/wp-content\/uploads\/2020\/08\/downtoearth.png",762,505,false],"large":["https:\/\/moeckernkiez.org\/wp-content\/uploads\/2020\/08\/downtoearth.png",762,505,false],"1536x1536":["https:\/\/moeckernkiez.org\/wp-content\/uploads\/2020\/08\/downtoearth.png",762,505,false],"2048x2048":["https:\/\/moeckernkiez.org\/wp-content\/uploads\/2020\/08\/downtoearth.png",762,505,false],"awpcp-thumbnail":["https:\/\/moeckernkiez.org\/wp-content\/uploads\/2020\/08\/downtoearth.png",189,125,false],"awpcp-featured":["https:\/\/moeckernkiez.org\/wp-content\/uploads\/2020\/08\/downtoearth.png",300,200,false],"awpcp-featured-on-lists":["https:\/\/moeckernkiez.org\/wp-content\/uploads\/2020\/08\/downtoearth.png",300,199,false],"awpcp-large":["https:\/\/moeckernkiez.org\/wp-content\/uploads\/2020\/08\/downtoearth.png",640,424,false]},"uagb_author_info":{"display_name":"MB","author_link":"https:\/\/moeckernkiez.org\/?author=2"},"uagb_comment_info":0,"uagb_excerpt":"Klima Kunst Diskurs unplugged vom 13. August bis 14. September 2020 Das Sommerprojekt&nbsp;\u201eDown to Earth\u201c&nbsp;ist sowohl ein Ausstellungsparcours mit Objekten&#8230;","publishpress_future_action":{"enabled":false,"date":"2026-05-07 11:53:35","action":"change-status","newStatus":"draft","terms":[],"taxonomy":"category","extraData":[]},"publishpress_future_workflow_manual_trigger":{"enabledWorkflows":[]},"_links":{"self":[{"href":"https:\/\/moeckernkiez.org\/index.php?rest_route=\/wp\/v2\/posts\/6126","targetHints":{"allow":["GET"]}}],"collection":[{"href":"https:\/\/moeckernkiez.org\/index.php?rest_route=\/wp\/v2\/posts"}],"about":[{"href":"https:\/\/moeckernkiez.org\/index.php?rest_route=\/wp\/v2\/types\/post"}],"author":[{"embeddable":true,"href":"https:\/\/moeckernkiez.org\/index.php?rest_route=\/wp\/v2\/users\/2"}],"replies":[{"embeddable":true,"href":"https:\/\/moeckernkiez.org\/index.php?rest_route=%2Fwp%2Fv2%2Fcomments&post=6126"}],"version-history":[{"count":4,"href":"https:\/\/moeckernkiez.org\/index.php?rest_route=\/wp\/v2\/posts\/6126\/revisions"}],"predecessor-version":[{"id":6133,"href":"https:\/\/moeckernkiez.org\/index.php?rest_route=\/wp\/v2\/posts\/6126\/revisions\/6133"}],"wp:featuredmedia":[{"embeddable":true,"href":"https:\/\/moeckernkiez.org\/index.php?rest_route=\/wp\/v2\/media\/6124"}],"wp:attachment":[{"href":"https:\/\/moeckernkiez.org\/index.php?rest_route=%2Fwp%2Fv2%2Fmedia&parent=6126"}],"wp:term":[{"taxonomy":"category","embeddable":true,"href":"https:\/\/moeckernkiez.org\/index.php?rest_route=%2Fwp%2Fv2%2Fcategories&post=6126"},{"taxonomy":"post_tag","embeddable":true,"href":"https:\/\/moeckernkiez.org\/index.php?rest_route=%2Fwp%2Fv2%2Ftags&post=6126"}],"curies":[{"name":"wp","href":"https:\/\/api.w.org\/{rel}","templated":true}]}}