{"id":6007,"date":"2020-08-10T22:13:44","date_gmt":"2020-08-10T20:13:44","guid":{"rendered":"https:\/\/redaktion.moeckernkiez.org\/?p=6007"},"modified":"2020-08-10T22:33:21","modified_gmt":"2020-08-10T20:33:21","slug":"kuscheliger-schulstart-50-cm-sind-die-neuen-15-m","status":"publish","type":"post","link":"https:\/\/moeckernkiez.org\/?p=6007","title":{"rendered":"Kuscheliger Schulstart &#8211; 50 cm sind die neuen 1,5 m"},"content":{"rendered":"\n<p class=\"zitat\">Das Direktorium der Adolf-Glassbrenner-Schule schreibt: <br>Das neue Schuljahr startet unter der\u00a0weiterhin bestehenden Corona-Situation, was uns auch zuk\u00fcnftig vor besondere Herausforderungen stellen wird.<\/p>\n\n\n\n<p>Am ersten Schultag waren die Schulkinder bestens ger\u00fcstet. Durchwegs mit Gesichtsmasken ausgestattet.<br>Doch es war nicht einfach f\u00fcr die Sch\u00fclerInnen unter Einhaltung der Corona Regeln \u00fcberhaupt auf das Schulgel\u00e4nde zu kommen. Die M\u00fctter und V\u00e4ter, ohne Masken, waren untereinander so erfreut sich wieder zu treffen, dass sich eine Menschentraube &#8222;schnackender&#8220; Erwachsenen vor dem Eingang zum Schulhof bildete &#8211; kaum ein abstandeinhaltendes Durchkommen m\u00f6glich, trotz Polizeipr\u00e4senz.<\/p>\n\n\n\n<p>Sandra Scheeres, die Senatorin f\u00fcr Bildung, Jugend und Familie, schrieb im Elternbrief:<\/p>\n\n\n\n<p class=\"zitat\">Ihr Kind hat ein Recht auf Bildung und pers\u00f6nliche Entwicklung, auf gute Zukunftschancen. Daran arbeiten wir auch in Corona-Zeiten, mit Ihnen und dem gesamten Schulpersonal. Es kann sein, dass es dabei an Ihrer Schule in diesem Schuljahr \u201eruckelt\u201c, die Pandemie wieder mehr Lernen zu Hause oder im Notfall sogar die zeitweise Schlie\u00dfung von einzelnen Klassen oder einzelnen Schulen notwendig macht. F\u00fcr diesen<br>Fall bitte ich schon jetzt um Ihr Verst\u00e4ndnis, Ihre Geduld und Ihren Pragmatismus. Wir k\u00f6nnen heute noch nicht wissen, wie sich das Infektionsgeschehen in Zukunft entwickeln wird. Daher m\u00fcssen wir gemeinsam alles unternehmen, um Infektionsketten zu unterbrechen und sowohl die Bildung als auch die Gesundheit unserer Kinder im Blick zu behalten.<\/p>\n\n\n\n<p class=\"quelle\"><a href=\"https:\/\/www.adolf-glassbrenner-schule.de\/wp-content\/uploads\/2020\/08\/Elternbrief-Senatorin-Scheeres-zum-Schulstart-20-21.pdf\" target=\"_blank\" rel=\"noreferrer noopener\">www.adolf-glassbrenner-schule.de<\/a><\/p>\n\n\n\n<p>Hoffentlich gelingt das.<\/p>\n","protected":false},"excerpt":{"rendered":"<p>Das Direktorium der Adolf-Glassbrenner-Schule schreibt: Das neue Schuljahr startet unter der\u00a0weiterhin bestehenden Corona-Situation, was uns auch zuk\u00fcnftig vor besondere Herausforderungen&#8230;<\/p>\n","protected":false},"author":2,"featured_media":6018,"comment_status":"closed","ping_status":"closed","sticky":false,"template":"","format":"standard","meta":{"_uag_custom_page_level_css":"","iawp_total_views":3,"footnotes":""},"categories":[1],"tags":[],"class_list":["post-6007","post","type-post","status-publish","format-standard","has-post-thumbnail","hentry","category-vermischtes","entry","rows-excerpt"],"uagb_featured_image_src":{"full":["https:\/\/moeckernkiez.org\/wp-content\/uploads\/2020\/08\/20-08-10-07-55-45-4076-3-1.jpg",1024,611,false],"thumbnail":["https:\/\/moeckernkiez.org\/wp-content\/uploads\/2020\/08\/20-08-10-07-55-45-4076-3-1-140x140.jpg",140,140,true],"medium":["https:\/\/moeckernkiez.org\/wp-content\/uploads\/2020\/08\/20-08-10-07-55-45-4076-3-1-350x209.jpg",350,209,true],"medium_large":["https:\/\/moeckernkiez.org\/wp-content\/uploads\/2020\/08\/20-08-10-07-55-45-4076-3-1-768x458.jpg",768,458,true],"large":["https:\/\/moeckernkiez.org\/wp-content\/uploads\/2020\/08\/20-08-10-07-55-45-4076-3-1.jpg",1024,611,false],"1536x1536":["https:\/\/moeckernkiez.org\/wp-content\/uploads\/2020\/08\/20-08-10-07-55-45-4076-3-1.jpg",1024,611,false],"2048x2048":["https:\/\/moeckernkiez.org\/wp-content\/uploads\/2020\/08\/20-08-10-07-55-45-4076-3-1.jpg",1024,611,false],"awpcp-thumbnail":["https:\/\/moeckernkiez.org\/wp-content\/uploads\/2020\/08\/20-08-10-07-55-45-4076-3-1.jpg",200,119,false],"awpcp-featured":["https:\/\/moeckernkiez.org\/wp-content\/uploads\/2020\/08\/20-08-10-07-55-45-4076-3-1.jpg",300,179,false],"awpcp-featured-on-lists":["https:\/\/moeckernkiez.org\/wp-content\/uploads\/2020\/08\/20-08-10-07-55-45-4076-3-1.jpg",300,179,false],"awpcp-large":["https:\/\/moeckernkiez.org\/wp-content\/uploads\/2020\/08\/20-08-10-07-55-45-4076-3-1.jpg",640,382,false]},"uagb_author_info":{"display_name":"MB","author_link":"https:\/\/moeckernkiez.org\/?author=2"},"uagb_comment_info":0,"uagb_excerpt":"Das Direktorium der Adolf-Glassbrenner-Schule schreibt: Das neue Schuljahr startet unter der\u00a0weiterhin bestehenden Corona-Situation, was uns auch zuk\u00fcnftig vor besondere Herausforderungen&#8230;","publishpress_future_action":{"enabled":false,"date":"2026-05-08 22:44:24","action":"change-status","newStatus":"draft","terms":[],"taxonomy":"category","extraData":[]},"publishpress_future_workflow_manual_trigger":{"enabledWorkflows":[]},"_links":{"self":[{"href":"https:\/\/moeckernkiez.org\/index.php?rest_route=\/wp\/v2\/posts\/6007","targetHints":{"allow":["GET"]}}],"collection":[{"href":"https:\/\/moeckernkiez.org\/index.php?rest_route=\/wp\/v2\/posts"}],"about":[{"href":"https:\/\/moeckernkiez.org\/index.php?rest_route=\/wp\/v2\/types\/post"}],"author":[{"embeddable":true,"href":"https:\/\/moeckernkiez.org\/index.php?rest_route=\/wp\/v2\/users\/2"}],"replies":[{"embeddable":true,"href":"https:\/\/moeckernkiez.org\/index.php?rest_route=%2Fwp%2Fv2%2Fcomments&post=6007"}],"version-history":[{"count":8,"href":"https:\/\/moeckernkiez.org\/index.php?rest_route=\/wp\/v2\/posts\/6007\/revisions"}],"predecessor-version":[{"id":6020,"href":"https:\/\/moeckernkiez.org\/index.php?rest_route=\/wp\/v2\/posts\/6007\/revisions\/6020"}],"wp:featuredmedia":[{"embeddable":true,"href":"https:\/\/moeckernkiez.org\/index.php?rest_route=\/wp\/v2\/media\/6018"}],"wp:attachment":[{"href":"https:\/\/moeckernkiez.org\/index.php?rest_route=%2Fwp%2Fv2%2Fmedia&parent=6007"}],"wp:term":[{"taxonomy":"category","embeddable":true,"href":"https:\/\/moeckernkiez.org\/index.php?rest_route=%2Fwp%2Fv2%2Fcategories&post=6007"},{"taxonomy":"post_tag","embeddable":true,"href":"https:\/\/moeckernkiez.org\/index.php?rest_route=%2Fwp%2Fv2%2Ftags&post=6007"}],"curies":[{"name":"wp","href":"https:\/\/api.w.org\/{rel}","templated":true}]}}