{"id":5835,"date":"2020-08-06T08:47:00","date_gmt":"2020-08-06T06:47:00","guid":{"rendered":"https:\/\/redaktion.moeckernkiez.org\/?p=5835"},"modified":"2020-08-05T18:00:12","modified_gmt":"2020-08-05T16:00:12","slug":"rathausblock-digitales-forum-und-ausstellung","status":"publish","type":"post","link":"https:\/\/moeckernkiez.org\/?p=5835","title":{"rendered":"Rathausblock &#8211; Digitales Forum und Ausstellung"},"content":{"rendered":"\n<p>Der st\u00e4dtebauliche Entwurf f\u00fcr das Dragonerareal und angrenzende Bereiche wird aktuell \u00fcberarbeitet. Interessierte sind herzlich eingeladen gemeinsam mit dem Planungsteam offene Fragen zu diskutieren. Die Diskussions-Veranstaltung findet online statt<\/p>\n\n\n\n<p>Die Videokonferenz startet am\u00a011. August von 18-19:30 Uhr.<br>Das Planungsteam\u00a0SMAQ\u00a0Architektur und Stadt I\u00a0MML\u00a0I Barbara Schindler wird den aktuellen Stand der \u00dcberarbeitung vorstellen. <br>Die Pl\u00e4tze zum Mitdiskutieren sind aus technischen Gr\u00fcnden begrenzt. <br>Bitte bis zum 09. August \u00fcber\u00a0<a href=\"mailto:rathausblock@zebralog.de\">rathausblock@zebralog.de<\/a>\u00a0anmelden.<\/p>\n\n\n\n<p class=\"linkbutton\">Alle Informationen zur Teilnahme auf <a rel=\"noreferrer noopener\" href=\"https:\/\/www.berlin.de\/rathausblock-fk\/zusammenarbeit\/gremien\/forum-rathausblock\/artikel.938094.php\" target=\"_blank\">den Seiten des Rathausblocks &#8230;<\/a><\/p>\n\n\n\n<h3 class=\"wp-block-heading\">Man kann sich auch vor Ort informieren und Feedack hinterlassen. Bereits ab Freitag, 07. August werden die Pl\u00e4ne und Plakate auf dem Dragonerareal ausgestellt. Dort k\u00f6nnen Sie auch pers\u00f6nlich mit Personen aus dem Modellprojekt ins Gespr\u00e4ch kommen.<\/h3>\n","protected":false},"excerpt":{"rendered":"<p>Der st\u00e4dtebauliche Entwurf f\u00fcr das Dragonerareal und angrenzende Bereiche wird aktuell \u00fcberarbeitet. Interessierte sind herzlich eingeladen gemeinsam mit dem Planungsteam&#8230;<\/p>\n","protected":false},"author":2,"featured_media":5836,"comment_status":"closed","ping_status":"closed","sticky":false,"template":"","format":"standard","meta":{"_uag_custom_page_level_css":"","iawp_total_views":6,"footnotes":""},"categories":[7,1],"tags":[],"class_list":["post-5835","post","type-post","status-publish","format-standard","has-post-thumbnail","hentry","category-kreuzberg","category-vermischtes","entry","rows-excerpt"],"uagb_featured_image_src":{"full":["https:\/\/moeckernkiez.org\/wp-content\/uploads\/2020\/08\/Rathausblock-2020-08-05-17-33-20.png",1024,515,false],"thumbnail":["https:\/\/moeckernkiez.org\/wp-content\/uploads\/2020\/08\/Rathausblock-2020-08-05-17-33-20-140x140.png",140,140,true],"medium":["https:\/\/moeckernkiez.org\/wp-content\/uploads\/2020\/08\/Rathausblock-2020-08-05-17-33-20-350x176.png",350,176,true],"medium_large":["https:\/\/moeckernkiez.org\/wp-content\/uploads\/2020\/08\/Rathausblock-2020-08-05-17-33-20-768x386.png",768,386,true],"large":["https:\/\/moeckernkiez.org\/wp-content\/uploads\/2020\/08\/Rathausblock-2020-08-05-17-33-20.png",1024,515,false],"1536x1536":["https:\/\/moeckernkiez.org\/wp-content\/uploads\/2020\/08\/Rathausblock-2020-08-05-17-33-20.png",1024,515,false],"2048x2048":["https:\/\/moeckernkiez.org\/wp-content\/uploads\/2020\/08\/Rathausblock-2020-08-05-17-33-20.png",1024,515,false],"awpcp-thumbnail":["https:\/\/moeckernkiez.org\/wp-content\/uploads\/2020\/08\/Rathausblock-2020-08-05-17-33-20.png",200,101,false],"awpcp-featured":["https:\/\/moeckernkiez.org\/wp-content\/uploads\/2020\/08\/Rathausblock-2020-08-05-17-33-20.png",300,151,false],"awpcp-featured-on-lists":["https:\/\/moeckernkiez.org\/wp-content\/uploads\/2020\/08\/Rathausblock-2020-08-05-17-33-20.png",300,151,false],"awpcp-large":["https:\/\/moeckernkiez.org\/wp-content\/uploads\/2020\/08\/Rathausblock-2020-08-05-17-33-20.png",640,322,false]},"uagb_author_info":{"display_name":"MB","author_link":"https:\/\/moeckernkiez.org\/?author=2"},"uagb_comment_info":0,"uagb_excerpt":"Der st\u00e4dtebauliche Entwurf f\u00fcr das Dragonerareal und angrenzende Bereiche wird aktuell \u00fcberarbeitet. Interessierte sind herzlich eingeladen gemeinsam mit dem Planungsteam&#8230;","publishpress_future_action":{"enabled":false,"date":"2026-05-10 12:47:11","action":"change-status","newStatus":"draft","terms":[],"taxonomy":"category","extraData":[]},"publishpress_future_workflow_manual_trigger":{"enabledWorkflows":[]},"_links":{"self":[{"href":"https:\/\/moeckernkiez.org\/index.php?rest_route=\/wp\/v2\/posts\/5835","targetHints":{"allow":["GET"]}}],"collection":[{"href":"https:\/\/moeckernkiez.org\/index.php?rest_route=\/wp\/v2\/posts"}],"about":[{"href":"https:\/\/moeckernkiez.org\/index.php?rest_route=\/wp\/v2\/types\/post"}],"author":[{"embeddable":true,"href":"https:\/\/moeckernkiez.org\/index.php?rest_route=\/wp\/v2\/users\/2"}],"replies":[{"embeddable":true,"href":"https:\/\/moeckernkiez.org\/index.php?rest_route=%2Fwp%2Fv2%2Fcomments&post=5835"}],"version-history":[{"count":6,"href":"https:\/\/moeckernkiez.org\/index.php?rest_route=\/wp\/v2\/posts\/5835\/revisions"}],"predecessor-version":[{"id":5842,"href":"https:\/\/moeckernkiez.org\/index.php?rest_route=\/wp\/v2\/posts\/5835\/revisions\/5842"}],"wp:featuredmedia":[{"embeddable":true,"href":"https:\/\/moeckernkiez.org\/index.php?rest_route=\/wp\/v2\/media\/5836"}],"wp:attachment":[{"href":"https:\/\/moeckernkiez.org\/index.php?rest_route=%2Fwp%2Fv2%2Fmedia&parent=5835"}],"wp:term":[{"taxonomy":"category","embeddable":true,"href":"https:\/\/moeckernkiez.org\/index.php?rest_route=%2Fwp%2Fv2%2Fcategories&post=5835"},{"taxonomy":"post_tag","embeddable":true,"href":"https:\/\/moeckernkiez.org\/index.php?rest_route=%2Fwp%2Fv2%2Ftags&post=5835"}],"curies":[{"name":"wp","href":"https:\/\/api.w.org\/{rel}","templated":true}]}}