{"id":5592,"date":"2020-08-03T08:47:33","date_gmt":"2020-08-03T06:47:33","guid":{"rendered":"https:\/\/redaktion.moeckernkiez.org\/?p=5592"},"modified":"2020-08-03T11:02:27","modified_gmt":"2020-08-03T09:02:27","slug":"verdoppelung-des-fahrradverkehrs-an-der-yorckstrasse","status":"publish","type":"post","link":"https:\/\/moeckernkiez.org\/?p=5592","title":{"rendered":"Verdoppelung des Fahrradverkehrs an der Yorckstra\u00dfe?"},"content":{"rendered":"\n<p>Die Zahl der Fahrradfahrer in Berlin hat laut rbb24.de im Juni 2020 im Vergleich zum Vorjahr um 26,5 % zugenommen. Doch so im direkten Vergleich scheint \u00fcbersehen worden zu sein, dass die Yorckstra\u00dfe im letzten Jahr eine gro\u00dfe Baustelle war &#8230; im Vergleich zu 2018 kann man wenigstens f\u00fcr die Yorckstra\u00dfe keine Verdoppelung verzeichnen.<\/p>\n\n\n\n<p class=\"zitat\">Jeweils mehr als verdoppelt hat sich der Radverkehr an der Yorckstra\u00dfe (+115 Prozent) sowie an der Invalidenstra\u00dfe (+ 109 Prozent). Lediglich am Kaisersteg wurde 0,8 Prozent weniger R\u00e4der als im Vorjahresmonat gez\u00e4hlt. Am Paul-und-Paula-Uferweg (+2,4 Prozent) und am Maybachufer (+ 5 Prozent) blieb der Zuwachs einstellig.<\/p>\n\n\n\n<p class=\"quelle\">Weitere Informationen und die komplette Bewertung der Zahlen <a href=\"https:\/\/www.rbb24.de\/panorama\/thema\/2020\/coronavirus\/beitraege_neu\/2020\/07\/fahrrad-radverkehr-verkehrsaufkommen-kfz-berlin-sommer.html\" target=\"_blank\" rel=\"noreferrer noopener\">hier bei rbb24.de<\/a><\/p>\n\n\n\n<p>Sehr interessant ist die Information, dass es unter den Yorckbr\u00fccken eine richtige Messstelle gibt. Tagesgenaue Zahlen der <a rel=\"noreferrer noopener\" href=\"http:\/\/www.eco-public.com\/public2\/?id=100033038\" target=\"_blank\">Messstelle an der Yorckstra\u00dfe sind hier abzulesen<\/a><\/p>\n","protected":false},"excerpt":{"rendered":"<p>Die Zahl der Fahrradfahrer in Berlin hat laut rbb24.de im Juni 2020 im Vergleich zum Vorjahr um 26,5 % zugenommen.&#8230;<\/p>\n","protected":false},"author":2,"featured_media":5601,"comment_status":"closed","ping_status":"closed","sticky":false,"template":"","format":"standard","meta":{"_uag_custom_page_level_css":"","iawp_total_views":0,"footnotes":""},"categories":[63,7,1],"tags":[],"class_list":["post-5592","post","type-post","status-publish","format-standard","has-post-thumbnail","hentry","category-aktuelles","category-kreuzberg","category-vermischtes","entry","rows-excerpt"],"uagb_featured_image_src":{"full":["https:\/\/moeckernkiez.org\/wp-content\/uploads\/2020\/08\/20-07-03-19-48-41-3697-2.jpg",1024,448,false],"thumbnail":["https:\/\/moeckernkiez.org\/wp-content\/uploads\/2020\/08\/20-07-03-19-48-41-3697-2-140x140.jpg",140,140,true],"medium":["https:\/\/moeckernkiez.org\/wp-content\/uploads\/2020\/08\/20-07-03-19-48-41-3697-2-350x153.jpg",350,153,true],"medium_large":["https:\/\/moeckernkiez.org\/wp-content\/uploads\/2020\/08\/20-07-03-19-48-41-3697-2-768x336.jpg",768,336,true],"large":["https:\/\/moeckernkiez.org\/wp-content\/uploads\/2020\/08\/20-07-03-19-48-41-3697-2.jpg",1024,448,false],"1536x1536":["https:\/\/moeckernkiez.org\/wp-content\/uploads\/2020\/08\/20-07-03-19-48-41-3697-2.jpg",1024,448,false],"2048x2048":["https:\/\/moeckernkiez.org\/wp-content\/uploads\/2020\/08\/20-07-03-19-48-41-3697-2.jpg",1024,448,false],"awpcp-thumbnail":["https:\/\/moeckernkiez.org\/wp-content\/uploads\/2020\/08\/20-07-03-19-48-41-3697-2.jpg",200,88,false],"awpcp-featured":["https:\/\/moeckernkiez.org\/wp-content\/uploads\/2020\/08\/20-07-03-19-48-41-3697-2.jpg",300,131,false],"awpcp-featured-on-lists":["https:\/\/moeckernkiez.org\/wp-content\/uploads\/2020\/08\/20-07-03-19-48-41-3697-2.jpg",300,131,false],"awpcp-large":["https:\/\/moeckernkiez.org\/wp-content\/uploads\/2020\/08\/20-07-03-19-48-41-3697-2.jpg",640,280,false]},"uagb_author_info":{"display_name":"MB","author_link":"https:\/\/moeckernkiez.org\/?author=2"},"uagb_comment_info":0,"uagb_excerpt":"Die Zahl der Fahrradfahrer in Berlin hat laut rbb24.de im Juni 2020 im Vergleich zum Vorjahr um 26,5 % zugenommen.&#8230;","publishpress_future_action":{"enabled":false,"date":"2026-05-08 22:55:29","action":"change-status","newStatus":"draft","terms":[],"taxonomy":"category","extraData":[]},"publishpress_future_workflow_manual_trigger":{"enabledWorkflows":[]},"_links":{"self":[{"href":"https:\/\/moeckernkiez.org\/index.php?rest_route=\/wp\/v2\/posts\/5592","targetHints":{"allow":["GET"]}}],"collection":[{"href":"https:\/\/moeckernkiez.org\/index.php?rest_route=\/wp\/v2\/posts"}],"about":[{"href":"https:\/\/moeckernkiez.org\/index.php?rest_route=\/wp\/v2\/types\/post"}],"author":[{"embeddable":true,"href":"https:\/\/moeckernkiez.org\/index.php?rest_route=\/wp\/v2\/users\/2"}],"replies":[{"embeddable":true,"href":"https:\/\/moeckernkiez.org\/index.php?rest_route=%2Fwp%2Fv2%2Fcomments&post=5592"}],"version-history":[{"count":10,"href":"https:\/\/moeckernkiez.org\/index.php?rest_route=\/wp\/v2\/posts\/5592\/revisions"}],"predecessor-version":[{"id":5629,"href":"https:\/\/moeckernkiez.org\/index.php?rest_route=\/wp\/v2\/posts\/5592\/revisions\/5629"}],"wp:featuredmedia":[{"embeddable":true,"href":"https:\/\/moeckernkiez.org\/index.php?rest_route=\/wp\/v2\/media\/5601"}],"wp:attachment":[{"href":"https:\/\/moeckernkiez.org\/index.php?rest_route=%2Fwp%2Fv2%2Fmedia&parent=5592"}],"wp:term":[{"taxonomy":"category","embeddable":true,"href":"https:\/\/moeckernkiez.org\/index.php?rest_route=%2Fwp%2Fv2%2Fcategories&post=5592"},{"taxonomy":"post_tag","embeddable":true,"href":"https:\/\/moeckernkiez.org\/index.php?rest_route=%2Fwp%2Fv2%2Ftags&post=5592"}],"curies":[{"name":"wp","href":"https:\/\/api.w.org\/{rel}","templated":true}]}}