{"id":5515,"date":"2020-08-01T16:16:37","date_gmt":"2020-08-01T14:16:37","guid":{"rendered":"https:\/\/redaktion.moeckernkiez.org\/?p=5515"},"modified":"2020-08-16T17:49:54","modified_gmt":"2020-08-16T15:49:54","slug":"buergerinitiative-gemeinsam-im-gruenen-gleisdreieck-gegruendet","status":"publish","type":"post","link":"https:\/\/moeckernkiez.org\/?p=5515","title":{"rendered":"B\u00fcrgerinitiative \u201eGemeinsam im gr\u00fcnen Gleisdreieck\u201c gegr\u00fcndet"},"content":{"rendered":"\n<p class=\"zitat\">Das zweite Abendtreffen der engagierten AnwohnerInnen f\u00fcr den Schutz des Gleisdreieckparks wurde am Donnerstag von drei\u00dfig Personen im Caf\u00e9 Eule wahrgenommen und dauerte zwei Stunden. Zur Mittagszeit hatten bereits 15 Mitglieder der Initiative ein Kamerateam vom Sender rbb durch den West- und den Ostpark gef\u00fchrt <br>&#8230; <a rel=\"noreferrer noopener\" href=\"https:\/\/www.rbb-online.de\/abendschau\/videos\/20200802_1930\/partymeile-park-am-gleisdreieck.html\" target=\"_blank\">rbb Abendschau Beitrag hier im Link<\/a><br><br>Das Ziel aller Bem\u00fchungen soll am Ende ein Runder Tisch mit PolitikerInnen sein. Gew\u00fcnscht wird die Durchsetzung der bestehenden Parkregeln und eine verbesserte Toilettensituation. <br><a rel=\"noreferrer noopener\" href=\"https:\/\/www.mittendran.de\/buergerinitiative-gemeinsam-im-gruenen-gleisdreieck-gegruendet\/\" target=\"_blank\">Hier den gesamten Artikel auf www.mittendran.de lesen und kommentieren &#8230;<\/a><\/p>\n\n\n\n<p>Einige Aktive aus dem M\u00f6ckernkiez sind mit dabei und vertreten den Standpunkt der Anwohner.<br>N\u00e4chstes Treffen: Donnerstag, 13. August 2020 um 18:45 Uhr<br>Ort: Caf\u00e9 Eule im Gleisdreieck-Westpark.<\/p>\n\n\n\n<p class=\"linkbutton entry-content\">Weitere Informationen zur B\u00fcrgerinitiative auf:<br> <a rel=\"noreferrer noopener\" href=\"http:\/\/www.gleisdreieck-blog.de\" target=\"_blank\">www.gleisdreieck-blog.de<\/a> | <a rel=\"noreferrer noopener\" href=\"http:\/\/www.mittendran.de\" target=\"_blank\">www.mittendran.de<\/a><\/p>\n","protected":false},"excerpt":{"rendered":"<p>Das zweite Abendtreffen der engagierten AnwohnerInnen f\u00fcr den Schutz des Gleisdreieckparks wurde am Donnerstag von drei\u00dfig Personen im Caf\u00e9 Eule&#8230;<\/p>\n","protected":false},"author":2,"featured_media":5587,"comment_status":"closed","ping_status":"closed","sticky":false,"template":"","format":"standard","meta":{"_uag_custom_page_level_css":"","iawp_total_views":12,"footnotes":""},"categories":[7,5,1],"tags":[],"class_list":["post-5515","post","type-post","status-publish","format-standard","has-post-thumbnail","hentry","category-kreuzberg","category-moeckernkiez","category-vermischtes","entry","rows-excerpt"],"uagb_featured_image_src":{"full":["https:\/\/moeckernkiez.org\/wp-content\/uploads\/2020\/08\/GemeinsamGleisdreieck.jpg",1024,768,false],"thumbnail":["https:\/\/moeckernkiez.org\/wp-content\/uploads\/2020\/08\/GemeinsamGleisdreieck-140x140.jpg",140,140,true],"medium":["https:\/\/moeckernkiez.org\/wp-content\/uploads\/2020\/08\/GemeinsamGleisdreieck-350x263.jpg",350,263,true],"medium_large":["https:\/\/moeckernkiez.org\/wp-content\/uploads\/2020\/08\/GemeinsamGleisdreieck-768x576.jpg",768,576,true],"large":["https:\/\/moeckernkiez.org\/wp-content\/uploads\/2020\/08\/GemeinsamGleisdreieck.jpg",1024,768,false],"1536x1536":["https:\/\/moeckernkiez.org\/wp-content\/uploads\/2020\/08\/GemeinsamGleisdreieck.jpg",1024,768,false],"2048x2048":["https:\/\/moeckernkiez.org\/wp-content\/uploads\/2020\/08\/GemeinsamGleisdreieck.jpg",1024,768,false],"awpcp-thumbnail":["https:\/\/moeckernkiez.org\/wp-content\/uploads\/2020\/08\/GemeinsamGleisdreieck.jpg",167,125,false],"awpcp-featured":["https:\/\/moeckernkiez.org\/wp-content\/uploads\/2020\/08\/GemeinsamGleisdreieck.jpg",267,200,false],"awpcp-featured-on-lists":["https:\/\/moeckernkiez.org\/wp-content\/uploads\/2020\/08\/GemeinsamGleisdreieck.jpg",300,225,false],"awpcp-large":["https:\/\/moeckernkiez.org\/wp-content\/uploads\/2020\/08\/GemeinsamGleisdreieck.jpg",640,480,false]},"uagb_author_info":{"display_name":"MB","author_link":"https:\/\/moeckernkiez.org\/?author=2"},"uagb_comment_info":0,"uagb_excerpt":"Das zweite Abendtreffen der engagierten AnwohnerInnen f\u00fcr den Schutz des Gleisdreieckparks wurde am Donnerstag von drei\u00dfig Personen im Caf\u00e9 Eule&#8230;","publishpress_future_action":{"enabled":false,"date":"2026-05-08 02:14:22","action":"change-status","newStatus":"draft","terms":[],"taxonomy":"category","extraData":[]},"publishpress_future_workflow_manual_trigger":{"enabledWorkflows":[]},"_links":{"self":[{"href":"https:\/\/moeckernkiez.org\/index.php?rest_route=\/wp\/v2\/posts\/5515","targetHints":{"allow":["GET"]}}],"collection":[{"href":"https:\/\/moeckernkiez.org\/index.php?rest_route=\/wp\/v2\/posts"}],"about":[{"href":"https:\/\/moeckernkiez.org\/index.php?rest_route=\/wp\/v2\/types\/post"}],"author":[{"embeddable":true,"href":"https:\/\/moeckernkiez.org\/index.php?rest_route=\/wp\/v2\/users\/2"}],"replies":[{"embeddable":true,"href":"https:\/\/moeckernkiez.org\/index.php?rest_route=%2Fwp%2Fv2%2Fcomments&post=5515"}],"version-history":[{"count":10,"href":"https:\/\/moeckernkiez.org\/index.php?rest_route=\/wp\/v2\/posts\/5515\/revisions"}],"predecessor-version":[{"id":5887,"href":"https:\/\/moeckernkiez.org\/index.php?rest_route=\/wp\/v2\/posts\/5515\/revisions\/5887"}],"wp:featuredmedia":[{"embeddable":true,"href":"https:\/\/moeckernkiez.org\/index.php?rest_route=\/wp\/v2\/media\/5587"}],"wp:attachment":[{"href":"https:\/\/moeckernkiez.org\/index.php?rest_route=%2Fwp%2Fv2%2Fmedia&parent=5515"}],"wp:term":[{"taxonomy":"category","embeddable":true,"href":"https:\/\/moeckernkiez.org\/index.php?rest_route=%2Fwp%2Fv2%2Fcategories&post=5515"},{"taxonomy":"post_tag","embeddable":true,"href":"https:\/\/moeckernkiez.org\/index.php?rest_route=%2Fwp%2Fv2%2Ftags&post=5515"}],"curies":[{"name":"wp","href":"https:\/\/api.w.org\/{rel}","templated":true}]}}