{"id":5022,"date":"2020-07-26T15:42:36","date_gmt":"2020-07-26T13:42:36","guid":{"rendered":"https:\/\/redaktion.moeckernkiez.org\/?p=5022"},"modified":"2020-07-27T08:39:05","modified_gmt":"2020-07-27T06:39:05","slug":"straftaten-im-gleisdreieckpark","status":"publish","type":"post","link":"https:\/\/moeckernkiez.org\/?p=5022","title":{"rendered":"Straftaten im Gleisdreieckpark"},"content":{"rendered":"\n<p>Laut den Antworten aus dem Berliner Abgeornedtenhaus hat sich der Gleisdreieckpark in den letzten Jahren im Straftatenranking der Berliner Parks, stetig nach vorne entwickelt, nun schon auf Platz zwei. Der dramatische Anstieg der sonstigen Straftaten ist auf deutlich h\u00f6here Zahlen bei der Sachbesch\u00e4digung zur\u00fcckzuf\u00fchren. Gewaltdelikte sind dem Bundestrend folgend nicht gestiegen, sondern eher zur\u00fcckgegangen. Es ist dennoch beunruhigend, dass in diesem gut von allen Seiten einsehbaren Park trotzdem zwei Sexualdelikte und so viele Rohheitsdelikte pro Jahr vorfallen k\u00f6nnen.<\/p>\n\n\n\n<p>Hier ein Auszug aus der Antwort der schriftlichen Anfrage des Abgeordneten Marcel Luthe (FDP) vom 11. November 2019 zum Thema: Straftaten in Parks.<br>Das komplette Dokument steht weiter unten zum Download.<\/p>\n\n\n\n<figure class=\"wp-block-image size-large\"><img loading=\"lazy\" decoding=\"async\" width=\"764\" height=\"413\" src=\"https:\/\/redaktion.moeckernkiez.org\/wp-content\/uploads\/2020\/07\/delikte-gleisdreieck-1.jpg\" alt=\"\" class=\"wp-image-5019\" srcset=\"https:\/\/moeckernkiez.org\/wp-content\/uploads\/2020\/07\/delikte-gleisdreieck-1.jpg 764w, https:\/\/moeckernkiez.org\/wp-content\/uploads\/2020\/07\/delikte-gleisdreieck-1-350x189.jpg 350w\" sizes=\"auto, (max-width: 764px) 100vw, 764px\" \/><\/figure>\n\n\n\n<div class=\"wp-block-file aligncenter\"><a href=\"https:\/\/redaktion.moeckernkiez.org\/wp-content\/uploads\/2020\/07\/s18-21548.pdf\">Antwort zur Anfrage zu Straftaten in Berliner Parks 20. November 2019<\/a><a href=\"https:\/\/redaktion.moeckernkiez.org\/wp-content\/uploads\/2020\/07\/s18-21548.pdf\" class=\"wp-block-file__button\" download>Herunterladen<\/a><\/div>\n\n\n\n<div style=\"height:20px\" aria-hidden=\"true\" class=\"wp-block-spacer\"><\/div>\n\n\n\n<h2 class=\"wp-block-heading\">Meldungen zur Verm\u00fcllung oder Ordnungswiedrigkeiten k\u00f6nnen entweder direkt hier bei <a rel=\"noreferrer noopener\" href=\"https:\/\/ordnungsamt.berlin.de\/frontend\/dynamic\/#!meldungNeu\" target=\"_blank\">ordnungsamt.berlin.de online<\/a> oder per App beim Ordnungsamt angezeigt werden: <a rel=\"noreferrer noopener\" href=\"https:\/\/www.berlin.de\/ordnungsamt-online\/mobile-app\/\" target=\"_blank\">Link zur mobilen Apps<\/a><\/h2>\n\n\n\n<div style=\"height:20px\" aria-hidden=\"true\" class=\"wp-block-spacer\"><\/div>\n\n\n\n<p class=\"zitat\"><a rel=\"noreferrer noopener\" href=\"https:\/\/redaktion.moeckernkiez.org\/?p=3768\" target=\"_blank\">Gleisdreieckpark, M\u00f6ckernkiez und &#8222;Party people&#8220;<\/a><br><a rel=\"noreferrer noopener\" href=\"https:\/\/gleisdreieck-blog.de\/2019\/12\/07\/ist-das-gleisdreieck-der-zweit-gefaehrlichste-park-berlins\/\" target=\"_blank\">Artikel auf gleisdreieck-blog.de vom 7. Dezember 2019<\/a><\/p>\n","protected":false},"excerpt":{"rendered":"<p>Laut den Antworten aus dem Berliner Abgeornedtenhaus hat sich der Gleisdreieckpark in den letzten Jahren im Straftatenranking der Berliner Parks,&#8230;<\/p>\n","protected":false},"author":2,"featured_media":5029,"comment_status":"closed","ping_status":"closed","sticky":false,"template":"","format":"standard","meta":{"_uag_custom_page_level_css":"","iawp_total_views":191,"footnotes":""},"categories":[7,5],"tags":[69],"class_list":["post-5022","post","type-post","status-publish","format-standard","has-post-thumbnail","hentry","category-kreuzberg","category-moeckernkiez","tag-normal","entry","rows-excerpt"],"uagb_featured_image_src":{"full":["https:\/\/moeckernkiez.org\/wp-content\/uploads\/2020\/07\/vandalenimpark.jpg",640,426,false],"thumbnail":["https:\/\/moeckernkiez.org\/wp-content\/uploads\/2020\/07\/vandalenimpark-140x140.jpg",140,140,true],"medium":["https:\/\/moeckernkiez.org\/wp-content\/uploads\/2020\/07\/vandalenimpark-350x233.jpg",350,233,true],"medium_large":["https:\/\/moeckernkiez.org\/wp-content\/uploads\/2020\/07\/vandalenimpark.jpg",640,426,false],"large":["https:\/\/moeckernkiez.org\/wp-content\/uploads\/2020\/07\/vandalenimpark.jpg",640,426,false],"1536x1536":["https:\/\/moeckernkiez.org\/wp-content\/uploads\/2020\/07\/vandalenimpark.jpg",640,426,false],"2048x2048":["https:\/\/moeckernkiez.org\/wp-content\/uploads\/2020\/07\/vandalenimpark.jpg",640,426,false],"awpcp-thumbnail":["https:\/\/moeckernkiez.org\/wp-content\/uploads\/2020\/07\/vandalenimpark.jpg",188,125,false],"awpcp-featured":["https:\/\/moeckernkiez.org\/wp-content\/uploads\/2020\/07\/vandalenimpark.jpg",300,200,false],"awpcp-featured-on-lists":["https:\/\/moeckernkiez.org\/wp-content\/uploads\/2020\/07\/vandalenimpark.jpg",300,200,false],"awpcp-large":["https:\/\/moeckernkiez.org\/wp-content\/uploads\/2020\/07\/vandalenimpark.jpg",640,426,false]},"uagb_author_info":{"display_name":"MB","author_link":"https:\/\/moeckernkiez.org\/?author=2"},"uagb_comment_info":0,"uagb_excerpt":"Laut den Antworten aus dem Berliner Abgeornedtenhaus hat sich der Gleisdreieckpark in den letzten Jahren im Straftatenranking der Berliner Parks,&#8230;","publishpress_future_action":{"enabled":false,"date":"2026-05-08 02:13:02","action":"change-status","newStatus":"draft","terms":[],"taxonomy":"category","extraData":[]},"publishpress_future_workflow_manual_trigger":{"enabledWorkflows":[]},"_links":{"self":[{"href":"https:\/\/moeckernkiez.org\/index.php?rest_route=\/wp\/v2\/posts\/5022","targetHints":{"allow":["GET"]}}],"collection":[{"href":"https:\/\/moeckernkiez.org\/index.php?rest_route=\/wp\/v2\/posts"}],"about":[{"href":"https:\/\/moeckernkiez.org\/index.php?rest_route=\/wp\/v2\/types\/post"}],"author":[{"embeddable":true,"href":"https:\/\/moeckernkiez.org\/index.php?rest_route=\/wp\/v2\/users\/2"}],"replies":[{"embeddable":true,"href":"https:\/\/moeckernkiez.org\/index.php?rest_route=%2Fwp%2Fv2%2Fcomments&post=5022"}],"version-history":[{"count":9,"href":"https:\/\/moeckernkiez.org\/index.php?rest_route=\/wp\/v2\/posts\/5022\/revisions"}],"predecessor-version":[{"id":5092,"href":"https:\/\/moeckernkiez.org\/index.php?rest_route=\/wp\/v2\/posts\/5022\/revisions\/5092"}],"wp:featuredmedia":[{"embeddable":true,"href":"https:\/\/moeckernkiez.org\/index.php?rest_route=\/wp\/v2\/media\/5029"}],"wp:attachment":[{"href":"https:\/\/moeckernkiez.org\/index.php?rest_route=%2Fwp%2Fv2%2Fmedia&parent=5022"}],"wp:term":[{"taxonomy":"category","embeddable":true,"href":"https:\/\/moeckernkiez.org\/index.php?rest_route=%2Fwp%2Fv2%2Fcategories&post=5022"},{"taxonomy":"post_tag","embeddable":true,"href":"https:\/\/moeckernkiez.org\/index.php?rest_route=%2Fwp%2Fv2%2Ftags&post=5022"}],"curies":[{"name":"wp","href":"https:\/\/api.w.org\/{rel}","templated":true}]}}