{"id":4461,"date":"2020-07-14T11:45:05","date_gmt":"2020-07-14T09:45:05","guid":{"rendered":"https:\/\/redaktion.moeckernkiez.org\/?post_type=event&#038;p=4461"},"modified":"2023-06-07T12:11:55","modified_gmt":"2023-06-07T10:11:55","slug":"kopie-von-gemuesemarkt-im-moeckernkiez","status":"publish","type":"post","link":"https:\/\/moeckernkiez.org\/?p=4461","title":{"rendered":"Gem\u00fcsemarkt im M\u00f6ckernkiez"},"content":{"rendered":"\n<p class=\"has-regular-font-size\">Jeden Freitag liefern Jacob und Tobias, beide aus dem M\u00f6ckernkiez, frisches saisonales Bio-Gem\u00fcse von ihrem &#8222;Minibauernhof&#8220; in Buchholz in Brandenburg in den M\u00f6ckernkiez. Verkauft wird es immer dienstags und freitags von einer Gruppe um Elfriede und Marina auf dem Kiezplatz, bei schlechtem Wetter vor der DHL Packstation.<\/p>\n\n\n\n<p>Wer auf dem Laufenden sein m\u00f6chte meldet sich per E-Mail bei <a href=\"mailto:kraut@tinyfarms.de\">kraut@tinyfarms.de<\/a> an.<\/p>\n\n\n\n<p><\/p>\n\n\n\n<p><a href=\"\/?p=4037\" target=\"_blank\" rel=\"noopener noreferrer\"><strong>Wie das Gem\u00fcse in den M\u00f6ckernkiez kam erz\u00e4hlt Tobias hier &#8230;<\/strong><\/a><\/p>\n\n\n\n<p>Hier noch wietere Informationen zu Tiny farms: <a href=\"https:\/\/www.tinyfarms.de\/\" target=\"_blank\" rel=\"noreferrer noopener\">www.tinyfarms.de<\/a><\/p>\n\n\n\n<figure class=\"wp-block-image size-large\"><img loading=\"lazy\" decoding=\"async\" width=\"800\" height=\"507\" src=\"https:\/\/redaktion.moeckernkiez.org\/wp-content\/uploads\/2020\/07\/tinyfarms02.jpg\" alt=\"\" class=\"wp-image-4043\" srcset=\"https:\/\/moeckernkiez.org\/wp-content\/uploads\/2020\/07\/tinyfarms02.jpg 800w, https:\/\/moeckernkiez.org\/wp-content\/uploads\/2020\/07\/tinyfarms02-350x222.jpg 350w, https:\/\/moeckernkiez.org\/wp-content\/uploads\/2020\/07\/tinyfarms02-768x487.jpg 768w\" sizes=\"auto, (max-width: 800px) 100vw, 800px\" \/><figcaption class=\"wp-element-caption\">Flei\u00dfige PflanzerInnen in Buchholz Quelle: <a href=\"http:\/\/www.tinyfarms.de\" target=\"_blank\" rel=\"noreferrer noopener\">www.tinyfarms.de<\/a><\/figcaption><\/figure>\n","protected":false},"excerpt":{"rendered":"<p>Jeden Dienstag und Freitag liefern Jacob und Tobias frisches saisonales Gem\u00fcse in den M\u00f6ckernkiez. <\/p>\n","protected":false},"author":2,"featured_media":4342,"comment_status":"closed","ping_status":"closed","sticky":false,"template":"","format":"standard","meta":{"_uag_custom_page_level_css":"","iawp_total_views":23,"footnotes":""},"categories":[47,5],"tags":[69],"class_list":["post-4461","post","type-post","status-publish","format-standard","has-post-thumbnail","hentry","category-gemuese","category-moeckernkiez","tag-normal","entry","rows-excerpt"],"uagb_featured_image_src":{"full":["https:\/\/moeckernkiez.org\/wp-content\/uploads\/2020\/07\/vegetables-2179845_640.jpg",640,426,false],"thumbnail":["https:\/\/moeckernkiez.org\/wp-content\/uploads\/2020\/07\/vegetables-2179845_640-140x140.jpg",140,140,true],"medium":["https:\/\/moeckernkiez.org\/wp-content\/uploads\/2020\/07\/vegetables-2179845_640-350x233.jpg",350,233,true],"medium_large":["https:\/\/moeckernkiez.org\/wp-content\/uploads\/2020\/07\/vegetables-2179845_640.jpg",640,426,false],"large":["https:\/\/moeckernkiez.org\/wp-content\/uploads\/2020\/07\/vegetables-2179845_640.jpg",640,426,false],"1536x1536":["https:\/\/moeckernkiez.org\/wp-content\/uploads\/2020\/07\/vegetables-2179845_640.jpg",640,426,false],"2048x2048":["https:\/\/moeckernkiez.org\/wp-content\/uploads\/2020\/07\/vegetables-2179845_640.jpg",640,426,false],"awpcp-thumbnail":["https:\/\/moeckernkiez.org\/wp-content\/uploads\/2020\/07\/vegetables-2179845_640.jpg",188,125,false],"awpcp-featured":["https:\/\/moeckernkiez.org\/wp-content\/uploads\/2020\/07\/vegetables-2179845_640.jpg",300,200,false],"awpcp-featured-on-lists":["https:\/\/moeckernkiez.org\/wp-content\/uploads\/2020\/07\/vegetables-2179845_640.jpg",300,200,false],"awpcp-large":["https:\/\/moeckernkiez.org\/wp-content\/uploads\/2020\/07\/vegetables-2179845_640.jpg",640,426,false]},"uagb_author_info":{"display_name":"MB","author_link":"https:\/\/moeckernkiez.org\/?author=2"},"uagb_comment_info":0,"uagb_excerpt":"Jeden Dienstag und Freitag liefern Jacob und Tobias frisches saisonales Gem\u00fcse in den M\u00f6ckernkiez.","publishpress_future_action":{"enabled":false,"date":"2026-05-07 15:08:15","action":"change-status","newStatus":"draft","terms":[],"taxonomy":"category","extraData":[]},"publishpress_future_workflow_manual_trigger":{"enabledWorkflows":[]},"_links":{"self":[{"href":"https:\/\/moeckernkiez.org\/index.php?rest_route=\/wp\/v2\/posts\/4461","targetHints":{"allow":["GET"]}}],"collection":[{"href":"https:\/\/moeckernkiez.org\/index.php?rest_route=\/wp\/v2\/posts"}],"about":[{"href":"https:\/\/moeckernkiez.org\/index.php?rest_route=\/wp\/v2\/types\/post"}],"author":[{"embeddable":true,"href":"https:\/\/moeckernkiez.org\/index.php?rest_route=\/wp\/v2\/users\/2"}],"replies":[{"embeddable":true,"href":"https:\/\/moeckernkiez.org\/index.php?rest_route=%2Fwp%2Fv2%2Fcomments&post=4461"}],"version-history":[{"count":4,"href":"https:\/\/moeckernkiez.org\/index.php?rest_route=\/wp\/v2\/posts\/4461\/revisions"}],"predecessor-version":[{"id":17989,"href":"https:\/\/moeckernkiez.org\/index.php?rest_route=\/wp\/v2\/posts\/4461\/revisions\/17989"}],"wp:featuredmedia":[{"embeddable":true,"href":"https:\/\/moeckernkiez.org\/index.php?rest_route=\/wp\/v2\/media\/4342"}],"wp:attachment":[{"href":"https:\/\/moeckernkiez.org\/index.php?rest_route=%2Fwp%2Fv2%2Fmedia&parent=4461"}],"wp:term":[{"taxonomy":"category","embeddable":true,"href":"https:\/\/moeckernkiez.org\/index.php?rest_route=%2Fwp%2Fv2%2Fcategories&post=4461"},{"taxonomy":"post_tag","embeddable":true,"href":"https:\/\/moeckernkiez.org\/index.php?rest_route=%2Fwp%2Fv2%2Ftags&post=4461"}],"curies":[{"name":"wp","href":"https:\/\/api.w.org\/{rel}","templated":true}]}}