{"id":4003,"date":"2020-07-09T16:10:00","date_gmt":"2020-07-09T14:10:00","guid":{"rendered":"https:\/\/redaktion.moeckernkiez.org\/?p=4003"},"modified":"2020-07-10T09:09:05","modified_gmt":"2020-07-10T07:09:05","slug":"moeca-im-moeckernkiez-nur-eingeschraenkt-geoeffnet","status":"publish","type":"post","link":"https:\/\/moeckernkiez.org\/?p=4003","title":{"rendered":"M\u00f6ca im M\u00f6ckernkiez nur eingeschr\u00e4nkt ge\u00f6ffnet"},"content":{"rendered":"\n<p class=\"has-drop-cap\">Das M\u00f6ca bleibt im Innenraum zun\u00e4chst bis Mitte August weiterhin f\u00fcr den \u201eNormalbetrieb\u201c geschlossen, da die Hygienema\u00dfnahmen zu schwierig in der Umsetzung w\u00e4ren und auch etwas \u201ePersonalmangel\u201c herrscht. <br>Ab Wochenende 18.\/19. Juli wird es also nur noch samstags und sonntags einen Caf\u00e9betrieb auf dem Kiezplatz geben. Es wird hier um aktive Unterst\u00e4tzung gebeten.<br>Alle Aktiven sollen sich in den bekannten Dudle eintrage.<br>Wer sich gerne noch beteiligen mag oder auch gerne eine Kuchenspende abgeben m\u00f6chte wendet sich bitte per <a href=\"mailto:moeca@moeckernkiez.org\">moeca@moeckernkiez.org<\/a> an die Organisatorinnen.<\/p>\n","protected":false},"excerpt":{"rendered":"<p>Das M\u00f6ca, der Werkraum und das Forum sind wieder ge\u00f6ffnet. Leider bleibt der Innenraum des M\u00f6ca wegen schwieriger Umsetzung der Hygienema\u00dfnahmen und Personalmangel geschlossen.<\/p>\n","protected":false},"author":2,"featured_media":4031,"comment_status":"closed","ping_status":"closed","sticky":false,"template":"","format":"standard","meta":{"_uag_custom_page_level_css":"","iawp_total_views":1,"footnotes":""},"categories":[6,5],"tags":[64],"class_list":["post-4003","post","type-post","status-publish","format-standard","has-post-thumbnail","hentry","category-initiativen","category-moeckernkiez","tag-corona","entry","rows-excerpt"],"uagb_featured_image_src":{"full":["https:\/\/moeckernkiez.org\/wp-content\/uploads\/2020\/07\/moeca-800x800-1-e1594364813605.png",800,286,false],"thumbnail":["https:\/\/moeckernkiez.org\/wp-content\/uploads\/2020\/07\/moeca-800x800-1-140x140.png",140,140,true],"medium":["https:\/\/moeckernkiez.org\/wp-content\/uploads\/2020\/07\/moeca-800x800-1-e1594364813605-350x125.png",350,125,true],"medium_large":["https:\/\/moeckernkiez.org\/wp-content\/uploads\/2020\/07\/moeca-800x800-1-e1594364813605-768x275.png",768,275,true],"large":["https:\/\/moeckernkiez.org\/wp-content\/uploads\/2020\/07\/moeca-800x800-1-e1594364813605.png",800,286,false],"1536x1536":["https:\/\/moeckernkiez.org\/wp-content\/uploads\/2020\/07\/moeca-800x800-1-e1594364813605.png",800,286,false],"2048x2048":["https:\/\/moeckernkiez.org\/wp-content\/uploads\/2020\/07\/moeca-800x800-1-e1594364813605.png",800,286,false],"awpcp-thumbnail":["https:\/\/moeckernkiez.org\/wp-content\/uploads\/2020\/07\/moeca-800x800-1-e1594364813605.png",200,72,false],"awpcp-featured":["https:\/\/moeckernkiez.org\/wp-content\/uploads\/2020\/07\/moeca-800x800-1-e1594364813605.png",300,107,false],"awpcp-featured-on-lists":["https:\/\/moeckernkiez.org\/wp-content\/uploads\/2020\/07\/moeca-800x800-1-e1594364813605.png",300,107,false],"awpcp-large":["https:\/\/moeckernkiez.org\/wp-content\/uploads\/2020\/07\/moeca-800x800-1-e1594364813605.png",640,229,false]},"uagb_author_info":{"display_name":"MB","author_link":"https:\/\/moeckernkiez.org\/?author=2"},"uagb_comment_info":0,"uagb_excerpt":"Das M\u00f6ca, der Werkraum und das Forum sind wieder ge\u00f6ffnet. Leider bleibt der Innenraum des M\u00f6ca wegen schwieriger Umsetzung der Hygienema\u00dfnahmen und Personalmangel geschlossen.","publishpress_future_action":{"enabled":false,"date":"2026-05-07 15:05:02","action":"change-status","newStatus":"draft","terms":[],"taxonomy":"category","extraData":[]},"publishpress_future_workflow_manual_trigger":{"enabledWorkflows":[]},"_links":{"self":[{"href":"https:\/\/moeckernkiez.org\/index.php?rest_route=\/wp\/v2\/posts\/4003","targetHints":{"allow":["GET"]}}],"collection":[{"href":"https:\/\/moeckernkiez.org\/index.php?rest_route=\/wp\/v2\/posts"}],"about":[{"href":"https:\/\/moeckernkiez.org\/index.php?rest_route=\/wp\/v2\/types\/post"}],"author":[{"embeddable":true,"href":"https:\/\/moeckernkiez.org\/index.php?rest_route=\/wp\/v2\/users\/2"}],"replies":[{"embeddable":true,"href":"https:\/\/moeckernkiez.org\/index.php?rest_route=%2Fwp%2Fv2%2Fcomments&post=4003"}],"version-history":[{"count":5,"href":"https:\/\/moeckernkiez.org\/index.php?rest_route=\/wp\/v2\/posts\/4003\/revisions"}],"predecessor-version":[{"id":4030,"href":"https:\/\/moeckernkiez.org\/index.php?rest_route=\/wp\/v2\/posts\/4003\/revisions\/4030"}],"wp:featuredmedia":[{"embeddable":true,"href":"https:\/\/moeckernkiez.org\/index.php?rest_route=\/wp\/v2\/media\/4031"}],"wp:attachment":[{"href":"https:\/\/moeckernkiez.org\/index.php?rest_route=%2Fwp%2Fv2%2Fmedia&parent=4003"}],"wp:term":[{"taxonomy":"category","embeddable":true,"href":"https:\/\/moeckernkiez.org\/index.php?rest_route=%2Fwp%2Fv2%2Fcategories&post=4003"},{"taxonomy":"post_tag","embeddable":true,"href":"https:\/\/moeckernkiez.org\/index.php?rest_route=%2Fwp%2Fv2%2Ftags&post=4003"}],"curies":[{"name":"wp","href":"https:\/\/api.w.org\/{rel}","templated":true}]}}