{"id":3933,"date":"2020-07-14T09:07:00","date_gmt":"2020-07-14T07:07:00","guid":{"rendered":"https:\/\/redaktion.moeckernkiez.org\/?p=3933"},"modified":"2020-07-13T15:09:20","modified_gmt":"2020-07-13T13:09:20","slug":"klima-reihe-im-moeckernkiez-die-rolle-der-finanzwelt-in-der-klimakrise","status":"publish","type":"post","link":"https:\/\/moeckernkiez.org\/?p=3933","title":{"rendered":"Klima-Reihe im M\u00f6ckernkiez &#8211; Die Rolle der Finanzwelt in der Klimakrise"},"content":{"rendered":"\n<h2 class=\"wp-block-heading\">Thema: Die Rolle der Finanzwelt in der Klimakrise<br>Gast: Urgewald e.V.<br>Termin: 16.07.2020 um 19:30 Uhr<\/h2>\n\n\n\n<p>\u00dcber Geld spricht man nicht? Sollten wir aber. Denn in Zeiten eines finanzgesteuerten Kapitalismus spielen Finanzorganisationen, Banken und Versicherungen eine wichtige Rolle. Dabei geht es den meisten dieser Institutionen nur um Gewinnmaximierung &#8211; mit unserem, anvertrauten Geld. In der Veranstaltung wird Kathrin Petz von der NGO Urgewald e.V. einen Einblick in die Investitionen deutscher Finanzkonzerne geben und zeigen, wie sie damit den Klimawandel anheizen. Aber es gibt auch Alternativen dazu: Als ein Beispiel daf\u00fcr wird Johannes aus G02 seinen Arbeitgeber &#8211; die GLS Bank &#8211; vorstellen, die auch unsere Genossenschaft finanziert hat. <\/p>\n\n\n\n<p>Die Initiative bittet um Weiterleitung dieser Einladung an Hausgruppen sowie allgemein an Interessierte im M\u00f6ckernkiez oder der Nachbarschaft und R\u00fcckmeldung bez\u00fcglich der Teilnahme an der Veranstaltung per Mail an <a href=\"mailto:klima-m\u00f6ckernkiez@posteo.de\">klima-m\u00f6ckernkiez@posteo.de<\/a><\/p>\n\n\n\n<p>Link zum Einw\u00e4hlen in das Meeting ab 19:20 Uhr:<br><a href=\"https:\/\/us02web.zoom.us\/j\/87147942111?pwd=M2ZFcEJXbkRUd2VvenpFN0lKVGhmdz09\">https:\/\/us02web.zoom.us\/j\/87147942111?pwd=M2ZFcEJXbkRUd2VvenpFN0lKVGhmdz09<\/a><br>Meeting-ID: 871 4794 2111<br>Passwort: 000443<\/p>\n\n\n\n<p>Das Team freut sich auf die Diskussionen mit den Teilnehmern und Kathrin von Urgewald e.V.!<\/p>\n","protected":false},"excerpt":{"rendered":"<p>Thema dieser Veranstaltung ist alles rund um die Rolle der Finanzwelt in der Klimakrise.<br \/>\nTermin: 16.07.2020 um 19:30 Uhr<\/p>\n","protected":false},"author":2,"featured_media":3776,"comment_status":"closed","ping_status":"closed","sticky":false,"template":"","format":"standard","meta":{"_uag_custom_page_level_css":"","iawp_total_views":1,"footnotes":""},"categories":[6,82,5,17],"tags":[69],"class_list":["post-3933","post","type-post","status-publish","format-standard","has-post-thumbnail","hentry","category-initiativen","category-klima","category-moeckernkiez","category-events","tag-normal","entry","rows-excerpt"],"uagb_featured_image_src":{"full":["https:\/\/moeckernkiez.org\/wp-content\/uploads\/2020\/06\/fridays-for-future-4759928_640.jpg",640,480,false],"thumbnail":["https:\/\/moeckernkiez.org\/wp-content\/uploads\/2020\/06\/fridays-for-future-4759928_640-140x140.jpg",140,140,true],"medium":["https:\/\/moeckernkiez.org\/wp-content\/uploads\/2020\/06\/fridays-for-future-4759928_640-350x263.jpg",350,263,true],"medium_large":["https:\/\/moeckernkiez.org\/wp-content\/uploads\/2020\/06\/fridays-for-future-4759928_640.jpg",640,480,false],"large":["https:\/\/moeckernkiez.org\/wp-content\/uploads\/2020\/06\/fridays-for-future-4759928_640.jpg",640,480,false],"1536x1536":["https:\/\/moeckernkiez.org\/wp-content\/uploads\/2020\/06\/fridays-for-future-4759928_640.jpg",640,480,false],"2048x2048":["https:\/\/moeckernkiez.org\/wp-content\/uploads\/2020\/06\/fridays-for-future-4759928_640.jpg",640,480,false],"awpcp-thumbnail":["https:\/\/moeckernkiez.org\/wp-content\/uploads\/2020\/06\/fridays-for-future-4759928_640.jpg",167,125,false],"awpcp-featured":["https:\/\/moeckernkiez.org\/wp-content\/uploads\/2020\/06\/fridays-for-future-4759928_640.jpg",267,200,false],"awpcp-featured-on-lists":["https:\/\/moeckernkiez.org\/wp-content\/uploads\/2020\/06\/fridays-for-future-4759928_640.jpg",300,225,false],"awpcp-large":["https:\/\/moeckernkiez.org\/wp-content\/uploads\/2020\/06\/fridays-for-future-4759928_640.jpg",640,480,false]},"uagb_author_info":{"display_name":"MB","author_link":"https:\/\/moeckernkiez.org\/?author=2"},"uagb_comment_info":0,"uagb_excerpt":"Thema dieser Veranstaltung ist alles rund um die Rolle der Finanzwelt in der Klimakrise. Termin: 16.07.2020 um 19:30 Uhr","publishpress_future_action":{"enabled":false,"date":"2026-05-07 15:13:40","action":"change-status","newStatus":"draft","terms":[],"taxonomy":"category","extraData":[]},"publishpress_future_workflow_manual_trigger":{"enabledWorkflows":[]},"_links":{"self":[{"href":"https:\/\/moeckernkiez.org\/index.php?rest_route=\/wp\/v2\/posts\/3933","targetHints":{"allow":["GET"]}}],"collection":[{"href":"https:\/\/moeckernkiez.org\/index.php?rest_route=\/wp\/v2\/posts"}],"about":[{"href":"https:\/\/moeckernkiez.org\/index.php?rest_route=\/wp\/v2\/types\/post"}],"author":[{"embeddable":true,"href":"https:\/\/moeckernkiez.org\/index.php?rest_route=\/wp\/v2\/users\/2"}],"replies":[{"embeddable":true,"href":"https:\/\/moeckernkiez.org\/index.php?rest_route=%2Fwp%2Fv2%2Fcomments&post=3933"}],"version-history":[{"count":4,"href":"https:\/\/moeckernkiez.org\/index.php?rest_route=\/wp\/v2\/posts\/3933\/revisions"}],"predecessor-version":[{"id":4258,"href":"https:\/\/moeckernkiez.org\/index.php?rest_route=\/wp\/v2\/posts\/3933\/revisions\/4258"}],"wp:featuredmedia":[{"embeddable":true,"href":"https:\/\/moeckernkiez.org\/index.php?rest_route=\/wp\/v2\/media\/3776"}],"wp:attachment":[{"href":"https:\/\/moeckernkiez.org\/index.php?rest_route=%2Fwp%2Fv2%2Fmedia&parent=3933"}],"wp:term":[{"taxonomy":"category","embeddable":true,"href":"https:\/\/moeckernkiez.org\/index.php?rest_route=%2Fwp%2Fv2%2Fcategories&post=3933"},{"taxonomy":"post_tag","embeddable":true,"href":"https:\/\/moeckernkiez.org\/index.php?rest_route=%2Fwp%2Fv2%2Ftags&post=3933"}],"curies":[{"name":"wp","href":"https:\/\/api.w.org\/{rel}","templated":true}]}}