{"id":3787,"date":"2020-07-01T10:17:00","date_gmt":"2020-07-01T08:17:00","guid":{"rendered":"https:\/\/redaktion.moeckernkiez.org\/?p=3787"},"modified":"2020-06-30T19:31:03","modified_gmt":"2020-06-30T17:31:03","slug":"moeca-werkraum-und-forum-sind-wieder-geoeffnet","status":"publish","type":"post","link":"https:\/\/moeckernkiez.org\/?p=3787","title":{"rendered":"M\u00f6ca, Werkraum und Forum sind wieder ge\u00f6ffnet"},"content":{"rendered":"\n<h2 class=\"wp-block-heading\">Das M\u00f6ca, der Werkraum und das Forum sind wieder ge\u00f6ffnet. Der Betrieb kann langsam, jedoch mit einigen Einschr\u00e4nkungen wieder anlaufen.<\/h2>\n\n\n\n<p><strong>Einhaltung der Abstandsregeln<\/strong><br>Oberstes Ziel bei der vorsichtigen \u00d6ffnung der Gemeinschaftsr\u00e4ume ist die Einhaltung der Abstandsregeln. Um durchg\u00e4ngig einen Mindestabstand von 1.5 m zwischen Personen zu gew\u00e4hrleisten, gelten folgende Nutzungsbeschr\u00e4nkungen:<br><strong>Forum:<\/strong> max. 14 Personen f\u00fcr Veranstaltungen.<br>F\u00fcr Bewegungskurse sind max. 6 Personen plus Trainer*in zugelassen.<br><strong>M\u00f6ca: <\/strong>max. 12 Personen f\u00fcr Veranstaltungen.<br>Caf\u00e9betrieb ist bis auf weiteres nur im Au\u00dfenbereich m\u00f6glich.<br><strong>Werkraum:<\/strong> max. 6 Personen.<br>Sonstige Nutzungsbeschr\u00e4nkungen<br>Gemeinsames Singen und Tanzveranstaltungen sind weiterhin nicht zugelassen.<br><strong>Betreten des Treffpunktes<\/strong><br>Im Eingangsbereich steht Desinfektionsmittel zum sofortigen desinfizieren der H\u00e4nde bereit.<br><strong>Mund-Nasen-Bedeckung<\/strong><br>W\u00e4hrend des Aufenthalts im gesamten Treffpunkt und w\u00e4hrend jeder Zusammenkunft\/Veranstaltung ist eine Mund-Nasen-Bedeckung zu tragen, soweit die Teilnehmenden sich nicht auf ihren Sitzpl\u00e4tzen aufhalten.<br><strong>L\u00fcftung<\/strong><br>Vor und nach jeder Zusammenkunft\/Veranstaltung ist jeweils gut durchzul\u00fcften. Wenn m\u00f6glich, sollten die Fenster w\u00e4hrend der gesamten Zusammenkunft\/Veranstaltung ge\u00f6ffnet sein.<br><strong>Hygiene<\/strong><br>Nach der Zusammenkunft\/Veranstaltung sind die T\u00fcr- und Fenstergriffe im Veranstaltungsraum, in den Flurr\u00e4umen und im Eingangsbereich zu desinfizieren. Es sind au\u00dferdem benutzte Tischoberfl\u00e4chen und alles sonstige benutzte Material zu desinfizieren.<br>Bei Bewegungskursen im Forum m\u00fcssen benutzte Matten, St\u00fchle und\/oder sonstiges Equipment desinfiziert werden, au\u00dfer es wurden eigene, mitgebrachte T\u00fccher oder \u00c4hnliches benutzt, die die vorhandenen Matten vollst\u00e4ndig abgedeckt haben.<br><strong>Anwesenheitsdokumentation<\/strong><br>Alle Teilnehmenden m\u00fcssen sich in der ausliegenden Anwesenheitsdokumentationsliste eintragen. Die\/der Verantwortliche steckt die ausgef\u00fcllte Liste direkt nach der Zusammenkunft\/Veranstaltung in den Vereinsbriefkasten. Der Briefkasten wird regelm\u00e4\u00dfig geleert und die Listen werden vier Wochen aufbewahrt.<br><strong>Verantwortliche <\/strong><br>F\u00fcr jede Zusammenkunft\/Veranstaltung muss bei der Raumreservierung eine verantwortliche Person benannt werden. Diese hat daf\u00fcr zu sorgen, dass die obigen Schutz- und Hygienema\u00dfnahmen eingehalten werden.<\/p>\n\n\n\n<p class=\"has-text-align-right\">Stand: 29.06.2020<\/p>\n\n\n\n<p><\/p>\n","protected":false},"excerpt":{"rendered":"<p>Das M\u00f6ca, der Werkraum und das Forum sind wieder ge\u00f6ffnet. Der Betrieb kann langsam mit einigen Einschr\u00e4nkungen wieder anlaufen.<\/p>\n","protected":false},"author":2,"featured_media":719,"comment_status":"closed","ping_status":"closed","sticky":false,"template":"","format":"standard","meta":{"_uag_custom_page_level_css":"","iawp_total_views":36,"footnotes":""},"categories":[6,5],"tags":[64],"class_list":["post-3787","post","type-post","status-publish","format-standard","has-post-thumbnail","hentry","category-initiativen","category-moeckernkiez","tag-corona","entry","rows-excerpt"],"uagb_featured_image_src":{"full":["https:\/\/moeckernkiez.org\/wp-content\/uploads\/2019\/11\/moeca-scaled.jpg",1024,310,false],"thumbnail":["https:\/\/moeckernkiez.org\/wp-content\/uploads\/2019\/11\/moeca-scaled-e1593785259313-140x44.jpg",140,44,true],"medium":["https:\/\/moeckernkiez.org\/wp-content\/uploads\/2019\/11\/moeca-350x106.jpg",350,106,true],"medium_large":["https:\/\/moeckernkiez.org\/wp-content\/uploads\/2019\/11\/moeca-768x232.jpg",768,232,true],"large":["https:\/\/moeckernkiez.org\/wp-content\/uploads\/2019\/11\/moeca-1024x310.jpg",1024,310,true],"1536x1536":["https:\/\/moeckernkiez.org\/wp-content\/uploads\/2019\/11\/moeca-1536x465.jpg",1536,465,true],"2048x2048":["https:\/\/moeckernkiez.org\/wp-content\/uploads\/2019\/11\/moeca-2048x620.jpg",2048,620,true],"awpcp-thumbnail":["https:\/\/moeckernkiez.org\/wp-content\/uploads\/2019\/11\/moeca-scaled.jpg",200,61,false],"awpcp-featured":["https:\/\/moeckernkiez.org\/wp-content\/uploads\/2019\/11\/moeca-scaled.jpg",300,91,false],"awpcp-featured-on-lists":["https:\/\/moeckernkiez.org\/wp-content\/uploads\/2019\/11\/moeca-scaled.jpg",300,91,false],"awpcp-large":["https:\/\/moeckernkiez.org\/wp-content\/uploads\/2019\/11\/moeca-scaled.jpg",640,194,false]},"uagb_author_info":{"display_name":"MB","author_link":"https:\/\/moeckernkiez.org\/?author=2"},"uagb_comment_info":0,"uagb_excerpt":"Das M\u00f6ca, der Werkraum und das Forum sind wieder ge\u00f6ffnet. Der Betrieb kann langsam mit einigen Einschr\u00e4nkungen wieder anlaufen.","publishpress_future_action":{"enabled":false,"date":"2026-05-05 12:02:44","action":"change-status","newStatus":"draft","terms":[],"taxonomy":"category","extraData":[]},"publishpress_future_workflow_manual_trigger":{"enabledWorkflows":[]},"_links":{"self":[{"href":"https:\/\/moeckernkiez.org\/index.php?rest_route=\/wp\/v2\/posts\/3787","targetHints":{"allow":["GET"]}}],"collection":[{"href":"https:\/\/moeckernkiez.org\/index.php?rest_route=\/wp\/v2\/posts"}],"about":[{"href":"https:\/\/moeckernkiez.org\/index.php?rest_route=\/wp\/v2\/types\/post"}],"author":[{"embeddable":true,"href":"https:\/\/moeckernkiez.org\/index.php?rest_route=\/wp\/v2\/users\/2"}],"replies":[{"embeddable":true,"href":"https:\/\/moeckernkiez.org\/index.php?rest_route=%2Fwp%2Fv2%2Fcomments&post=3787"}],"version-history":[{"count":3,"href":"https:\/\/moeckernkiez.org\/index.php?rest_route=\/wp\/v2\/posts\/3787\/revisions"}],"predecessor-version":[{"id":3792,"href":"https:\/\/moeckernkiez.org\/index.php?rest_route=\/wp\/v2\/posts\/3787\/revisions\/3792"}],"wp:featuredmedia":[{"embeddable":true,"href":"https:\/\/moeckernkiez.org\/index.php?rest_route=\/wp\/v2\/media\/719"}],"wp:attachment":[{"href":"https:\/\/moeckernkiez.org\/index.php?rest_route=%2Fwp%2Fv2%2Fmedia&parent=3787"}],"wp:term":[{"taxonomy":"category","embeddable":true,"href":"https:\/\/moeckernkiez.org\/index.php?rest_route=%2Fwp%2Fv2%2Fcategories&post=3787"},{"taxonomy":"post_tag","embeddable":true,"href":"https:\/\/moeckernkiez.org\/index.php?rest_route=%2Fwp%2Fv2%2Ftags&post=3787"}],"curies":[{"name":"wp","href":"https:\/\/api.w.org\/{rel}","templated":true}]}}