{"id":3785,"date":"2020-07-18T10:21:00","date_gmt":"2020-07-18T08:21:00","guid":{"rendered":"https:\/\/redaktion.moeckernkiez.org\/?p=3785"},"modified":"2020-07-20T11:54:54","modified_gmt":"2020-07-20T09:54:54","slug":"klima-themen-im-moeckernkiez","status":"publish","type":"post","link":"https:\/\/moeckernkiez.org\/?p=3785","title":{"rendered":"Klima Themen im M\u00f6ckernkiez"},"content":{"rendered":"\n<p>Im Februar 2020 hat sich eine Gruppe aus klimabewegten M\u00f6ckernkiez BewohnerInnen zusammengefunden und eine Klima-Initiative gegr\u00fcndet. Die MitgliederInnen besch\u00e4ftigen  pers\u00f6nlich und beruflich mit den vielf\u00e4ltigen Themenfeldern rund um das Klima und die Nachhaltigkeit. Die Idee ist es, den Austausch und die Vernetzung im M\u00f6ckernkiez und dar\u00fcber hinaus zum Thema Klima zu st\u00e4rken.<br><br>F\u00fcr die n\u00e4chsten Monate hat sich die Gruppe daher eine Reihe relevanter Themen (Erneuerbare Energien, Klimaneutrale Stadt, Mobilit\u00e4t, Finanzen und weitere) \u00fcberlegt, die im Rahmen von verschiedenen Veranstaltungen vorgetragen und gemeinsam  beleuchtet werden sollen. Spannend wird vor allem die Frage sein, inwiefern jeder einzelne aber auch der M\u00f6ckernkiez mit den Herausforderungen des Klimawandels umgeht und wie die Genossenschaft hier eine Vorbildrolle einnehmen kann.<\/p>\n\n\n\n<p>Zun\u00e4chst sollte die Veranstaltungsreihe im Forum im M\u00f6ckernkiez Treff starten.<br>Leider konnte dann diese Art von direktem Austausch aufgrund der Corona-Pandemie nicht mehr stattfinden. Die Corona-Pandemie erforderte rasches und entschlossenes Handeln. Aber auch die Klimakrise erlaubt keinen Aufschub unseres Handelns, deshalb haben die OrganisatiorInnen die Veranstaltungreihe auf &#8222;online&#8220; umgestellt und starteten mit der Auftaktveranstaltung am 24. April 2020 um 19:30 Uhr.<\/p>\n\n\n\n<p>Am Sommerfest im September, das unter dem Motto &#8222;Klimafest&#8220; steht, wird die reale Vernetzung und Ideensammlung aktiv in Workshops und an Infost\u00e4nden hoffentlich wieder m\u00f6glich sein.<\/p>\n\n\n\n<p>Unter: <a href=\"mailto:klima-moeckernkiez@posteo.de\">klima-moeckernkiez@posteo.de<\/a> k\u00f6nnen weitere Informationen erfragt werden.<br>Pr\u00e4sentationen aus den letzten Terminen sind hier zu finden: <a href=\"https:\/\/www.dropbox.com\/sh\/7fmzjgbnrks980l\/AADNBdtQdOqIce_KhuBgEbmTa?dl=0\" target=\"_blank\" rel=\"noreferrer noopener\">Dropboxlink<\/a><\/p>\n\n\n\n<p class=\"has-large-font-size\">Termine zur Klima-Reihe im M\u00f6ckernkiez und Kreuzberg:<\/p>\n\n\n<div id=\"eo_fullcalendar_1_loading\" class=\"eo-fullcalendar-loading\" ><img decoding=\"async\" src=\"https:\/\/moeckernkiez.org\/wp-content\/plugins\/event-organiser\/css\/images\/loading-image.gif\" class=\"eo-fullcalendar-loading-icon\" alt=\"Laden&#8230;\" \/> Laden&#8230;<\/div><div class=\"eo-fullcalendar eo-fullcalendar-shortcode eo-fullcalendar-reset eo-fullcalendar-responsive\" id=\"eo_fullcalendar_1\"><\/div>\n\n\n\n<p class=\"has-large-font-size\">Weitere Beitr\u00e4ge zu diesem Thema<\/p>\n\n\n<ul class=\"wp-block-latest-posts__list is-grid columns-4 wp-block-latest-posts\"><li><div class=\"wp-block-latest-posts__featured-image aligncenter\"><img loading=\"lazy\" decoding=\"async\" width=\"140\" height=\"140\" src=\"https:\/\/moeckernkiez.org\/wp-content\/uploads\/2020\/07\/img_3762-140x140.jpg\" class=\"attachment-thumbnail size-thumbnail wp-post-image\" alt=\"\" style=\"max-width:150px;max-height:150px;\" \/><\/div><a class=\"wp-block-latest-posts__post-title\" href=\"https:\/\/moeckernkiez.org\/?p=19381\">Wie eine Landschaftsarchitektin den Gleisdreieck-Park sieht<\/a><div class=\"wp-block-latest-posts__post-excerpt\">Laura Jeschke, Landschaftsarchitektin, Madrid\/Berlin referiert in Wien \u00fcber den Park am Gleisdreieck.<\/div><\/li>\n<li><div class=\"wp-block-latest-posts__featured-image aligncenter\"><img loading=\"lazy\" decoding=\"async\" width=\"140\" height=\"140\" src=\"https:\/\/moeckernkiez.org\/wp-content\/uploads\/2020\/08\/20-07-30-19-54-27-4012-140x140.jpg\" class=\"attachment-thumbnail size-thumbnail wp-post-image\" alt=\"Park am Gleisdreieck\" style=\"max-width:150px;max-height:150px;\" \/><\/div><a class=\"wp-block-latest-posts__post-title\" href=\"https:\/\/moeckernkiez.org\/?p=19820\">Den Park am Gleisdreieck erkunden<\/a><div class=\"wp-block-latest-posts__post-excerpt\">Im Park am Gleisdreieck gibt es ein neues Angebot: Am Dienstag, 9. Juli und Samstag, 13. Juli 2024, k\u00f6nnen sich&#8230;<\/div><\/li>\n<li><div class=\"wp-block-latest-posts__featured-image aligncenter\"><img loading=\"lazy\" decoding=\"async\" width=\"140\" height=\"140\" src=\"https:\/\/moeckernkiez.org\/wp-content\/uploads\/2024\/05\/Hitzewellen-140x140.jpg\" class=\"attachment-thumbnail size-thumbnail wp-post-image\" alt=\"\" style=\"max-width:150px;max-height:150px;\" srcset=\"https:\/\/moeckernkiez.org\/wp-content\/uploads\/2024\/05\/Hitzewellen-140x140.jpg 140w, https:\/\/moeckernkiez.org\/wp-content\/uploads\/2024\/05\/Hitzewellen-300x300.jpg 300w\" sizes=\"auto, (max-width: 140px) 100vw, 140px\" \/><\/div><a class=\"wp-block-latest-posts__post-title\" href=\"https:\/\/moeckernkiez.org\/?p=19753\">Hitzewellen \u2013 Wie sch\u00fctze ich mich?<\/a><div class=\"wp-block-latest-posts__post-excerpt\">Die Klima-AG wird \u00fcber Hitzeschutzma\u00dfnahmen im M\u00f6ckernkiez informieren.<\/div><\/li>\n<li><div class=\"wp-block-latest-posts__featured-image aligncenter\"><img loading=\"lazy\" decoding=\"async\" width=\"140\" height=\"140\" src=\"https:\/\/moeckernkiez.org\/wp-content\/uploads\/2023\/11\/fast-ein-paradies-140x140.jpg\" class=\"attachment-thumbnail size-thumbnail wp-post-image\" alt=\"\" style=\"max-width:150px;max-height:150px;\" srcset=\"https:\/\/moeckernkiez.org\/wp-content\/uploads\/2023\/11\/fast-ein-paradies-140x140.jpg 140w, https:\/\/moeckernkiez.org\/wp-content\/uploads\/2023\/11\/fast-ein-paradies-300x300.jpg 300w\" sizes=\"auto, (max-width: 140px) 100vw, 140px\" \/><\/div><a class=\"wp-block-latest-posts__post-title\" href=\"https:\/\/moeckernkiez.org\/?p=18961\">Fast w\u00e4r&#8217;s ein Paradies<\/a><div class=\"wp-block-latest-posts__post-excerpt\">In ihrem Vortrag berichten Uta und Michael am 2. Dezember \u00fcber die erste H\u00e4lfte ihrer Tour &#8230;<\/div><\/li>\n<\/ul>","protected":false},"excerpt":{"rendered":"<p>Es hat sich eine Gruppe aus klimabewegten M\u00f6ckernkiez BewohnerInnen zusammengefunden und eine Klima-Initiative gegr\u00fcndet. <\/p>\n","protected":false},"author":2,"featured_media":4345,"comment_status":"closed","ping_status":"closed","sticky":false,"template":"","format":"standard","meta":{"_uag_custom_page_level_css":"","iawp_total_views":3,"footnotes":""},"categories":[82,5,17],"tags":[69],"class_list":["post-3785","post","type-post","status-publish","format-standard","has-post-thumbnail","hentry","category-klima","category-moeckernkiez","category-events","tag-normal","entry","rows-excerpt"],"uagb_featured_image_src":{"full":["https:\/\/moeckernkiez.org\/wp-content\/uploads\/2020\/07\/landscape-4684217_640.jpg",640,426,false],"thumbnail":["https:\/\/moeckernkiez.org\/wp-content\/uploads\/2020\/07\/landscape-4684217_640-140x140.jpg",140,140,true],"medium":["https:\/\/moeckernkiez.org\/wp-content\/uploads\/2020\/07\/landscape-4684217_640-350x233.jpg",350,233,true],"medium_large":["https:\/\/moeckernkiez.org\/wp-content\/uploads\/2020\/07\/landscape-4684217_640.jpg",640,426,false],"large":["https:\/\/moeckernkiez.org\/wp-content\/uploads\/2020\/07\/landscape-4684217_640.jpg",640,426,false],"1536x1536":["https:\/\/moeckernkiez.org\/wp-content\/uploads\/2020\/07\/landscape-4684217_640.jpg",640,426,false],"2048x2048":["https:\/\/moeckernkiez.org\/wp-content\/uploads\/2020\/07\/landscape-4684217_640.jpg",640,426,false],"awpcp-thumbnail":["https:\/\/moeckernkiez.org\/wp-content\/uploads\/2020\/07\/landscape-4684217_640.jpg",188,125,false],"awpcp-featured":["https:\/\/moeckernkiez.org\/wp-content\/uploads\/2020\/07\/landscape-4684217_640.jpg",300,200,false],"awpcp-featured-on-lists":["https:\/\/moeckernkiez.org\/wp-content\/uploads\/2020\/07\/landscape-4684217_640.jpg",300,200,false],"awpcp-large":["https:\/\/moeckernkiez.org\/wp-content\/uploads\/2020\/07\/landscape-4684217_640.jpg",640,426,false]},"uagb_author_info":{"display_name":"MB","author_link":"https:\/\/moeckernkiez.org\/?author=2"},"uagb_comment_info":0,"uagb_excerpt":"Es hat sich eine Gruppe aus klimabewegten M\u00f6ckernkiez BewohnerInnen zusammengefunden und eine Klima-Initiative gegr\u00fcndet.","publishpress_future_action":{"enabled":false,"date":"2026-05-03 09:41:02","action":"change-status","newStatus":"draft","terms":[],"taxonomy":"category","extraData":[]},"publishpress_future_workflow_manual_trigger":{"enabledWorkflows":[]},"_links":{"self":[{"href":"https:\/\/moeckernkiez.org\/index.php?rest_route=\/wp\/v2\/posts\/3785","targetHints":{"allow":["GET"]}}],"collection":[{"href":"https:\/\/moeckernkiez.org\/index.php?rest_route=\/wp\/v2\/posts"}],"about":[{"href":"https:\/\/moeckernkiez.org\/index.php?rest_route=\/wp\/v2\/types\/post"}],"author":[{"embeddable":true,"href":"https:\/\/moeckernkiez.org\/index.php?rest_route=\/wp\/v2\/users\/2"}],"replies":[{"embeddable":true,"href":"https:\/\/moeckernkiez.org\/index.php?rest_route=%2Fwp%2Fv2%2Fcomments&post=3785"}],"version-history":[{"count":11,"href":"https:\/\/moeckernkiez.org\/index.php?rest_route=\/wp\/v2\/posts\/3785\/revisions"}],"predecessor-version":[{"id":4750,"href":"https:\/\/moeckernkiez.org\/index.php?rest_route=\/wp\/v2\/posts\/3785\/revisions\/4750"}],"wp:featuredmedia":[{"embeddable":true,"href":"https:\/\/moeckernkiez.org\/index.php?rest_route=\/wp\/v2\/media\/4345"}],"wp:attachment":[{"href":"https:\/\/moeckernkiez.org\/index.php?rest_route=%2Fwp%2Fv2%2Fmedia&parent=3785"}],"wp:term":[{"taxonomy":"category","embeddable":true,"href":"https:\/\/moeckernkiez.org\/index.php?rest_route=%2Fwp%2Fv2%2Fcategories&post=3785"},{"taxonomy":"post_tag","embeddable":true,"href":"https:\/\/moeckernkiez.org\/index.php?rest_route=%2Fwp%2Fv2%2Ftags&post=3785"}],"curies":[{"name":"wp","href":"https:\/\/api.w.org\/{rel}","templated":true}]}}