{"id":3773,"date":"2020-07-01T10:12:00","date_gmt":"2020-07-01T08:12:00","guid":{"rendered":"https:\/\/redaktion.moeckernkiez.org\/?p=3773"},"modified":"2020-07-13T15:08:57","modified_gmt":"2020-07-13T13:08:57","slug":"klima-reihe-im-moeckernkiez-zukunftsfreundliche-mobilitaet","status":"publish","type":"post","link":"https:\/\/moeckernkiez.org\/?p=3773","title":{"rendered":"Klima-Reihe im M\u00f6ckernkiez &#8211; Zukunftsfreundliche Mobilit\u00e4t"},"content":{"rendered":"\n<h2 class=\"wp-block-heading\">Zukunftsfreundliche Mobilit\u00e4t gemeinsam mit Changing Cities<br>Termin: Donnerstag, 2. Juli ab 19:30 Uhr<\/h2>\n\n\n\n<p>Thema dieser Veranstaltung ist alles rund um die Verkehrswende. <br>Ein F\u00fcnftel der in Deutschland ausgesto\u00dfenen CO2-\u00e4quivalenten Emissionen gehen auf das Konto des Verkehrssektors, 96 % davon auf den Stra\u00dfenverkehr. Anders als in anderen Bereichen sind die CO2-Emissionen des Verkehrs seit 1990 nicht gesunken. Woran fehlt es bei der Verkehrswende und was genau verbirgt sich hinter diesem Begriff? Die aktuelle Situation zeigt nicht nur mit den Pop-Up-Radwegen, dass schnelle Ver\u00e4nderungen m\u00f6glich sind. Gemeinsam mit euch und Changing CIties wollen wir diskutieren, was es f\u00fcr eine langfristige Verkehrswende braucht, was wir im einzelnen tun k\u00f6nnen und wie wir als M\u00f6ckernkiez eG einen Beitrag leisten k\u00f6nnen. <br>Dazu wird es von Seiten des Klima-Teams einen Input geben, was sich genau hinter dem Begriff Verkehrswende und dessen zwei S\u00e4ulen aus wissenschaftlicher Sicht verbirgt. Zudem wird Changing Cities berichten welche Herausforderungen sie sehen, wie sie agieren und wo es im Bereich Mobilit\u00e4t und Verteilung in der Stadt anzusetzen gilt. <\/p>\n\n\n\n<p>Anschlie\u00dfend ist wie immer der Raum f\u00fcr Fragen und Diskussionen gegeben.\u00a0<br>Bitte gebt R\u00fcckmeldung, ob ihr an der Veranstaltung teilnehmen werdet. <br>Kontakt per Mail:<a href=\"mailto:klima-m%C3%B6ckernkiez@posteo.de\">\u00a0<strong>klima-moeckernkiez@posteo.de<\/strong><\/a>\u00a0<br>Zoom Link zum Einw\u00e4hlen in das Meeting am Donnerstag, 2. Juli ab 19:20 Uhr:<br><strong><a rel=\"noreferrer noopener\" href=\"https:\/\/us02web.zoom.us\/j\/84130779211?pwd=VlRFR0tMWTdxdjN3TndXdlo3V1grdz09\" target=\"_blank\">https:\/\/us02web.zoom.us\/j\/84130779211?pwd=VlRFR0tMWTdxdjN3TndXdlo3V1grdz09<\/a><\/strong><br>Meeting-ID: 841 3077 9211<br>Passwort: 547506<br>Die Organisatorinnen freuen sich auf die gemeinsame Diskussionen zusammen mit Changing Cities!<\/p>\n","protected":false},"excerpt":{"rendered":"<p>Thema dieser Veranstaltung ist alles rund um die Verkehrswende.<br \/>\nTermin: Donnerstag, 2. Juli ab 19:30 Uhr<\/p>\n","protected":false},"author":2,"featured_media":3776,"comment_status":"closed","ping_status":"closed","sticky":false,"template":"","format":"standard","meta":{"_uag_custom_page_level_css":"","iawp_total_views":4,"footnotes":""},"categories":[6,82,5,17],"tags":[69],"class_list":["post-3773","post","type-post","status-publish","format-standard","has-post-thumbnail","hentry","category-initiativen","category-klima","category-moeckernkiez","category-events","tag-normal","entry","rows-excerpt"],"uagb_featured_image_src":{"full":["https:\/\/moeckernkiez.org\/wp-content\/uploads\/2020\/06\/fridays-for-future-4759928_640.jpg",640,480,false],"thumbnail":["https:\/\/moeckernkiez.org\/wp-content\/uploads\/2020\/06\/fridays-for-future-4759928_640-140x140.jpg",140,140,true],"medium":["https:\/\/moeckernkiez.org\/wp-content\/uploads\/2020\/06\/fridays-for-future-4759928_640-350x263.jpg",350,263,true],"medium_large":["https:\/\/moeckernkiez.org\/wp-content\/uploads\/2020\/06\/fridays-for-future-4759928_640.jpg",640,480,false],"large":["https:\/\/moeckernkiez.org\/wp-content\/uploads\/2020\/06\/fridays-for-future-4759928_640.jpg",640,480,false],"1536x1536":["https:\/\/moeckernkiez.org\/wp-content\/uploads\/2020\/06\/fridays-for-future-4759928_640.jpg",640,480,false],"2048x2048":["https:\/\/moeckernkiez.org\/wp-content\/uploads\/2020\/06\/fridays-for-future-4759928_640.jpg",640,480,false],"awpcp-thumbnail":["https:\/\/moeckernkiez.org\/wp-content\/uploads\/2020\/06\/fridays-for-future-4759928_640.jpg",167,125,false],"awpcp-featured":["https:\/\/moeckernkiez.org\/wp-content\/uploads\/2020\/06\/fridays-for-future-4759928_640.jpg",267,200,false],"awpcp-featured-on-lists":["https:\/\/moeckernkiez.org\/wp-content\/uploads\/2020\/06\/fridays-for-future-4759928_640.jpg",300,225,false],"awpcp-large":["https:\/\/moeckernkiez.org\/wp-content\/uploads\/2020\/06\/fridays-for-future-4759928_640.jpg",640,480,false]},"uagb_author_info":{"display_name":"MB","author_link":"https:\/\/moeckernkiez.org\/?author=2"},"uagb_comment_info":0,"uagb_excerpt":"Thema dieser Veranstaltung ist alles rund um die Verkehrswende. Termin: Donnerstag, 2. Juli ab 19:30 Uhr","publishpress_future_action":{"enabled":false,"date":"2026-05-07 15:09:36","action":"change-status","newStatus":"draft","terms":[],"taxonomy":"category","extraData":[]},"publishpress_future_workflow_manual_trigger":{"enabledWorkflows":[]},"_links":{"self":[{"href":"https:\/\/moeckernkiez.org\/index.php?rest_route=\/wp\/v2\/posts\/3773","targetHints":{"allow":["GET"]}}],"collection":[{"href":"https:\/\/moeckernkiez.org\/index.php?rest_route=\/wp\/v2\/posts"}],"about":[{"href":"https:\/\/moeckernkiez.org\/index.php?rest_route=\/wp\/v2\/types\/post"}],"author":[{"embeddable":true,"href":"https:\/\/moeckernkiez.org\/index.php?rest_route=\/wp\/v2\/users\/2"}],"replies":[{"embeddable":true,"href":"https:\/\/moeckernkiez.org\/index.php?rest_route=%2Fwp%2Fv2%2Fcomments&post=3773"}],"version-history":[{"count":6,"href":"https:\/\/moeckernkiez.org\/index.php?rest_route=\/wp\/v2\/posts\/3773\/revisions"}],"predecessor-version":[{"id":3782,"href":"https:\/\/moeckernkiez.org\/index.php?rest_route=\/wp\/v2\/posts\/3773\/revisions\/3782"}],"wp:featuredmedia":[{"embeddable":true,"href":"https:\/\/moeckernkiez.org\/index.php?rest_route=\/wp\/v2\/media\/3776"}],"wp:attachment":[{"href":"https:\/\/moeckernkiez.org\/index.php?rest_route=%2Fwp%2Fv2%2Fmedia&parent=3773"}],"wp:term":[{"taxonomy":"category","embeddable":true,"href":"https:\/\/moeckernkiez.org\/index.php?rest_route=%2Fwp%2Fv2%2Fcategories&post=3773"},{"taxonomy":"post_tag","embeddable":true,"href":"https:\/\/moeckernkiez.org\/index.php?rest_route=%2Fwp%2Fv2%2Ftags&post=3773"}],"curies":[{"name":"wp","href":"https:\/\/api.w.org\/{rel}","templated":true}]}}