{"id":3768,"date":"2023-11-23T03:47:35","date_gmt":"2023-11-23T02:47:35","guid":{"rendered":"https:\/\/redaktion.moeckernkiez.org\/?p=3768"},"modified":"2023-11-27T03:47:38","modified_gmt":"2023-11-27T02:47:38","slug":"gleisdreieckpark-und-moeckernkiez","status":"publish","type":"post","link":"https:\/\/moeckernkiez.org\/?p=3768","title":{"rendered":"Gleisdreieckpark, M\u00f6ckernkiez und &#8222;party people&#8220;"},"content":{"rendered":"\n<h2 class=\"wp-block-heading\" id=\"in-den-wintermonaten-ist-es-ruhig-geworden-der-konflikt-macht-winterpause\"><\/h2>\n\n\n\n<blockquote class=\"wp-block-quote zitat is-layout-flow wp-block-quote-is-layout-flow\">\n<p>Der Park am Gleisdreieck &#8211; Flaschenhals &#8211; ist eine Oase mitten in der Gro\u00dfstadt f\u00fcr Alle. <br>Sie k\u00f6nnen hier Naturwildnis genie\u00dfen, spazieren gehen und entspannen. Dieser Park ist eine gesch\u00fctzte Gr\u00fcnanlage.<br>Es gibt nur wenige, aber wichtige Einschr\u00e4nkungen, damit der Park auch in Zukunft vielseitig nutzbar und sch\u00f6n bleibt.<br>Wir bitten Sie deshalb:<br>Hunde an der Leine zu f\u00fchren, im Park nicht zu grillen und den M\u00fcll in die Abfallbeh\u00e4lter zu entsorgen. <br>Bitte bleiben Sie zu Ihrer Sicherheit und der Natur zuliebe auf den Wegen.<\/p>\n<cite>Quelle: <a href=\"http:\/\/www.parkberlin.de\" target=\"_blank\" rel=\"noreferrer noopener\">www.parkberlin.de<\/a><\/cite><\/blockquote>\n\n\n\n<div class=\"wp-block-columns is-layout-flex wp-container-core-columns-is-layout-9d6595d7 wp-block-columns-is-layout-flex\">\n<div class=\"wp-block-column is-layout-flow wp-block-column-is-layout-flow\">\n<figure class=\"wp-block-image size-large\"><img loading=\"lazy\" decoding=\"async\" width=\"800\" height=\"443\" src=\"https:\/\/redaktion.moeckernkiez.org\/wp-content\/uploads\/2020\/07\/schilder02.jpg\" alt=\"Gleisdreieck Park Eingang\" class=\"wp-image-4186\" srcset=\"https:\/\/moeckernkiez.org\/wp-content\/uploads\/2020\/07\/schilder02.jpg 800w, https:\/\/moeckernkiez.org\/wp-content\/uploads\/2020\/07\/schilder02-350x194.jpg 350w, https:\/\/moeckernkiez.org\/wp-content\/uploads\/2020\/07\/schilder02-768x425.jpg 768w\" sizes=\"auto, (max-width: 800px) 100vw, 800px\" \/><figcaption class=\"wp-element-caption\">Hunde an die Leine, kein Grillen und auf den M\u00fcll achten und Fu\u00dfg\u00e4nger haben \u00fcberall Vorrang.<\/figcaption><\/figure>\n\n\n\n<figure class=\"wp-block-image size-large is-resized\"><img loading=\"lazy\" decoding=\"async\" width=\"640\" height=\"342\" src=\"https:\/\/moeckernkiez.org\/wp-content\/uploads\/2020\/07\/schilder01.jpg\" alt=\"Gleisdreieck Park Bodenschilder\" class=\"wp-image-4184\" style=\"width:351px;height:187px\" srcset=\"https:\/\/moeckernkiez.org\/wp-content\/uploads\/2020\/07\/schilder01.jpg 640w, https:\/\/moeckernkiez.org\/wp-content\/uploads\/2020\/07\/schilder01-350x187.jpg 350w\" sizes=\"auto, (max-width: 640px) 100vw, 640px\" \/><figcaption class=\"wp-element-caption\"><strong>Fu\u00dfg\u00e4nger haben Vorrang &#8211; der Text &#8222;LANGSAM&#8220; sollte in &#8222;Radfahren geduldet!&#8220; umgeschrieben werden.<\/strong><\/figcaption><\/figure>\n\n\n\n<figure class=\"wp-block-embed is-type-video is-provider-youtube wp-block-embed-youtube wp-embed-aspect-16-9 wp-has-aspect-ratio\"><div class=\"wp-block-embed__wrapper\">\n<iframe loading=\"lazy\" title=\"Berlin baut: Park am Gleisdreieck\" width=\"500\" height=\"281\" src=\"https:\/\/www.youtube.com\/embed\/VQ3vg7U6gUw?feature=oembed\" frameborder=\"0\" allow=\"accelerometer; autoplay; clipboard-write; encrypted-media; gyroscope; picture-in-picture; web-share\" referrerpolicy=\"strict-origin-when-cross-origin\" allowfullscreen><\/iframe>\n<\/div><\/figure>\n<\/div>\n\n\n\n<div class=\"wp-block-column is-layout-flow wp-block-column-is-layout-flow\">\n<p class=\"has-small-font-size\">Beitragsupdates und Linkliste &#8211; danke f\u00fcr die Hinweise und Links:<br>27. Nov &#8211; <a href=\"\/?p=18967\" target=\"_blank\" rel=\"noreferrer noopener\">Kioskbewirtschafter gesucht<\/a><br>14. Nov &#8211; <a rel=\"noreferrer noopener\" href=\"\/?p=18901\" target=\"_blank\">Licht an!<\/a><br>19. Sep &#8211; <a href=\"https:\/\/moeckernkiez.org\/?p=18439\">Yorckbr\u00fccke Nr f\u00fcnf ist wieder angeschlossen<\/a><br>29. Mai &#8211; <a rel=\"noreferrer noopener\" href=\"\/?p=17883\" target=\"_blank\">10 Jahre Park am Gleisdreieck<\/a><br>4. Jan 2023 &#8211; <a href=\"https:\/\/moeckernkiez.org\/?p=16128\">Regenbogen \u00fcber dem Park am Gleisdreieck<\/a><br>&#8212;&#8211;:- 2023 -:&#8212;&#8211;<br>18. Dez 2022 &#8211; <a rel=\"noreferrer noopener\" href=\"https:\/\/moeckernkiez.org\/?p=15983\" target=\"_blank\">Initiative zur Rettung des Gleisdreiecks<\/a><br>25. Sep &#8211; <a href=\"\/?p=15785\">Urbane Mitte Gleisdreieck \u2013 Zum Planungsstand<\/a><br>16. Jul &#8211; <a href=\"\/?p=15565\">Festnahmen nach Raub<\/a><br>11. Jul &#8211; <a href=\"https:\/\/moeckernkiez.org\/?p=15015\">Das radioeins Parkfest 2022<\/a><br>26. Jun &#8211; <a href=\"\/?p=15303\">Ein Gespr\u00e4ch \u00fcber M\u00fcll, Kr\u00e4hen und F\u00fcchse<\/a><br>14. Jun &#8211; <a href=\"\/?p=7460\">Lieber Dackel statt Dogge und Sammelrate erh\u00f6hen<\/a><br>1. Jun &#8211; <a href=\"\/?p=14979\">Kommerzielle Sportangebote sind erlaubnispflichtig<\/a><br>1. Mai &#8211; <a rel=\"noreferrer noopener\" href=\"\/?p=14706\" target=\"_blank\">Neue Schilder gegen E-Scooter<\/a><br>30. Apr. &#8211; <a rel=\"noreferrer noopener\" href=\"https:\/\/moeckernkiez.org\/?p=14656\" target=\"_blank\">Nicht genehmigte Feiern, Partys und \u2026<\/a><br>14.Apr &#8211; <a rel=\"noreferrer noopener\" href=\"\/?p=14542\" target=\"_blank\">Naturspielplatz erweitert<\/a><br>6. Apr &#8211; <a rel=\"noreferrer noopener\" href=\"\/?p=14521\" target=\"_blank\">Storywalk Gleisdreieck<\/a><br>24. Mar &#8211; <a rel=\"noreferrer noopener\" href=\"\/?p=14491\" target=\"_blank\">Brandstiftung am Caf\u00e9 Eule<\/a><br>30. Jan &#8211; <a href=\"https:\/\/moeckernkiez.org\/?p=13840\">Umfrage: \u201eRuheort(e) im Gleisdreieckpark\u201c<\/a><br>23. Jan 2022 &#8211; <a rel=\"noreferrer noopener\" href=\"\/?p=13819\" target=\"_blank\">Messer im Park am Gleisdreieck<\/a> <br><br> <\/p>\n<\/div>\n<\/div>\n\n\n\n<p>Zu unterschiedlichen Zeiten wird der Park von verschiedenen Gruppen anders genutzt. Den Anfang machen die fr\u00fchen Jogger und Hundehalterinnen. Wenn die Hundehalter die Liegewiese freigeben, trauen sich die fr\u00fche Sonnenanbeterinnen und erste Yogis auf die Liegewiese. Die Spielpl\u00e4tze und Wiesen f\u00fcllen sich langsam mit Kitagruppen und Familien mit Kleinkindern. Mit fortschreitender Stunde werden die Besucher \u00e4lter, bis dann, nach den HundehalterInnen, am sp\u00e4ten Abend die Gruppe der Jugendlichen, ein Mix aus Berlinern, BrandenburgerInnen und internationalen Touristen, den Park f\u00fcr sich \u00fcbernehmen.<\/p>\n\n\n\n<p>Halten sich die einzelnen Besuchergruppen an die Parkregeln? Wer sich etwas Zeit nimmt, wird feststellen, dass viele Jugendliche zusammen sitzen und sich in gem\u00e4\u00dfigter Lautst\u00e4rke unterhalten. So manche Hundehalterin ihr Haustier sogar an der Leine f\u00fchrt und die Liegewiesen meiden kann. Auch die Kitagruppen achten auf die sachgerechte M\u00fcllbeseitigung. Und so mancher gestresster B\u00fcromensch trinkt noch ein Absackerbierchen aus der Flasche und raucht eine Zigarette, ohne das Glas, den Kronkorken und die Kippe in der Wiese zu entsorgen.<br>W\u00e4hrend der Corona Pandemie sind auch ganz neue &#8222;Formate&#8220; im Park aufgetaucht: Sportgruppen, <a rel=\"noreferrer noopener\" href=\"https:\/\/moeckernkiez.org\/?event=hatha-yoga-im-park-am-gleisdreieck\" target=\"_blank\">Yoga<\/a>, <a rel=\"noreferrer noopener\" href=\"https:\/\/moeckernkiez.org\/?event=qi-gong-und-tai-chi\" target=\"_blank\">Qi Gong und Tai-Chi<\/a>, <a rel=\"noreferrer noopener\" href=\"https:\/\/moeckernkiez.org\/?event=zumba-im-gleisdreick-4\" target=\"_blank\">Zumba<\/a> usw., Tanzkurse von <a rel=\"noreferrer noopener\" href=\"\/?p=11039\" target=\"_blank\">Tango Argentino,<\/a> <a rel=\"noreferrer noopener\" href=\"\/?p=11039\" target=\"_blank\">Standard Latein<\/a>, Salsa, Foro, Merenge, Krump und Streetdance werden angeboten. Der Senat organisiert ein <a rel=\"noreferrer noopener\" href=\"https:\/\/moeckernkiez.org\/?s=klavierkonzert\" data-type=\"URL\" data-id=\"https:\/\/moeckernkiez.org\/?s=klavierkonzert\" target=\"_blank\">Klavierkonzert<\/a>. Die Bibliothek entsendet das <a rel=\"noreferrer noopener\" href=\"https:\/\/moeckernkiez.org\/?p=4733\" data-type=\"post\" data-id=\"4733\" target=\"_blank\">Bibliobike<\/a> und organisiert Lesungen. Der Nutzungsdruck steigt stetig.<\/p>\n\n\n\n<p><strong>Wer sind also die Verschmutzer- und Br\u00fcllmenschen?<\/strong><\/p>\n\n\n\n<p class=\"zitat\">Eine Langzeitstudie der Humboldt-Universit\u00e4t Berlin aus dem Jahr 2018 belegt, dass nicht prim\u00e4r fehlende M\u00fclleimer, sondern Bequemlichkeit, Faulheit und fehlende Erziehung Gr\u00fcnde f\u00fcr \u201eLittering\u201c sind. <br>Dabei sind junge Erwachsene im Alter von 18-30 Jahren am h\u00e4ufigsten die VerursacherInnen f\u00fcr&nbsp;M\u00fcll durch unn\u00f6tige&nbsp;Take-Away-Verpackungen. Auf Platz 2 liegen die Jugendlichen und f\u00fcr&nbsp;liegen gelassenen&nbsp;Hundekot ist dagegen eher die Bev\u00f6lkerungsgruppe der \u00fcber 50j\u00e4hrigen verantwortlich.<\/p>\n\n\n\n<p class=\"eingerueckt has-small-font-size\">Quellen: <a rel=\"noreferrer noopener\" href=\"https:\/\/www.remap-berlin.de\/blog\/zero-waste-tipp\/142\" target=\"_blank\">BUND<\/a> und Gesellschaftsph\u00e4nomen Littering &#8211; <a href=\"https:\/\/www.vku.de\/fileadmin\/user_upload\/Verbandsseite\/Presse\/Pressemitteilungen\/Studie_Littering_Humboldt_Uni_Zusammenfassung.pdf\">Studie der Berliner Humboldt-Universit\u00e4t<\/a><br><a href=\"https:\/\/www.berlin.de\/ba-friedrichshain-kreuzberg\/politik-und-verwaltung\/aemter\/strassen-und-gruenflaechenamt\/gruenflaechen\/gruenanlagen\/artikel.146176.php\" target=\"_blank\" rel=\"noreferrer noopener\">Hunde in \u00f6ffentlichen Gr\u00fcnanlagen<\/a><\/p>\n\n\n<div class=\"wp-block-image\">\n<figure class=\"alignright size-large is-resized\"><a href=\"http:\/\/gesetze.berlin.de\/jportal\/portal\/t\/18yp\/page\/bsbeprod.psml\/action\/portlets.jw.MainAction?p1=7&amp;eventSubmit_doNavigate=searchInSubtreeTOC&amp;showdoccase=1&amp;doc.hl=0&amp;doc.id=jlr-Gr%C3%BCnAnlGBEV3P6&amp;doc.part=S&amp;toc.poskey=#focuspoint\" target=\"_blank\" rel=\"noopener noreferrer\"><img loading=\"lazy\" decoding=\"async\" width=\"421\" height=\"640\" src=\"https:\/\/redaktion.moeckernkiez.org\/wp-content\/uploads\/2020\/07\/schilder03.jpg\" alt=\"\" class=\"wp-image-4187\" style=\"width:248px;height:377px\" srcset=\"https:\/\/moeckernkiez.org\/wp-content\/uploads\/2020\/07\/schilder03.jpg 421w, https:\/\/moeckernkiez.org\/wp-content\/uploads\/2020\/07\/schilder03-230x350.jpg 230w\" sizes=\"auto, (max-width: 421px) 100vw, 421px\" \/><\/a><figcaption class=\"wp-element-caption\">Eine gesch\u00fctzte Gr\u00fcnanlage regelt sehr klar die <a href=\"http:\/\/gesetze.berlin.de\/jportal\/portal\/t\/18yp\/page\/bsbeprod.psml\/action\/portlets.jw.MainAction?p1=7&amp;eventSubmit_doNavigate=searchInSubtreeTOC&amp;showdoccase=1&amp;doc.hl=0&amp;doc.id=jlr-Gr%C3%BCnAnlGBEV3P6&amp;doc.part=S&amp;toc.poskey=#focuspoint\" target=\"_blank\" rel=\"noreferrer noopener\">Benutzung der Anlagen<\/a><\/figcaption><\/figure><\/div>\n\n\n<p>Viele Schilder weisen jedenfalls die Besucher auf die geltenden Regeln hin. Viele Parkbesucher k\u00f6nnen sich an diese auch halten. Jeder Versto\u00df w\u00e4re eine Ordnungswidrigkeit, die sofort mit einem Ordnungsgeld von bis zu 5.000 \u20ac bedacht werden k\u00f6nnte. <br>Laut den Parkaufsehern ist der Katalog der t\u00e4glichen Ordnungswidrigkeiten und Verbrechen aber trotzdem sehr lang. Kaum jemand nimmt die Parkaufseher ernst oder schert sich laut ihren Aussagen um die geltenden Regeln und Verbote: Grillen und offenes Feuer, Missachtung der Anleinpflicht, unerlaubtes Fu\u00dfballspielen auf der Liegewiese, Kaninchenjagden der Hundehalter, Kr\u00e4henf\u00fctterungen, Verunreinigen der Kinderspielpl\u00e4tze, Radfahrer gef\u00e4hrden Fu\u00dfg\u00e4nger und umgekehrt, endloses Urinieren und Schlimmeres von Mensch und vielen Haustieren, \u00fcberall M\u00fcll, Mopeds und Roller fahren quer durch den Park, Eing\u00e4nge sind zugeparkt, Sachbesch\u00e4digung und Vandalismus an B\u00e4nken, Spielpl\u00e4tzen und Gleisanlagen, Drogenkonsum, Alkohol und endlos Glasscherben, L\u00e4rmbel\u00e4stigung, b\u00e4llende Hunderaufereinen, sexuelle Bel\u00e4stigung, Diebstahl und K\u00f6rperverletzung. Das ist eine beachtliche Liste, die da aufgez\u00e4hlt wird.<\/p>\n\n\n\n<p class=\"has-text-align-right has-small-font-size\">Mehr Zahlen dazu sind hier zu finden <a href=\"\/?p=5022\" target=\"_blank\" rel=\"noreferrer noopener\">Straftaten im Gleisdreieckpark<\/a><\/p>\n\n\n\n<p>Mehrere Gruppen, unter anderen auch die M\u00f6ckernkiez Arbeitsgruppe &#8222;Nachbarschaft Park&#8220;, nehmen sich nun des Themas an. Es bleibt offen, was zu einem befriedigenden Ziel f\u00fchrt? Ist es der offene Dialog mit den VerursacherInnen? Wer sind die VerursacherInnen &#8211; sind die greifbar?<br>Es zeichnet sich leicht ab, dass die Anwohnerschaft auf die plumpe Durchsetzung der Einhaltung der Benutzungsregeln dr\u00e4ngt. Die Bezirks\u00e4mter sind zust\u00e4ndig &#8211; Punkt. In unterschiedlichsten Berliner Parks wurden bisher schon SozialarbeiterInnen, Parkrangerinnen, Parkhausmeister oder in anderen St\u00e4dten sogar Nachtb\u00fcrgermeisterinnen eingesetzt. Doch ohne wirklichen Erfolg. Am Ende, und h\u00e4ufig gerne vor Wahlen, werden dann Ordnungsamt und die Polizei aktiviert. Deren Gesch\u00e4ft ist es eben bei Ordnungswidrigkeiten und Verbrechen einzuschreiten.<\/p>\n\n\n\n<p>Es br\u00e4uchte etwas zwischen dem <a rel=\"noreferrer noopener\" href=\"https:\/\/www.berlin.de\/aktuelles\/berlin\/kriminalitaet\/6212171-4362932-illegale-partys-in-parks-geisel-fordert-.html\" target=\"_blank\">wahlkosmetischen Aktionismus<\/a>, Gro\u00dfeins\u00e4tzen mit Hundertschaften und Hubschrauber und einer gelegentlichen Streife von &#8222;zahnlosen&#8220; Parkw\u00e4rtern. <br>Wie w\u00e4re es da zum Beispiel mit einem Standort der Fahrradstaffel der Berliner Polizei mitten im Gleisdreieckpark? Geplant war das schon mal &#8211; hilft da eventuell ein b\u00fcrgerlicher Aufruf an unsere Polizeipr\u00e4sidentin &#8230; <a href=\"mailto:barbara.slowik@polizei.berlin.de\">praesidialbuero@polizei.berlin.de<\/a>?<br>Oder helfen eigenorganisierte Plogging-Aktionen durch die Anwohner gegen die Verm\u00fcllung? Anwohner anderer Parks packen zu &#8211; <s>im Park am Gleisdreieck war bisher (2020) immer nur die Rede davon<\/s>. <a rel=\"noreferrer noopener\" href=\"\/?p=11237\" target=\"_blank\">In 2021 starten einige Aufkl\u00e4rungs- und Entm\u00fcllungsaktionen<\/a>. <\/p>\n\n\n\n<h2 class=\"wp-block-heading\" id=\"diskutiert-mit-und-schreibt-einen-kommentar-auf-dem-gleisdreieck-blog-de-oder-mittendran-de\">Diskutiert mit und schreibt einen Kommentar auf dem <a rel=\"noreferrer noopener\" href=\"http:\/\/gleisdreieck-blog.de\" target=\"_blank\">gleisdreieck-blog.de<\/a> oder <a rel=\"noreferrer noopener\" href=\"https:\/\/www.mittendran.de\" target=\"_blank\">mittendran.de<\/a><\/h2>\n\n\n\n<p class=\"text-12-right has-small-font-size\">Zust\u00e4ndig ist das Bezirksamt Friedrichshain-Kreuzberg,<br>hier der Link zum <a rel=\"noreferrer noopener\" href=\"http:\/\/gesetze.berlin.de\/jportal\/portal\/t\/18os\/page\/bsbeprod.psml\/action\/portlets.jw.MainAction;jsessionid=2DBB044DD46C2D0BF7333018C1BD3A99.jp21?p1=8&amp;eventSubmit_doNavigate=searchInSubtreeTOC&amp;showdoccase=1&amp;doc.hl=0&amp;doc.id=jlr-Gr%C3%BCnAnlGBEV1P7&amp;doc.part=S&amp;toc.poskey=#focuspoint\" target=\"_blank\">Gesetz zum Schutz, zur Pflege und zur Entwicklung der \u00f6ffentlichen Gr\u00fcn- und Erholungsanlagen (Gr\u00fcnanlagengesetz &#8211; Gr\u00fcnanlG) vom 24. November 1997<\/a><\/p>\n\n\n\n<div class=\"wp-block-columns is-layout-flex wp-container-core-columns-is-layout-9d6595d7 wp-block-columns-is-layout-flex\">\n<div class=\"wp-block-column is-layout-flow wp-block-column-is-layout-flow\">\n<p class=\"has-small-font-size\"> Beitragsupdates und Linkliste &#8211; danke f\u00fcr die Hinweise und Links:<br>&#8212;&#8211;:- 2021 -:&#8212;&#8211;<br>22. Sep &#8211; <a rel=\"noreferrer noopener\" href=\"\/?p=12661\" target=\"_blank\">Verl\u00e4rmung des Parks &#8211; Anwohner wehren sich<\/a><br>28. Aug &#8211; <a rel=\"noreferrer noopener\" href=\"https:\/\/gleisdreieck-blog.de\/2021\/08\/28\/cdu-kandidat-timur-husein-fordert-schliessung-des-gleisdreieck-parks-ab-22-uhr\/\" target=\"_blank\">Schlie\u00dfung der Parks nach 22 Uhr &#8211; CDU aktiv!<\/a><br>21. Aug &#8211; <a rel=\"noreferrer noopener\" href=\"\/?p=11785\" target=\"_blank\">Politiker bem\u00fchen sich um zugebeutelten Park<\/a><br>17. Aug &#8211; <a rel=\"noreferrer noopener\" href=\"\/?p=11890\" target=\"_blank\">Abgezogen im Gleisi<\/a><br>12. Aug &#8211; <a rel=\"noreferrer noopener\" href=\"\/?p=11556\" target=\"_blank\">Innensenator Geisel im Park am Gleisdreieck<\/a><br>5. Aug &#8211; <a rel=\"noreferrer noopener\" href=\"\/?p=11301\" target=\"_blank\">James-Simon-Park in Mitte geschlossen<\/a><br>2. Aug &#8211; <a rel=\"noreferrer noopener\" href=\"\/?p=11237\" target=\"_blank\">Im Park mit Respekt und R\u00fccksicht<\/a><br>28. Juli &#8211; <a rel=\"noreferrer noopener\" href=\"https:\/\/moeckernkiez.org\/?p=11175\" target=\"_blank\">Messer im Park &#8211; Verhaftung<\/a><br>22. Juli &#8211; <a rel=\"noreferrer noopener\" href=\"https:\/\/moeckernkiez.org\/?p=11039\" target=\"_blank\">Reallabor &#8222;Tanzfl\u00e4che&#8220; gestartet<\/a><br>20. Juli &#8211; <a rel=\"noreferrer noopener\" href=\"\/?p=11037\" target=\"_blank\">Auseinandersetzung im Park &#8211; Jugendliche verletzt<\/a><br>15. Juli &#8211; <a rel=\"noreferrer noopener\" href=\"https:\/\/moeckernkiez.org\/?p=11046\" target=\"_blank\">Verletzte nach Streit in Park<\/a><br>5. Juli &#8211; <a rel=\"noreferrer noopener\" href=\"\/?p=9847\" target=\"_blank\">Park am Gleisdreieck &#8211; Reallabore starten<\/a><br>26. Juni &#8211; <a rel=\"noreferrer noopener\" href=\"\/?p=10625\" target=\"_blank\">Illegale kommerzielle Tanzveranstaltung &#8211; Polizei bleibt cool<\/a><br>13. Juni &#8211; <a rel=\"noreferrer noopener\" href=\"\/?p=10380\" target=\"_blank\">Schon wieder \u00dcbergriffe im Park<\/a><br>7. Juni &#8211; <a rel=\"noreferrer noopener\" href=\"\/?p=10150\" target=\"_blank\">Littering im Park<\/a><br>13. Mai &#8211; <a href=\"\/?p=9847\">Die Reallabor Ideen stehen kurz vor der Umsetzung<\/a><br>23. April &#8211; <a rel=\"noreferrer noopener\" href=\"\/?p=9706\" target=\"_blank\">Argumente gegen die Urbane Mitte<\/a><br>2. April &#8211; <a rel=\"noreferrer noopener\" href=\"https:\/\/moeckernkiez.org\/?p=9565\" target=\"_blank\">Es ging mal wieder hoch her &#8230;<\/a><br>24. Mrz &#8211; <a rel=\"noreferrer noopener\" href=\"\/?p=9523\" target=\"_blank\">Runder Tisch Gleisdreieck L\u00f6sungsvorschl\u00e4ge<\/a><br>18. Mrz &#8211; <a rel=\"noreferrer noopener\" href=\"\/?p=9398\" target=\"_blank\">Reallabor Workshops<\/a><br>4. Mrz &#8211; <a rel=\"noreferrer noopener\" href=\"https:\/\/moeckernkiez.org\/?p=9398\" target=\"_blank\">Reallabor Workshops<\/a><br><br><br><\/p>\n<\/div>\n\n\n\n<div class=\"wp-block-column is-layout-flow wp-block-column-is-layout-flow\">\n<p class=\"has-small-font-size\"><br>&#8212;&#8211;:- 2020 -:&#8212;&#8211;<br>2. Dez 2020 &#8211; 1. Termin zum Runden Tisch<br>23. Nov &#8211; <a href=\"https:\/\/moeckernkiez.org\/?p=8482\">Gleisdreieck mitgstalten Reallabor Gr\u00fcn Berlin<\/a><br>16. Nov &#8211; Parkbeiratssitzung<br>4. Nov &#8211; <a rel=\"noreferrer noopener\" href=\"https:\/\/moeckernkiez.org\/?p=8230\" target=\"_blank\">Laubbl\u00e4ser im Park<\/a><br>2. Nov &#8211; <a rel=\"noreferrer noopener\" href=\"https:\/\/moeckernkiez.org\/?p=8179\" target=\"_blank\">Initiative &#8222;Spielpl\u00e4tze in Not&#8220;<\/a><br>28. Okt &#8211; <a href=\"https:\/\/moeckernkiez.org\/?p=7460\">Dackel statt Dogge<\/a><br>26. Okt &#8211; Kennenlerngespr\u00e4ch der BI im Nutzer-Innenbeirat<br>22. Okt &#8211; <a rel=\"noreferrer noopener\" href=\"https:\/\/moeckernkiez.org\/?p=7592\" target=\"_blank\">8. BI Treffen<\/a> Kennenlerngespr\u00e4ch der BI mit Parkmanagerin<br>20. Okt &#8211; <a rel=\"noreferrer noopener\" href=\"https:\/\/moeckernkiez.org\/?p=7592\" target=\"_blank\">Hip Hop M\u00fcllsammlung<\/a><br>7. Okt &#8211; <a rel=\"noreferrer noopener\" href=\"https:\/\/moeckernkiez.org\/?p=7251\" target=\"_blank\">Ergebnisse der Beiratswahlen<\/a><br>6. Okt &#8211; Kennenlerngespr\u00e4ch der BI<br>3. Okt &#8211; <a rel=\"noreferrer noopener\" href=\"https:\/\/moeckernkiez.org\/?p=7160\" target=\"_blank\">Am Tag der Deutschen Einheit<\/a><br>1. Okt &#8211; <a rel=\"noreferrer noopener\" href=\"https:\/\/moeckernkiez.org\/?p=6593\" target=\"_blank\">Parkbeiratswahlen<\/a><br>27. Sep &#8211; <a rel=\"noreferrer noopener\" href=\"https:\/\/moeckernkiez.org\/?p=7040\" target=\"_blank\">Alle wollen im Grundsatz das Gleiche<\/a><br>26. Sep &#8211; <a rel=\"noreferrer noopener\" href=\"https:\/\/moeckernkiez.org\/?p=7018\" target=\"_blank\">Kreuzberger Nachbarschaft M\u00f6ckernkiez<\/a><br>24. Sep &#8211; <a rel=\"noreferrer noopener\" href=\"https:\/\/gleisdreieck-blog.de\/2020\/09\/21\/runder-tisch-gleisdreieck-fuer-ende-oktober-geplant\/\" target=\"_blank\">Runder Tisch f\u00fcr Ende Oktober geplant<\/a><br>22. Sep &#8211; <a rel=\"noreferrer noopener\" href=\"https:\/\/taz.de\/Streit-im-Gleisdreieckpark\/!5711501\/\" target=\"_blank\">taz -Mit einem Zaun gegen die Partys &#8230;<\/a><br>21. Sep &#8211; <a href=\"https:\/\/moeckernkiez.org\/?p=6754\">Treffen der B\u00fcrgerinitiative<\/a><br>15. Sep &#8211; <a href=\"\/?p=6772\">Rettet den Gleisdreieckpark<\/a><br>5. Sep &#8211; <a rel=\"noreferrer noopener\" href=\"\/?p=6544\" target=\"_blank\">Zusammen sind wir Park<\/a><br>1. Sep &#8211; <a rel=\"noreferrer noopener\" href=\"https:\/\/moeckernkiez.org\/?event=kopie-von-zusammen-im-park-gespraech\" target=\"_blank\">Treffen Stadtteilforum Tiergarten S\u00fcd<\/a><br>31. Aug &#8211; <a href=\"\/?p=6417\">SPD l\u00e4dt zum Online Gespr\u00e4ch<\/a><br>28. Aug &#8211; <a rel=\"noreferrer noopener\" href=\"https:\/\/www.mittendran.de\/das-gleisdreieck-leidet-unter-verantwortungsloser-regellosigkeit\/\" target=\"_blank\">mittendran Bericht BI Treffen<\/a><br>27. Aug &#8211; <a rel=\"noreferrer noopener\" href=\"\/?p=6268\" target=\"_blank\">Treffen der B\u00fcrgerinitiative<\/a><br>25. Aug &#8211; <a rel=\"noreferrer noopener\" href=\"http:\/\/Eine Stimme f\u00fcr einen offenen Park am Gleisdreieck \u2026\" target=\"_blank\">Eine Stimme f\u00fcr einen offenen Park<\/a><br>21. Aug &#8211; <a rel=\"noreferrer noopener\" href=\"https:\/\/www.berlin.de\/ba-friedrichshain-kreuzberg\/politik-und-verwaltung\/aemter\/strassen-und-gruenflaechenamt\/gruenflaechen\/gruenanlagen\/artikel.146176.php\" target=\"_blank\">Hunde in \u00f6ffentlichen Gr\u00fcnanlagen<\/a><br>19. Aug &#8211; <a rel=\"noreferrer noopener\" href=\"https:\/\/www.berlin.de\/ba-friedrichshain-kreuzberg\/politik-und-verwaltung\/aemter\/strassen-und-gruenflaechenamt\/gruenflaechen\/gruenanlagen\/artikel.146176.php\" target=\"_blank\">Forderungskatalog B\u00fcrgerinitiative<\/a><br>2.  Aug &#8211; <a rel=\"noreferrer noopener\" href=\"https:\/\/www.rbb-online.de\/abendschau\/index.htm\/doc=%21content%21rbb%21rbb%21fernsehen%21programm%2102_08_2020%213314889997.html\" target=\"_blank\">Beitrag in der rbb Abendschau<\/a><br>31. Juli &#8211; <a rel=\"noreferrer noopener\" href=\"https:\/\/www.moeckernkiez.org\/?p=5515\" target=\"_blank\">B\u00fcgerinitiative gegr\u00fcndet<\/a><br>30. Juli &#8211; <a rel=\"noreferrer noopener\" href=\"https:\/\/www.moeckernkiez.org\/?p=5174\" target=\"_blank\">Verst\u00e4rkte Kontrollen, neue Sitzm\u00f6bel<\/a><br>28. Juli &#8211; <a rel=\"noreferrer noopener\" href=\"https:\/\/www.berlin.de\/aktuelles\/berlin\/kriminalitaet\/6212171-4362932-illegale-partys-in-parks-geisel-fordert-.html\" target=\"_blank\">Illegale Partys: Geisel fordert harte Strafen<\/a><br>26. Juli &#8211; <a rel=\"noreferrer noopener\" href=\"https:\/\/www.moeckernkiez.org\/?p=5022\" target=\"_blank\">Straftaten im Gleisdreieckpark<\/a><br>23. Juli &#8211; <a href=\"mailto:blog@moeckernkiez.org\">Kontakt-E-Mail<\/a> aufgenommen<\/p>\n<\/div>\n<\/div>\n","protected":false},"excerpt":{"rendered":"<p>&#8222;Der Park am Gleisdreieck ist eine Oase mitten in der Gro\u00dfstadt f\u00fcr Alle. Da kann man Naturwildnis &#8230;<\/p>\n","protected":false},"author":2,"featured_media":11592,"comment_status":"closed","ping_status":"closed","sticky":false,"template":"","format":"standard","meta":{"_uag_custom_page_level_css":"","iawp_total_views":1275,"footnotes":""},"categories":[7],"tags":[66],"class_list":["post-3768","post","type-post","status-publish","format-standard","has-post-thumbnail","hentry","category-kreuzberg","tag-rechtsoben1","entry","rows-excerpt"],"uagb_featured_image_src":{"full":["https:\/\/moeckernkiez.org\/wp-content\/uploads\/2021\/07\/misshandelte-gruenanlage.jpg",1024,768,false],"thumbnail":["https:\/\/moeckernkiez.org\/wp-content\/uploads\/2021\/07\/misshandelte-gruenanlage-140x140.jpg",140,140,true],"medium":["https:\/\/moeckernkiez.org\/wp-content\/uploads\/2021\/07\/misshandelte-gruenanlage-350x263.jpg",350,263,true],"medium_large":["https:\/\/moeckernkiez.org\/wp-content\/uploads\/2021\/07\/misshandelte-gruenanlage-768x576.jpg",768,576,true],"large":["https:\/\/moeckernkiez.org\/wp-content\/uploads\/2021\/07\/misshandelte-gruenanlage.jpg",1024,768,false],"1536x1536":["https:\/\/moeckernkiez.org\/wp-content\/uploads\/2021\/07\/misshandelte-gruenanlage.jpg",1024,768,false],"2048x2048":["https:\/\/moeckernkiez.org\/wp-content\/uploads\/2021\/07\/misshandelte-gruenanlage.jpg",1024,768,false],"awpcp-thumbnail":["https:\/\/moeckernkiez.org\/wp-content\/uploads\/2021\/07\/misshandelte-gruenanlage.jpg",167,125,false],"awpcp-featured":["https:\/\/moeckernkiez.org\/wp-content\/uploads\/2021\/07\/misshandelte-gruenanlage.jpg",267,200,false],"awpcp-featured-on-lists":["https:\/\/moeckernkiez.org\/wp-content\/uploads\/2021\/07\/misshandelte-gruenanlage.jpg",300,225,false],"awpcp-large":["https:\/\/moeckernkiez.org\/wp-content\/uploads\/2021\/07\/misshandelte-gruenanlage.jpg",640,480,false]},"uagb_author_info":{"display_name":"MB","author_link":"https:\/\/moeckernkiez.org\/?author=2"},"uagb_comment_info":0,"uagb_excerpt":"\"Der Park am Gleisdreieck ist eine Oase mitten in der Gro\u00dfstadt f\u00fcr Alle. Da kann man Naturwildnis ...","publishpress_future_action":{"enabled":false,"date":"2026-05-08 00:41:22","action":"change-status","newStatus":"draft","terms":[],"taxonomy":"category","extraData":[]},"publishpress_future_workflow_manual_trigger":{"enabledWorkflows":[]},"_links":{"self":[{"href":"https:\/\/moeckernkiez.org\/index.php?rest_route=\/wp\/v2\/posts\/3768","targetHints":{"allow":["GET"]}}],"collection":[{"href":"https:\/\/moeckernkiez.org\/index.php?rest_route=\/wp\/v2\/posts"}],"about":[{"href":"https:\/\/moeckernkiez.org\/index.php?rest_route=\/wp\/v2\/types\/post"}],"author":[{"embeddable":true,"href":"https:\/\/moeckernkiez.org\/index.php?rest_route=\/wp\/v2\/users\/2"}],"replies":[{"embeddable":true,"href":"https:\/\/moeckernkiez.org\/index.php?rest_route=%2Fwp%2Fv2%2Fcomments&post=3768"}],"version-history":[{"count":9,"href":"https:\/\/moeckernkiez.org\/index.php?rest_route=\/wp\/v2\/posts\/3768\/revisions"}],"predecessor-version":[{"id":19009,"href":"https:\/\/moeckernkiez.org\/index.php?rest_route=\/wp\/v2\/posts\/3768\/revisions\/19009"}],"wp:featuredmedia":[{"embeddable":true,"href":"https:\/\/moeckernkiez.org\/index.php?rest_route=\/wp\/v2\/media\/11592"}],"wp:attachment":[{"href":"https:\/\/moeckernkiez.org\/index.php?rest_route=%2Fwp%2Fv2%2Fmedia&parent=3768"}],"wp:term":[{"taxonomy":"category","embeddable":true,"href":"https:\/\/moeckernkiez.org\/index.php?rest_route=%2Fwp%2Fv2%2Fcategories&post=3768"},{"taxonomy":"post_tag","embeddable":true,"href":"https:\/\/moeckernkiez.org\/index.php?rest_route=%2Fwp%2Fv2%2Ftags&post=3768"}],"curies":[{"name":"wp","href":"https:\/\/api.w.org\/{rel}","templated":true}]}}