{"id":3677,"date":"2020-10-01T08:31:00","date_gmt":"2020-10-01T06:31:00","guid":{"rendered":"https:\/\/redaktion.moeckernkiez.org\/?p=3677"},"modified":"2023-05-22T09:47:18","modified_gmt":"2023-05-22T07:47:18","slug":"moeckernkiez-ag-kultur-haelt-das-kulturelle-leben-lebendig","status":"publish","type":"post","link":"https:\/\/moeckernkiez.org\/?p=3677","title":{"rendered":"M\u00f6ckernkiez AG Kultur hielt das kulturelle Leben lebendig"},"content":{"rendered":"\n<p>Die AG Kultur hatte auch f\u00fcr den Sommer 2020 ein abwechslungsreiches Programm  zusammen gestellt. Immer am Wochenende fanden zwischen 15 und 18 Uhr unterschiedliche musikalische Darbietungen statt. <br>Um m\u00f6glichst vielen die Teilnahme zu erm\u00f6glichen, fanden die Veranstaltungen auf dem Kiezplatz statt. <br>Das M\u00f6ca Team reichte Kaffee und Kuchen.<br>Mit den Spenden konnten die K\u00fcnstler unterst\u00fctzt werden.<\/p>\n\n\n\n<h1 class=\"wp-block-heading has-text-align-center\">M\u00f6ckernkiez Sommerprogamm 2020<\/h1>\n\n\n<div class=\"eo-event-board\" data-board=\"69f30f8a19b4e\"><div class=\"eo-event-board-filters\" data-filters=\"\"><\/div><div class=\"eo-event-board-items\"><\/div><div class=\"eo-event-board-more\"><\/div><\/div>\n\n\n\n<div style=\"height:40px\" aria-hidden=\"true\" class=\"wp-block-spacer\"><\/div>\n","protected":false},"excerpt":{"rendered":"<p>Die AG Kultur hatte auch f\u00fcr den Sommer 2020 ein abwechslungsreiches Programm  zusammen gestellt. Immer am Wochenende fanden zwischen 15 und 18 Uhr unterschiedliche musikalische Darbietungen statt. <\/p>\n","protected":false},"author":2,"featured_media":3678,"comment_status":"closed","ping_status":"closed","sticky":false,"template":"","format":"standard","meta":{"_uag_custom_page_level_css":"","iawp_total_views":15,"footnotes":""},"categories":[63,43,5,17],"tags":[],"class_list":["post-3677","post","type-post","status-publish","format-standard","has-post-thumbnail","hentry","category-aktuelles","category-kultur","category-moeckernkiez","category-events","entry","rows-excerpt"],"uagb_featured_image_src":{"full":["https:\/\/moeckernkiez.org\/wp-content\/uploads\/2020\/06\/sunset-3868712_640.jpg",640,346,false],"thumbnail":["https:\/\/moeckernkiez.org\/wp-content\/uploads\/2020\/06\/sunset-3868712_640-140x140.jpg",140,140,true],"medium":["https:\/\/moeckernkiez.org\/wp-content\/uploads\/2020\/06\/sunset-3868712_640-350x189.jpg",350,189,true],"medium_large":["https:\/\/moeckernkiez.org\/wp-content\/uploads\/2020\/06\/sunset-3868712_640.jpg",640,346,false],"large":["https:\/\/moeckernkiez.org\/wp-content\/uploads\/2020\/06\/sunset-3868712_640.jpg",640,346,false],"1536x1536":["https:\/\/moeckernkiez.org\/wp-content\/uploads\/2020\/06\/sunset-3868712_640.jpg",640,346,false],"2048x2048":["https:\/\/moeckernkiez.org\/wp-content\/uploads\/2020\/06\/sunset-3868712_640.jpg",640,346,false],"awpcp-thumbnail":["https:\/\/moeckernkiez.org\/wp-content\/uploads\/2020\/06\/sunset-3868712_640.jpg",200,108,false],"awpcp-featured":["https:\/\/moeckernkiez.org\/wp-content\/uploads\/2020\/06\/sunset-3868712_640.jpg",300,162,false],"awpcp-featured-on-lists":["https:\/\/moeckernkiez.org\/wp-content\/uploads\/2020\/06\/sunset-3868712_640.jpg",300,162,false],"awpcp-large":["https:\/\/moeckernkiez.org\/wp-content\/uploads\/2020\/06\/sunset-3868712_640.jpg",640,346,false]},"uagb_author_info":{"display_name":"MB","author_link":"https:\/\/moeckernkiez.org\/?author=2"},"uagb_comment_info":0,"uagb_excerpt":"Die AG Kultur hatte auch f\u00fcr den Sommer 2020 ein abwechslungsreiches Programm zusammen gestellt. Immer am Wochenende fanden zwischen 15 und 18 Uhr unterschiedliche musikalische Darbietungen statt.","publishpress_future_action":{"enabled":false,"date":"2026-05-07 10:15:06","action":"change-status","newStatus":"draft","terms":[],"taxonomy":"category","extraData":[]},"publishpress_future_workflow_manual_trigger":{"enabledWorkflows":[]},"_links":{"self":[{"href":"https:\/\/moeckernkiez.org\/index.php?rest_route=\/wp\/v2\/posts\/3677","targetHints":{"allow":["GET"]}}],"collection":[{"href":"https:\/\/moeckernkiez.org\/index.php?rest_route=\/wp\/v2\/posts"}],"about":[{"href":"https:\/\/moeckernkiez.org\/index.php?rest_route=\/wp\/v2\/types\/post"}],"author":[{"embeddable":true,"href":"https:\/\/moeckernkiez.org\/index.php?rest_route=\/wp\/v2\/users\/2"}],"replies":[{"embeddable":true,"href":"https:\/\/moeckernkiez.org\/index.php?rest_route=%2Fwp%2Fv2%2Fcomments&post=3677"}],"version-history":[{"count":10,"href":"https:\/\/moeckernkiez.org\/index.php?rest_route=\/wp\/v2\/posts\/3677\/revisions"}],"predecessor-version":[{"id":17878,"href":"https:\/\/moeckernkiez.org\/index.php?rest_route=\/wp\/v2\/posts\/3677\/revisions\/17878"}],"wp:featuredmedia":[{"embeddable":true,"href":"https:\/\/moeckernkiez.org\/index.php?rest_route=\/wp\/v2\/media\/3678"}],"wp:attachment":[{"href":"https:\/\/moeckernkiez.org\/index.php?rest_route=%2Fwp%2Fv2%2Fmedia&parent=3677"}],"wp:term":[{"taxonomy":"category","embeddable":true,"href":"https:\/\/moeckernkiez.org\/index.php?rest_route=%2Fwp%2Fv2%2Fcategories&post=3677"},{"taxonomy":"post_tag","embeddable":true,"href":"https:\/\/moeckernkiez.org\/index.php?rest_route=%2Fwp%2Fv2%2Ftags&post=3677"}],"curies":[{"name":"wp","href":"https:\/\/api.w.org\/{rel}","templated":true}]}}