{"id":3652,"date":"2020-06-26T11:48:00","date_gmt":"2020-06-26T09:48:00","guid":{"rendered":"https:\/\/redaktion.moeckernkiez.org\/?p=3652"},"modified":"2020-07-15T17:19:29","modified_gmt":"2020-07-15T15:19:29","slug":"zero-waste-bau-und-kreativmarkt-am-alexanderplatz-gestartet","status":"publish","type":"post","link":"https:\/\/moeckernkiez.org\/?p=3652","title":{"rendered":"Zero Waste Bau- und Kreativmarkt am Alexanderplatz gestartet"},"content":{"rendered":"\n<div class=\"wp-block-image\"><figure class=\"alignright size-medium\"><img loading=\"lazy\" decoding=\"async\" width=\"350\" height=\"161\" src=\"https:\/\/redaktion.moeckernkiez.org\/wp-content\/uploads\/2020\/06\/teppiche_hdm-350x161.jpg\" alt=\"\" class=\"wp-image-3655\" srcset=\"https:\/\/moeckernkiez.org\/wp-content\/uploads\/2020\/06\/teppiche_hdm-350x161.jpg 350w, https:\/\/moeckernkiez.org\/wp-content\/uploads\/2020\/06\/teppiche_hdm-768x353.jpg 768w, https:\/\/moeckernkiez.org\/wp-content\/uploads\/2020\/06\/teppiche_hdm.jpg 1024w\" sizes=\"auto, (max-width: 350px) 100vw, 350px\" \/><figcaption>Bildquelle: <a rel=\"noreferrer noopener\" href=\"https:\/\/kunst-stoffe-berlin.de\/material-kontor-im-hdm\/\" target=\"_blank\">Zero Waste HDM<\/a><\/figcaption><\/figure><\/div>\n\n\n\n<h4 class=\"wp-block-heading\">Repair Initiativen<\/h4>\n\n\n\n<p>Am Samstag, den 20. Juni unseren Gebrauchtmaterial-Markt im \u201eHaus der Materialisierung\u201c am Alexanderplatz. <br>Von 14-18 Uhr sind Interessierte herzlich eingeladen, das Konzept kennenzulernen, im Sortiment zu st\u00f6bern, zwei thematische Ausstellungen anzuschauen und in einem offenen Workshop ihren \u201e\u00f6kologischen Handabdruck\u201c zu gestalten.<\/p>\n\n\n\n<p><strong>Zero-Waste Bau- und Kreativmarkt<\/strong>: Haus der Statistik, Otto-Braun-Str. 70\u201372, Mitte,&nbsp;<a rel=\"noreferrer noopener\" href=\"http:\/\/kunst-stoffe-berlin.de\/\" target=\"_blank\">kunst-stoffe-<\/a><a rel=\"noreferrer noopener\" href=\"https:\/\/kunst-stoffe-berlin.de\/material-kontor-im-hdm\/\" target=\"_blank\">berlin<\/a><a rel=\"noreferrer noopener\" href=\"http:\/\/kunst-stoffe-berlin.de\/\" target=\"_blank\">.de<\/a>,<\/p>\n\n\n\n<p>Zugang zum Haus der Materialisierung \u00fcber Berolinastra\u00dfe. \u00d6ffnungszeiten: Di 15-19 Uhr und nach Absprache, <a href=\"mailto:hdm@kunst-stoffe-berlin.de\">hdm@kunst-stoffe-berlin.de<\/a>, Tel: 0176 \u2013 73 18 76 73<\/p>\n","protected":false},"excerpt":{"rendered":"<p>Von 14-18 Uhr sind Interessierte herzlich eingeladen, das Konzept kennenzulernen, im Sortiment zu st\u00f6bern &#8230;<\/p>\n","protected":false},"author":2,"featured_media":3655,"comment_status":"closed","ping_status":"closed","sticky":false,"template":"","format":"standard","meta":{"_uag_custom_page_level_css":"","iawp_total_views":6,"footnotes":""},"categories":[41,6,1],"tags":[69],"class_list":["post-3652","post","type-post","status-publish","format-standard","has-post-thumbnail","hentry","category-digirepair","category-initiativen","category-vermischtes","tag-normal","entry","rows-excerpt"],"uagb_featured_image_src":{"full":["https:\/\/moeckernkiez.org\/wp-content\/uploads\/2020\/06\/teppiche_hdm.jpg",1024,470,false],"thumbnail":["https:\/\/moeckernkiez.org\/wp-content\/uploads\/2020\/06\/teppiche_hdm-140x140.jpg",140,140,true],"medium":["https:\/\/moeckernkiez.org\/wp-content\/uploads\/2020\/06\/teppiche_hdm-350x161.jpg",350,161,true],"medium_large":["https:\/\/moeckernkiez.org\/wp-content\/uploads\/2020\/06\/teppiche_hdm-768x353.jpg",768,353,true],"large":["https:\/\/moeckernkiez.org\/wp-content\/uploads\/2020\/06\/teppiche_hdm.jpg",1024,470,false],"1536x1536":["https:\/\/moeckernkiez.org\/wp-content\/uploads\/2020\/06\/teppiche_hdm.jpg",1024,470,false],"2048x2048":["https:\/\/moeckernkiez.org\/wp-content\/uploads\/2020\/06\/teppiche_hdm.jpg",1024,470,false],"awpcp-thumbnail":["https:\/\/moeckernkiez.org\/wp-content\/uploads\/2020\/06\/teppiche_hdm.jpg",200,92,false],"awpcp-featured":["https:\/\/moeckernkiez.org\/wp-content\/uploads\/2020\/06\/teppiche_hdm.jpg",300,138,false],"awpcp-featured-on-lists":["https:\/\/moeckernkiez.org\/wp-content\/uploads\/2020\/06\/teppiche_hdm.jpg",300,138,false],"awpcp-large":["https:\/\/moeckernkiez.org\/wp-content\/uploads\/2020\/06\/teppiche_hdm.jpg",640,294,false]},"uagb_author_info":{"display_name":"MB","author_link":"https:\/\/moeckernkiez.org\/?author=2"},"uagb_comment_info":0,"uagb_excerpt":"Von 14-18 Uhr sind Interessierte herzlich eingeladen, das Konzept kennenzulernen, im Sortiment zu st\u00f6bern ...","publishpress_future_action":{"enabled":false,"date":"2026-05-07 16:32:44","action":"change-status","newStatus":"draft","terms":[],"taxonomy":"category","extraData":[]},"publishpress_future_workflow_manual_trigger":{"enabledWorkflows":[]},"_links":{"self":[{"href":"https:\/\/moeckernkiez.org\/index.php?rest_route=\/wp\/v2\/posts\/3652","targetHints":{"allow":["GET"]}}],"collection":[{"href":"https:\/\/moeckernkiez.org\/index.php?rest_route=\/wp\/v2\/posts"}],"about":[{"href":"https:\/\/moeckernkiez.org\/index.php?rest_route=\/wp\/v2\/types\/post"}],"author":[{"embeddable":true,"href":"https:\/\/moeckernkiez.org\/index.php?rest_route=\/wp\/v2\/users\/2"}],"replies":[{"embeddable":true,"href":"https:\/\/moeckernkiez.org\/index.php?rest_route=%2Fwp%2Fv2%2Fcomments&post=3652"}],"version-history":[{"count":6,"href":"https:\/\/moeckernkiez.org\/index.php?rest_route=\/wp\/v2\/posts\/3652\/revisions"}],"predecessor-version":[{"id":4518,"href":"https:\/\/moeckernkiez.org\/index.php?rest_route=\/wp\/v2\/posts\/3652\/revisions\/4518"}],"wp:featuredmedia":[{"embeddable":true,"href":"https:\/\/moeckernkiez.org\/index.php?rest_route=\/wp\/v2\/media\/3655"}],"wp:attachment":[{"href":"https:\/\/moeckernkiez.org\/index.php?rest_route=%2Fwp%2Fv2%2Fmedia&parent=3652"}],"wp:term":[{"taxonomy":"category","embeddable":true,"href":"https:\/\/moeckernkiez.org\/index.php?rest_route=%2Fwp%2Fv2%2Fcategories&post=3652"},{"taxonomy":"post_tag","embeddable":true,"href":"https:\/\/moeckernkiez.org\/index.php?rest_route=%2Fwp%2Fv2%2Ftags&post=3652"}],"curies":[{"name":"wp","href":"https:\/\/api.w.org\/{rel}","templated":true}]}}