{"id":3615,"date":"2020-06-25T09:47:00","date_gmt":"2020-06-25T07:47:00","guid":{"rendered":"https:\/\/redaktion.moeckernkiez.org\/?p=3615"},"modified":"2020-06-25T15:34:12","modified_gmt":"2020-06-25T13:34:12","slug":"neuer-zugang-zum-kiez","status":"publish","type":"post","link":"https:\/\/moeckernkiez.org\/?p=3615","title":{"rendered":"Neuer Zugang zum Kiez"},"content":{"rendered":"\n<p>Endlich, nach monatelangem Warten ist nun ein weiterer Zugang zum M\u00f6ckernkiez ge\u00f6ffnet worden.  Man kann also nun ganz schnell auch von der Ecke M\u00f6ckernstra\u00dfe \/ Yorckstra\u00dfe in den M\u00f6ckernkiez gelangen.<\/p>\n\n\n\n<div style=\"height:20px\" aria-hidden=\"true\" class=\"wp-block-spacer\"><\/div>\n\n\n\n<figure class=\"wp-block-gallery columns-2 is-cropped wp-block-gallery-1 is-layout-flex wp-block-gallery-is-layout-flex\"><ul class=\"blocks-gallery-grid\"><li class=\"blocks-gallery-item\"><figure><img loading=\"lazy\" decoding=\"async\" width=\"1024\" height=\"576\" src=\"https:\/\/redaktion.moeckernkiez.org\/wp-content\/uploads\/2020\/06\/img_3563-1024x576.jpg\" alt=\"\" data-id=\"3613\" data-full-url=\"https:\/\/redaktion.moeckernkiez.org\/wp-content\/uploads\/2020\/06\/img_3563-e1592467419668.jpg\" data-link=\"https:\/\/redaktion.moeckernkiez.org\/?attachment_id=3613\" class=\"wp-image-3613\"\/><\/figure><\/li><li class=\"blocks-gallery-item\"><figure><img loading=\"lazy\" decoding=\"async\" width=\"1024\" height=\"768\" src=\"https:\/\/redaktion.moeckernkiez.org\/wp-content\/uploads\/2020\/06\/img_3561-1024x768.jpg\" alt=\"\" data-id=\"3614\" data-full-url=\"https:\/\/redaktion.moeckernkiez.org\/wp-content\/uploads\/2020\/06\/img_3561-scaled-e1592467398672.jpg\" data-link=\"https:\/\/redaktion.moeckernkiez.org\/?attachment_id=3614\" class=\"wp-image-3614\"\/><\/figure><\/li><\/ul><figcaption class=\"blocks-gallery-caption\">Wild wuchert das Gras auf dem kleinen Hotelplatz. W\u00e4r das nicht auch ein sch\u00f6ner Platz f\u00fcr etwas Kunst? <br>Oder darf man hier sogar ein Picknick mitten im M\u00f6ckernkiez machen?<\/figcaption><\/figure>\n","protected":false},"excerpt":{"rendered":"<p>Endlich, nach monatelangem Warten ist nun ein weiterer Zugang zum M\u00f6ckernkiez ge\u00f6ffnet worden.  Man kann also nun ganz schnell auch von der Ecke M\u00f6ckernstra\u00dfe \/ Yorckstra\u00dfe in den M\u00f6ckernkiez gelangen.<\/p>\n","protected":false},"author":2,"featured_media":3619,"comment_status":"closed","ping_status":"closed","sticky":false,"template":"","format":"standard","meta":{"_uag_custom_page_level_css":"","iawp_total_views":36,"footnotes":""},"categories":[5,1],"tags":[69],"class_list":["post-3615","post","type-post","status-publish","format-standard","has-post-thumbnail","hentry","category-moeckernkiez","category-vermischtes","tag-normal","entry","rows-excerpt"],"uagb_featured_image_src":{"full":["https:\/\/moeckernkiez.org\/wp-content\/uploads\/2020\/06\/img_3572-1-scaled-e1592467362751.jpg",1024,768,false],"thumbnail":["https:\/\/moeckernkiez.org\/wp-content\/uploads\/2020\/06\/img_3572-1-140x140.jpg",140,140,true],"medium":["https:\/\/moeckernkiez.org\/wp-content\/uploads\/2020\/06\/img_3572-1-350x263.jpg",350,263,true],"medium_large":["https:\/\/moeckernkiez.org\/wp-content\/uploads\/2020\/06\/img_3572-1-768x576.jpg",768,576,true],"large":["https:\/\/moeckernkiez.org\/wp-content\/uploads\/2020\/06\/img_3572-1-1024x768.jpg",1024,768,true],"1536x1536":["https:\/\/moeckernkiez.org\/wp-content\/uploads\/2020\/06\/img_3572-1-1536x1152.jpg",1536,1152,true],"2048x2048":["https:\/\/moeckernkiez.org\/wp-content\/uploads\/2020\/06\/img_3572-1-2048x1536.jpg",2048,1536,true],"awpcp-thumbnail":["https:\/\/moeckernkiez.org\/wp-content\/uploads\/2020\/06\/img_3572-1-scaled-e1592467362751.jpg",167,125,false],"awpcp-featured":["https:\/\/moeckernkiez.org\/wp-content\/uploads\/2020\/06\/img_3572-1-scaled-e1592467362751.jpg",267,200,false],"awpcp-featured-on-lists":["https:\/\/moeckernkiez.org\/wp-content\/uploads\/2020\/06\/img_3572-1-scaled-e1592467362751.jpg",300,225,false],"awpcp-large":["https:\/\/moeckernkiez.org\/wp-content\/uploads\/2020\/06\/img_3572-1-scaled-e1592467362751.jpg",640,480,false]},"uagb_author_info":{"display_name":"MB","author_link":"https:\/\/moeckernkiez.org\/?author=2"},"uagb_comment_info":0,"uagb_excerpt":"Endlich, nach monatelangem Warten ist nun ein weiterer Zugang zum M\u00f6ckernkiez ge\u00f6ffnet worden. Man kann also nun ganz schnell auch von der Ecke M\u00f6ckernstra\u00dfe \/ Yorckstra\u00dfe in den M\u00f6ckernkiez gelangen.","publishpress_future_action":{"enabled":false,"date":"2026-05-08 19:48:39","action":"change-status","newStatus":"draft","terms":[],"taxonomy":"category","extraData":[]},"publishpress_future_workflow_manual_trigger":{"enabledWorkflows":[]},"_links":{"self":[{"href":"https:\/\/moeckernkiez.org\/index.php?rest_route=\/wp\/v2\/posts\/3615","targetHints":{"allow":["GET"]}}],"collection":[{"href":"https:\/\/moeckernkiez.org\/index.php?rest_route=\/wp\/v2\/posts"}],"about":[{"href":"https:\/\/moeckernkiez.org\/index.php?rest_route=\/wp\/v2\/types\/post"}],"author":[{"embeddable":true,"href":"https:\/\/moeckernkiez.org\/index.php?rest_route=\/wp\/v2\/users\/2"}],"replies":[{"embeddable":true,"href":"https:\/\/moeckernkiez.org\/index.php?rest_route=%2Fwp%2Fv2%2Fcomments&post=3615"}],"version-history":[{"count":7,"href":"https:\/\/moeckernkiez.org\/index.php?rest_route=\/wp\/v2\/posts\/3615\/revisions"}],"predecessor-version":[{"id":3632,"href":"https:\/\/moeckernkiez.org\/index.php?rest_route=\/wp\/v2\/posts\/3615\/revisions\/3632"}],"wp:featuredmedia":[{"embeddable":true,"href":"https:\/\/moeckernkiez.org\/index.php?rest_route=\/wp\/v2\/media\/3619"}],"wp:attachment":[{"href":"https:\/\/moeckernkiez.org\/index.php?rest_route=%2Fwp%2Fv2%2Fmedia&parent=3615"}],"wp:term":[{"taxonomy":"category","embeddable":true,"href":"https:\/\/moeckernkiez.org\/index.php?rest_route=%2Fwp%2Fv2%2Fcategories&post=3615"},{"taxonomy":"post_tag","embeddable":true,"href":"https:\/\/moeckernkiez.org\/index.php?rest_route=%2Fwp%2Fv2%2Ftags&post=3615"}],"curies":[{"name":"wp","href":"https:\/\/api.w.org\/{rel}","templated":true}]}}