{"id":3032,"date":"2020-04-27T11:00:00","date_gmt":"2020-04-27T09:00:00","guid":{"rendered":"https:\/\/redaktion.moeckernkiez.org\/?p=3032"},"modified":"2020-05-04T15:26:16","modified_gmt":"2020-05-04T13:26:16","slug":"support-your-locals-cafe-nisk-yorck-25","status":"publish","type":"post","link":"https:\/\/moeckernkiez.org\/?p=3032","title":{"rendered":"Support your locals &#8211; Caf\u00e9 N\u00eesk &#8211; Yorck 25"},"content":{"rendered":"\n<div class=\"wp-block-image\"><figure class=\"alignright size-medium\"><img decoding=\"async\" src=\"https:\/\/redaktion.moeckernkiez.org\/wp-content\/uploads\/2020\/04\/nisk-350x330.jpg\" alt=\"\" class=\"wp-image-3035\"\/><figcaption>Image by N\u00eesk<\/figcaption><\/figure><\/div>\n\n\n\n<p class=\"has-drop-cap\">Familie Alag\u00f6z vom N\u00eesk aus der Yorckstra\u00dfe 25 versorgt uns weiter mit leckeren Gerichten.<br>Derzeit leider nur au\u00dfer Haus.<br>Weiterhin sind Fr\u00fchst\u00fcck, Mittagstisch, Suppen, Pasta, Salate, Kaffee und Kuchen im Angebot.&nbsp;Au\u00dferdem k\u00f6nnen Croissants, Br\u00f6tchen, gek\u00fchlte Weine, Biere, Softdrinks und frisch gepresste S\u00e4fte und Smoothies&nbsp;abgeholt werden und ab einer gr\u00f6\u00dferen Menge auch geliefert werden.&nbsp;<\/p>\n\n\n\n<p>Telefonische Bestellungen werden auch <br>unter <strong>0172 34 72 730<\/strong> entgegen genommen.&nbsp;<\/p>\n\n\n\n<p>Die Gesch\u00e4ftszeiten sind Montag\u00a0bis Freitag von 8 bis 18 Uhr. An Sonn- und Feiertagen von 9 bis 18 Uhr. Am Samstag ist vorerst Ruhetag.<br>Zu diesen Zeiten gibt es t\u00e4glich frisch zubereitete vegetarische und Fleischgerichte. <br>Beachtet bitte die Aush\u00e4nge des Men\u00fcplans in den Hausaufg\u00e4ngen, welcher von Montag bis Freitag gilt und w\u00f6chentlich durch wechselnde Mittagsgerichte erneuert wird. <br>Auch an Sonn- und Feiertagen, wenn andere Gesch\u00e4fte geschlossen haben, ist das N\u00eesk Team f\u00fcr den Kiez da und die Kunden k\u00f6nnen zus\u00e4tzlich frische Br\u00f6tchen und Croissants f\u00fcr ihr eigenes Heimfr\u00fchst\u00fcck erwerben.<br><br>Unterst\u00fctzt unsere lokalen Gewerbetreibenden\u00a0Yeter &amp; Ersin<\/p>\n","protected":false},"excerpt":{"rendered":"<p>Familie Alag\u00f6z vom N\u00eesk aus der Yorckstr. 25 versorgt uns weiter mit leckeren Gerichten. Weiterhin sind Fr\u00fchst\u00fcck, Mittagstisch, Suppen, Pasta, Salate Kaffee und Kuchen im Angebot. <\/p>\n","protected":false},"author":2,"featured_media":0,"comment_status":"closed","ping_status":"closed","sticky":false,"template":"","format":"standard","meta":{"_uag_custom_page_level_css":"","iawp_total_views":465,"footnotes":""},"categories":[5],"tags":[65],"class_list":["post-3032","post","type-post","status-publish","format-standard","hentry","category-moeckernkiez","tag-support-our-locals","entry","rows-excerpt"],"uagb_featured_image_src":{"full":false,"thumbnail":false,"medium":false,"medium_large":false,"large":false,"1536x1536":false,"2048x2048":false,"awpcp-thumbnail":false,"awpcp-featured":false,"awpcp-featured-on-lists":false,"awpcp-large":false},"uagb_author_info":{"display_name":"MB","author_link":"https:\/\/moeckernkiez.org\/?author=2"},"uagb_comment_info":0,"uagb_excerpt":"Familie Alag\u00f6z vom N\u00eesk aus der Yorckstr. 25 versorgt uns weiter mit leckeren Gerichten. Weiterhin sind Fr\u00fchst\u00fcck, Mittagstisch, Suppen, Pasta, Salate Kaffee und Kuchen im Angebot.","publishpress_future_action":{"enabled":false,"date":"2026-05-06 12:07:49","action":"change-status","newStatus":"draft","terms":[],"taxonomy":"category","extraData":[]},"publishpress_future_workflow_manual_trigger":{"enabledWorkflows":[]},"_links":{"self":[{"href":"https:\/\/moeckernkiez.org\/index.php?rest_route=\/wp\/v2\/posts\/3032","targetHints":{"allow":["GET"]}}],"collection":[{"href":"https:\/\/moeckernkiez.org\/index.php?rest_route=\/wp\/v2\/posts"}],"about":[{"href":"https:\/\/moeckernkiez.org\/index.php?rest_route=\/wp\/v2\/types\/post"}],"author":[{"embeddable":true,"href":"https:\/\/moeckernkiez.org\/index.php?rest_route=\/wp\/v2\/users\/2"}],"replies":[{"embeddable":true,"href":"https:\/\/moeckernkiez.org\/index.php?rest_route=%2Fwp%2Fv2%2Fcomments&post=3032"}],"version-history":[{"count":9,"href":"https:\/\/moeckernkiez.org\/index.php?rest_route=\/wp\/v2\/posts\/3032\/revisions"}],"predecessor-version":[{"id":3167,"href":"https:\/\/moeckernkiez.org\/index.php?rest_route=\/wp\/v2\/posts\/3032\/revisions\/3167"}],"wp:attachment":[{"href":"https:\/\/moeckernkiez.org\/index.php?rest_route=%2Fwp%2Fv2%2Fmedia&parent=3032"}],"wp:term":[{"taxonomy":"category","embeddable":true,"href":"https:\/\/moeckernkiez.org\/index.php?rest_route=%2Fwp%2Fv2%2Fcategories&post=3032"},{"taxonomy":"post_tag","embeddable":true,"href":"https:\/\/moeckernkiez.org\/index.php?rest_route=%2Fwp%2Fv2%2Ftags&post=3032"}],"curies":[{"name":"wp","href":"https:\/\/api.w.org\/{rel}","templated":true}]}}