{"id":2794,"date":"2020-04-03T10:35:04","date_gmt":"2020-04-03T08:35:04","guid":{"rendered":"https:\/\/redaktion.moeckernkiez.org\/?p=2794"},"modified":"2020-04-30T02:36:19","modified_gmt":"2020-04-30T00:36:19","slug":"kleines-fruehlingskonzert-im-moeckernkiez","status":"publish","type":"post","link":"https:\/\/moeckernkiez.org\/?p=2794","title":{"rendered":"Support your locals &#8211; Kleines Fr\u00fchlingskonzert im M\u00f6ckernkiez"},"content":{"rendered":"\n<div class=\"wp-block-image\"><figure class=\"alignright size-medium is-resized\"><img loading=\"lazy\" decoding=\"async\" src=\"https:\/\/redaktion.moeckernkiez.org\/wp-content\/uploads\/2020\/04\/caltha-palustris-4094922_640-350x233.jpg\" alt=\"\" class=\"wp-image-2797\" width=\"264\" height=\"176\" srcset=\"https:\/\/moeckernkiez.org\/wp-content\/uploads\/2020\/04\/caltha-palustris-4094922_640-350x233.jpg 350w, https:\/\/moeckernkiez.org\/wp-content\/uploads\/2020\/04\/caltha-palustris-4094922_640.jpg 640w\" sizes=\"auto, (max-width: 264px) 100vw, 264px\" \/><figcaption>Image by <a href=\"https:\/\/pixabay.com\/users\/NickyPe-10327513\/?utm_source=link-attribution&amp;utm_medium=referral&amp;utm_campaign=image&amp;utm_content=4094922\">NickyPe<\/a> from <a href=\"https:\/\/pixabay.com\/?utm_source=link-attribution&amp;utm_medium=referral&amp;utm_campaign=image&amp;utm_content=4094922\">Pixabay<\/a><\/figcaption><\/figure><\/div>\n\n\n\n<p>Am 2. April am Nachmittag hat bei strahlendem Sonnenschein ein Quartett aus S\u00e4nger*innen des Rundfunkchors Berlin und des Rias Kammerchors ein kleines Fr\u00fchlingskonzert gegeben. <br>Viele Nachbar*innen haben zugeh\u00f6rt und sich von den wunderbaren Stimmen bezaubern lassen. Das Konzert war umsonst, es wurden keine Spenden eingesammelt. <br>Die festangestellten S\u00e4ngerinnen und S\u00e4nger des Rundfunkchores Berlin haben innerhalb des Ensembles eine Spendenaktion gestartet, um ihren Kolleginnen und Kollegen schnellstm\u00f6glich, bedingungslos und unkompliziert Hilfe zukommen zu lassen. <br>Unter <a href=\"https:\/\/corona.rundfunkchor.info\/\">https:\/\/corona.rundfunkchor.info\/ <\/a>kann gespendet werden. Es w\u00e4re wunderbar, wenn vor allem diejenigen, die sich \u00fcber das musikalische Geschenk freuen durften, diesem Anliegen Folge leisten k\u00f6nnten.<\/p>\n","protected":false},"excerpt":{"rendered":"<p>Die festangestellten S\u00e4ngerinnen und S\u00e4nger des Rundfunkchores Berlin haben innerhalb des Ensembles eine Spendenaktion gestartet, um ihren Kolleginnen und Kollegen schnellstm\u00f6glich, bedingungslos und unkompliziert Hilfe zukommen zu lassen. <\/p>\n","protected":false},"author":2,"featured_media":2797,"comment_status":"closed","ping_status":"closed","sticky":false,"template":"","format":"standard","meta":{"_uag_custom_page_level_css":"","iawp_total_views":1,"footnotes":""},"categories":[6,5],"tags":[65],"class_list":["post-2794","post","type-post","status-publish","format-standard","has-post-thumbnail","hentry","category-initiativen","category-moeckernkiez","tag-support-our-locals","entry","rows-excerpt"],"uagb_featured_image_src":{"full":["https:\/\/moeckernkiez.org\/wp-content\/uploads\/2020\/04\/caltha-palustris-4094922_640.jpg",640,426,false],"thumbnail":["https:\/\/moeckernkiez.org\/wp-content\/uploads\/2020\/04\/caltha-palustris-4094922_640-140x140.jpg",140,140,true],"medium":["https:\/\/moeckernkiez.org\/wp-content\/uploads\/2020\/04\/caltha-palustris-4094922_640-350x233.jpg",350,233,true],"medium_large":["https:\/\/moeckernkiez.org\/wp-content\/uploads\/2020\/04\/caltha-palustris-4094922_640.jpg",640,426,false],"large":["https:\/\/moeckernkiez.org\/wp-content\/uploads\/2020\/04\/caltha-palustris-4094922_640.jpg",640,426,false],"1536x1536":["https:\/\/moeckernkiez.org\/wp-content\/uploads\/2020\/04\/caltha-palustris-4094922_640.jpg",640,426,false],"2048x2048":["https:\/\/moeckernkiez.org\/wp-content\/uploads\/2020\/04\/caltha-palustris-4094922_640.jpg",640,426,false],"awpcp-thumbnail":["https:\/\/moeckernkiez.org\/wp-content\/uploads\/2020\/04\/caltha-palustris-4094922_640.jpg",188,125,false],"awpcp-featured":["https:\/\/moeckernkiez.org\/wp-content\/uploads\/2020\/04\/caltha-palustris-4094922_640.jpg",300,200,false],"awpcp-featured-on-lists":["https:\/\/moeckernkiez.org\/wp-content\/uploads\/2020\/04\/caltha-palustris-4094922_640.jpg",300,200,false],"awpcp-large":["https:\/\/moeckernkiez.org\/wp-content\/uploads\/2020\/04\/caltha-palustris-4094922_640.jpg",640,426,false]},"uagb_author_info":{"display_name":"MB","author_link":"https:\/\/moeckernkiez.org\/?author=2"},"uagb_comment_info":0,"uagb_excerpt":"Die festangestellten S\u00e4ngerinnen und S\u00e4nger des Rundfunkchores Berlin haben innerhalb des Ensembles eine Spendenaktion gestartet, um ihren Kolleginnen und Kollegen schnellstm\u00f6glich, bedingungslos und unkompliziert Hilfe zukommen zu lassen.","publishpress_future_action":{"enabled":false,"date":"2026-05-06 10:24:40","action":"change-status","newStatus":"draft","terms":[],"taxonomy":"category","extraData":[]},"publishpress_future_workflow_manual_trigger":{"enabledWorkflows":[]},"_links":{"self":[{"href":"https:\/\/moeckernkiez.org\/index.php?rest_route=\/wp\/v2\/posts\/2794","targetHints":{"allow":["GET"]}}],"collection":[{"href":"https:\/\/moeckernkiez.org\/index.php?rest_route=\/wp\/v2\/posts"}],"about":[{"href":"https:\/\/moeckernkiez.org\/index.php?rest_route=\/wp\/v2\/types\/post"}],"author":[{"embeddable":true,"href":"https:\/\/moeckernkiez.org\/index.php?rest_route=\/wp\/v2\/users\/2"}],"replies":[{"embeddable":true,"href":"https:\/\/moeckernkiez.org\/index.php?rest_route=%2Fwp%2Fv2%2Fcomments&post=2794"}],"version-history":[{"count":2,"href":"https:\/\/moeckernkiez.org\/index.php?rest_route=\/wp\/v2\/posts\/2794\/revisions"}],"predecessor-version":[{"id":2938,"href":"https:\/\/moeckernkiez.org\/index.php?rest_route=\/wp\/v2\/posts\/2794\/revisions\/2938"}],"wp:featuredmedia":[{"embeddable":true,"href":"https:\/\/moeckernkiez.org\/index.php?rest_route=\/wp\/v2\/media\/2797"}],"wp:attachment":[{"href":"https:\/\/moeckernkiez.org\/index.php?rest_route=%2Fwp%2Fv2%2Fmedia&parent=2794"}],"wp:term":[{"taxonomy":"category","embeddable":true,"href":"https:\/\/moeckernkiez.org\/index.php?rest_route=%2Fwp%2Fv2%2Fcategories&post=2794"},{"taxonomy":"post_tag","embeddable":true,"href":"https:\/\/moeckernkiez.org\/index.php?rest_route=%2Fwp%2Fv2%2Ftags&post=2794"}],"curies":[{"name":"wp","href":"https:\/\/api.w.org\/{rel}","templated":true}]}}