{"id":20508,"date":"2025-08-31T16:52:37","date_gmt":"2025-08-31T14:52:37","guid":{"rendered":"https:\/\/moeckernkiez.org\/?p=20508"},"modified":"2025-08-31T19:42:58","modified_gmt":"2025-08-31T17:42:58","slug":"ladestrom-fuer-unterwegs-supernova-nachruestung","status":"publish","type":"post","link":"https:\/\/moeckernkiez.org\/?p=20508","title":{"rendered":"Ladestrom f\u00fcr unterwegs \u2013 Supernova Nachr\u00fcstung"},"content":{"rendered":"\n<h2 class=\"wp-block-heading\">Es w\u00e4r zu einfach, wenn es nichts zu l\u00f6ten g\u00e4be &#8230; <\/h2>\n\n\n\n<p class=\"has-cyan-bluish-gray-color has-text-color has-link-color wp-elements-bc754585c458ba5bdd42bafd2efe2ed5\">Update vom 31.08.2025 | Erstellt am 19.07.2025 der Test l\u00e4uft noch Updates folgen<\/p>\n\n\n\n<p><strong>Supernova USB-C Charger am Desiknio Dopamine E-Bike: Strom f\u00fcr unterwegs \u2013 mit kleinen Einschr\u00e4nkungen<\/strong><br>Seit Kurzem teste ich an meinem Desiknio Dopamine das  <a href=\"https:\/\/supernova-lights.com\/products\/usb-c-charger\" target=\"_blank\" rel=\"noreferrer noopener\">USB-C Lademodul von Supernova<\/a>. Dieses praktische Zubeh\u00f6r l\u00e4sst sich ganz einfach \u00fcber den Stecker f\u00fcr den Frontlichtanschluss anschlie\u00dfen \u2013 in meinem Fall am Supernova V521s Scheinwerfer. Der Stecker des Frontlichts wird dabei kurz abgezogen, und das Ladeger\u00e4t eingesteckt. Simpel und schnell erledigt!<\/p>\n\n\n\n<p><strong>Apple iPhone ja \u2013 iPad jein<\/strong><br>Auf meiner ersten Testfahrt zeigte sich: Mein Apple iPhone 15 Pro wird w\u00e4hrend der Fahrt zuverl\u00e4ssig geladen. Der Strom aus dem Mahle X20 System reicht also aus, um das Smartphone konstant mit Energie zu versorgen (ich habe es mittlerweise gemessen &#8211; es sind nur ca. 4 Watt, die aus dem Stecker kommen). Doch wer f\u00e4hrt schon mit Smartphone. Mein Navigator- und Entertainmentsystem f\u00fcr unterwegs ist das iPad Mini 6. Generation, Cellular. Da sieht es dann etwas anders aus: Hier erscheint auf dem Display rechts oben der Hinweis \u201el\u00e4dt nicht\u201c. Tats\u00e4chlich reicht die Ladeleistung von ca. 4 Watt offenbar nicht aus, um das iPad aktiv zu laden. Aber: W\u00e4hrend meiner rund 100 km langen Testfahrt blieb der Akkustand nahezu konstant \u2013 es entlud sich also auch nicht. Voraussetzung war allerdings, dass ich den Stromsparmodus aktivierte und die Displayhelligkeit auf 50\u202f% reduzierte. Sobald ein Video lief &#8211; war nur f\u00fcr diesen Test angeschaltet &#8211; ging der Akkustand jedoch langsam zur\u00fcck.<\/p>\n\n\n\n<p><strong>Montage &amp; Handling<\/strong><br>Die Befestigung ist durchdacht: Der Charger l\u00e4sst sich mit dem beiliegenden schlanken Halter direkt an der Scheinwerferhalterung montieren \u2013 stabil, unauff\u00e4llig und nahe am Ger\u00e4t. Einziger Nachteil: Das manuelle Umstecken vom Licht auf den Charger ist auf Dauer etwas l\u00e4stig.<\/p>\n\n\n\n<p><strong>Sch\u00f6ner Schalten \u2013 mit dem Supernova BarEnd Switch oder doch ein DIY-Eigenbau?<\/strong> <br>Die echt coole L\u00f6sung w\u00e4re simpel: Der <a href=\"https:\/\/supernova-lights.com\/products\/supernova-barend-switch\" target=\"_blank\" rel=\"noreferrer noopener\"><strong>Supernova Barend Switch<\/strong><\/a> f\u00fcr 49,90\u202f\u20ac erlaubt ein komfortables Umschalten zwischen Licht und Ladeger\u00e4t \u2013 ohne Steckerziehen. <br><s>Leider br\u00e4uchte ich daf\u00fcr ein Loch im Lenker, denn mein Lenker ist gerade und hat keinen passenden Durchlass. <\/s><br>Da ich nicht gleich einige L\u00f6cher in meinen Originallenker bohren wollte, habe ich online nach einem zweiten gesucht. Und tats\u00e4chlich, bei Finest Bikes haben die den f\u00fcr 10,- \u20ac verkauft &#8230; was ein Schn\u00e4ppchen. Aber noch viel besser, die hatten auch einen BMC Lenker LSB 02 AMP Aluminium schwarz eloxiert, Klemmung 31,8 mm &#8211; breite 680 mm mit Kabell\u00f6chern &#8230; was eine sch\u00f6ne \u00dcberraschung &#8230; na dann gleich beide einfach bestellt. Nach ein paar Tagen waren die Lenker dann bei mir und es ging ans Bauen. <br>Anmerkung: Der Lenker-Ende-Schalter war mittlerweile bei Supoernova lieferbar. <br>Doch die L\u00f6sung mit den einfachen Kontakten in der <a href=\"https:\/\/cdn.shopify.com\/s\/files\/1\/0585\/1286\/7505\/files\/USB_Schaltplan_M99-DY-PRO-ENG.pdf?v=1756193103\" target=\"_blank\" rel=\"noreferrer noopener\">Supernova Montageskizze<\/a> \u00fcberzeugte mich nicht. Ich h\u00e4tte mir gew\u00fcnscht, dass an den Enden jeweils die passenden Supernova Stecker verwendet werden. Das war entt\u00e4uschend. <br>Daf\u00fcr habe ich mich, auch wegen meiner kleinen Lenkerspiegel, f\u00fcr einen Eigenbau entschieden. Also kurzerhand, in Wirklichkeit waren es Tage, einen eigenen BarEndSwitch 3D designed, bei Amazon einge Drei-Pin-Umschalter und bei Supernova zwei  <a href=\"https:\/\/supernova-lights.com\/products\/verlangerungskabel-anschlusskabel\" target=\"_blank\" rel=\"noreferrer noopener\">Verl\u00e4ngerungskabel Anschlusskabel<\/a> (je 19,90 \u20ac) bestellt.<br>Ziel ist es auch unterwegs ohne viel Umbau einfach den Scheinwerfer wieder auf den Origianlstecker umstecken zu k\u00f6nnen &#8230; sollte eine der L\u00f6tstellen im Laufe der Zeit schwach werden. Nun, der Supernova BarEndSwitch in Aluminium und sch\u00f6n schwarz eloziert sieht nat\u00fcrlich top aus, doch meine DIY L\u00f6sung vereint meine kleinen &#8222;Au\u00dfenspiegel&#8220;, die ich auf langen Touren nicht mehr missen m\u00f6chte, mit einer praktikablen Schalterl\u00f6sung.<br>Hier der 3D Entwurf. Das ganze wird dann mit M3 Schrauben und Muttern im Lenker fixiert.<br><\/p>\n\n\n\n<figure class=\"wp-block-image size-full is-resized\"><img loading=\"lazy\" decoding=\"async\" width=\"900\" height=\"301\" src=\"https:\/\/moeckernkiez.org\/wp-content\/uploads\/2025\/08\/grafik-1.png\" alt=\"\" class=\"wp-image-20628\" style=\"width:655px;height:auto\" srcset=\"https:\/\/moeckernkiez.org\/wp-content\/uploads\/2025\/08\/grafik-1.png 900w, https:\/\/moeckernkiez.org\/wp-content\/uploads\/2025\/08\/grafik-1-350x117.png 350w, https:\/\/moeckernkiez.org\/wp-content\/uploads\/2025\/08\/grafik-1-768x257.png 768w, https:\/\/moeckernkiez.org\/wp-content\/uploads\/2025\/08\/grafik-1-640x214.png 640w\" sizes=\"auto, (max-width: 900px) 100vw, 900px\" \/><\/figure>\n\n\n\n<p>Ein bisschen DIY geh\u00f6rt beim Thema E-Bike-Modding eben dazu &#8211; unten weitere Bilder.<br>Wie ich das R\u00fccklicht w\u00e4hrend der Tagfahrt aus und dann auch wieder einschalte habe ich noch nicht so recht bedacht &#8211; ohje \ud83d\ude09<\/p>\n\n\n<div class=\"wp-block-image is-style-rounded\">\n<figure class=\"alignright\"><img loading=\"lazy\" decoding=\"async\" width=\"140\" height=\"140\" src=\"https:\/\/moeckernkiez.org\/wp-content\/uploads\/2023\/02\/DALL\u00b7E-2023-02-04-11.15.12-online-profil-bild-einer-schoenen-asiatischen-frau-30-jahre-alt-froehlich-lachend-strand-im-hintergrund-gesicht-im-bildzentrum-und-grossem-rand-140x140.png\" alt=\"Xia Linge - new writer on the blog\" class=\"wp-image-16405\" srcset=\"https:\/\/moeckernkiez.org\/wp-content\/uploads\/2023\/02\/DALL\u00b7E-2023-02-04-11.15.12-online-profil-bild-einer-schoenen-asiatischen-frau-30-jahre-alt-froehlich-lachend-strand-im-hintergrund-gesicht-im-bildzentrum-und-grossem-rand-140x140.png 140w, https:\/\/moeckernkiez.org\/wp-content\/uploads\/2023\/02\/DALL\u00b7E-2023-02-04-11.15.12-online-profil-bild-einer-schoenen-asiatischen-frau-30-jahre-alt-froehlich-lachend-strand-im-hintergrund-gesicht-im-bildzentrum-und-grossem-rand-350x350.png 350w, https:\/\/moeckernkiez.org\/wp-content\/uploads\/2023\/02\/DALL\u00b7E-2023-02-04-11.15.12-online-profil-bild-einer-schoenen-asiatischen-frau-30-jahre-alt-froehlich-lachend-strand-im-hintergrund-gesicht-im-bildzentrum-und-grossem-rand.png 1024w, https:\/\/moeckernkiez.org\/wp-content\/uploads\/2023\/02\/DALL\u00b7E-2023-02-04-11.15.12-online-profil-bild-einer-schoenen-asiatischen-frau-30-jahre-alt-froehlich-lachend-strand-im-hintergrund-gesicht-im-bildzentrum-und-grossem-rand-768x768.png 768w, https:\/\/moeckernkiez.org\/wp-content\/uploads\/2023\/02\/DALL\u00b7E-2023-02-04-11.15.12-online-profil-bild-einer-schoenen-asiatischen-frau-30-jahre-alt-froehlich-lachend-strand-im-hintergrund-gesicht-im-bildzentrum-und-grossem-rand-300x300.png 300w, https:\/\/moeckernkiez.org\/wp-content\/uploads\/2023\/02\/DALL\u00b7E-2023-02-04-11.15.12-online-profil-bild-einer-schoenen-asiatischen-frau-30-jahre-alt-froehlich-lachend-strand-im-hintergrund-gesicht-im-bildzentrum-und-grossem-rand-480x480.png 480w\" sizes=\"auto, (max-width: 140px) 100vw, 140px\" \/><figcaption class=\"wp-element-caption\">xia@moeckernkiez.org<\/figcaption><\/figure><\/div>\n\n\n<p><strong>Fazit: <\/strong><br>Der USB-C Charger von Supernova ist ein hochwertig verarbeitetes Zubeh\u00f6r, ideal f\u00fcr die Smartphone-Ladung unterwegs. Bei leistungshungrigeren Ger\u00e4ten wie dem iPad st\u00f6\u00dft es mit dem Mahle System allerdings an seine Grenzen. Die Montage ist unkompliziert, das Handling jedoch noch nicht optimal gel\u00f6st. Mit etwas Bastelwille l\u00e4sst sich hier aber einiges verbessern. <br>Kurz \u00fcberschlagen kostet die einfachste L\u00f6sung \u2013 also nur der USB-C Charger mit Handumsteckung \u2013 69,90 Euro. Mit dem Supernova Bar End Switch f\u00fcr 49,90 \u20ac und basteln liegt man je nach Lenker und Ausbaustufe bei 150,- bis 200,- \u20ac. Wer also mehr Komfort m\u00f6chte, zahlt schnell deutlich mehr: <br>Meine Eigenbaul\u00f6sung mit Drei-Pin-Schalter f\u00fcr etwa 5 Euro, passende Verl\u00e4ngerungen f\u00fcr je 19,99 Euro und eventuell noch einem neuen Lenker muss viel Zeit aufwenden um eventuell 50,- Euro g\u00fcnstiger zu kommen. Und das nur f\u00fcr ein Ladeger\u00e4t am fetten E-Bike-Akku. Wirklich? <br>Da w\u00fcrde mir ein einfacher USB-C Ladekabelanschluss direkt ans Mahle-System mit mehr als nur 4-5 Watt viel besser gefallen&#8230; dass man mehr aus den Akkus holen kann sieht man am <a href=\"\/?p=19988\" target=\"_blank\" rel=\"noreferrer noopener\">Mahle Energy Hub<\/a>. <br>Da ist also noch nicht zuende gebastelt. <br>Bisher habe ich eine zufriedenstellende L\u00f6sung &#8230; perfekt ist es noch nicht!<br><\/p>\n\n\n\n<h2 class=\"wp-block-heading\">Habt ihr noch bessere Ideen? Fragen und Anregungen gerne per Email.<\/h2>\n\n\n\n<p>Klickt auf die Bilder um diese zu vergr\u00f6\u00dfern&#8230;<\/p>\n\n\n\n<figure class=\"wp-block-gallery has-nested-images columns-default is-cropped wp-block-gallery-1 is-layout-flex wp-block-gallery-is-layout-flex\"><div class=\"wp-block-image\">\n<figure data-wp-context=\"{&quot;imageId&quot;:&quot;69ede6f54ee1e&quot;}\" data-wp-interactive=\"core\/image\" class=\"alignleft size-full wp-lightbox-container\"><img loading=\"lazy\" decoding=\"async\" width=\"1024\" height=\"768\" data-wp-class--hide=\"state.isContentHidden\" data-wp-class--show=\"state.isContentVisible\" data-wp-init=\"callbacks.setButtonStyles\" data-wp-on-async--click=\"actions.showLightbox\" data-wp-on-async--load=\"callbacks.setButtonStyles\" data-wp-on-async-window--resize=\"callbacks.setButtonStyles\" data-id=\"20617\" src=\"https:\/\/moeckernkiez.org\/wp-content\/uploads\/2025\/08\/img_2891.jpg\" alt=\"\" class=\"wp-image-20617\" srcset=\"https:\/\/moeckernkiez.org\/wp-content\/uploads\/2025\/08\/img_2891.jpg 1024w, https:\/\/moeckernkiez.org\/wp-content\/uploads\/2025\/08\/img_2891-350x263.jpg 350w, https:\/\/moeckernkiez.org\/wp-content\/uploads\/2025\/08\/img_2891-768x576.jpg 768w, https:\/\/moeckernkiez.org\/wp-content\/uploads\/2025\/08\/img_2891-640x480.jpg 640w\" sizes=\"auto, (max-width: 1024px) 100vw, 1024px\" \/><button\n\t\t\tclass=\"lightbox-trigger\"\n\t\t\ttype=\"button\"\n\t\t\taria-haspopup=\"dialog\"\n\t\t\taria-label=\"Vergr\u00f6\u00dfern\"\n\t\t\tdata-wp-init=\"callbacks.initTriggerButton\"\n\t\t\tdata-wp-on-async--click=\"actions.showLightbox\"\n\t\t\tdata-wp-style--right=\"state.imageButtonRight\"\n\t\t\tdata-wp-style--top=\"state.imageButtonTop\"\n\t\t>\n\t\t\t<svg xmlns=\"http:\/\/www.w3.org\/2000\/svg\" width=\"12\" height=\"12\" fill=\"none\" viewBox=\"0 0 12 12\">\n\t\t\t\t<path fill=\"#fff\" d=\"M2 0a2 2 0 0 0-2 2v2h1.5V2a.5.5 0 0 1 .5-.5h2V0H2Zm2 10.5H2a.5.5 0 0 1-.5-.5V8H0v2a2 2 0 0 0 2 2h2v-1.5ZM8 12v-1.5h2a.5.5 0 0 0 .5-.5V8H12v2a2 2 0 0 1-2 2H8Zm2-12a2 2 0 0 1 2 2v2h-1.5V2a.5.5 0 0 0-.5-.5H8V0h2Z\" \/>\n\t\t\t<\/svg>\n\t\t<\/button><figcaption class=\"wp-element-caption\">Alles fertig eingebaut &#8230; die Kabel schiebe ich nat\u00fcrlich noch in den Lenker<\/figcaption><\/figure><\/div>\n\n\n<figure data-wp-context=\"{&quot;imageId&quot;:&quot;69ede6f54f1d5&quot;}\" data-wp-interactive=\"core\/image\" class=\"wp-block-image size-full wp-lightbox-container\"><img loading=\"lazy\" decoding=\"async\" width=\"768\" height=\"1024\" data-wp-class--hide=\"state.isContentHidden\" data-wp-class--show=\"state.isContentVisible\" data-wp-init=\"callbacks.setButtonStyles\" data-wp-on-async--click=\"actions.showLightbox\" data-wp-on-async--load=\"callbacks.setButtonStyles\" data-wp-on-async-window--resize=\"callbacks.setButtonStyles\" data-id=\"20618\" src=\"https:\/\/moeckernkiez.org\/wp-content\/uploads\/2025\/08\/img_2875.jpg\" alt=\"\" class=\"wp-image-20618\" srcset=\"https:\/\/moeckernkiez.org\/wp-content\/uploads\/2025\/08\/img_2875.jpg 768w, https:\/\/moeckernkiez.org\/wp-content\/uploads\/2025\/08\/img_2875-263x350.jpg 263w, https:\/\/moeckernkiez.org\/wp-content\/uploads\/2025\/08\/img_2875-360x480.jpg 360w\" sizes=\"auto, (max-width: 768px) 100vw, 768px\" \/><button\n\t\t\tclass=\"lightbox-trigger\"\n\t\t\ttype=\"button\"\n\t\t\taria-haspopup=\"dialog\"\n\t\t\taria-label=\"Vergr\u00f6\u00dfern\"\n\t\t\tdata-wp-init=\"callbacks.initTriggerButton\"\n\t\t\tdata-wp-on-async--click=\"actions.showLightbox\"\n\t\t\tdata-wp-style--right=\"state.imageButtonRight\"\n\t\t\tdata-wp-style--top=\"state.imageButtonTop\"\n\t\t>\n\t\t\t<svg xmlns=\"http:\/\/www.w3.org\/2000\/svg\" width=\"12\" height=\"12\" fill=\"none\" viewBox=\"0 0 12 12\">\n\t\t\t\t<path fill=\"#fff\" d=\"M2 0a2 2 0 0 0-2 2v2h1.5V2a.5.5 0 0 1 .5-.5h2V0H2Zm2 10.5H2a.5.5 0 0 1-.5-.5V8H0v2a2 2 0 0 0 2 2h2v-1.5ZM8 12v-1.5h2a.5.5 0 0 0 .5-.5V8H12v2a2 2 0 0 1-2 2H8Zm2-12a2 2 0 0 1 2 2v2h-1.5V2a.5.5 0 0 0-.5-.5H8V0h2Z\" \/>\n\t\t\t<\/svg>\n\t\t<\/button><figcaption class=\"wp-element-caption\">Der Kabelsalat verl\u00f6tet &#8230;<\/figcaption><\/figure>\n\n\n\n<figure data-wp-context=\"{&quot;imageId&quot;:&quot;69ede6f54f620&quot;}\" data-wp-interactive=\"core\/image\" class=\"wp-block-image size-full wp-lightbox-container\"><img loading=\"lazy\" decoding=\"async\" width=\"768\" height=\"1024\" data-wp-class--hide=\"state.isContentHidden\" data-wp-class--show=\"state.isContentVisible\" data-wp-init=\"callbacks.setButtonStyles\" data-wp-on-async--click=\"actions.showLightbox\" data-wp-on-async--load=\"callbacks.setButtonStyles\" data-wp-on-async-window--resize=\"callbacks.setButtonStyles\" data-id=\"20619\" src=\"https:\/\/moeckernkiez.org\/wp-content\/uploads\/2025\/08\/img_2858.jpg\" alt=\"\" class=\"wp-image-20619\" srcset=\"https:\/\/moeckernkiez.org\/wp-content\/uploads\/2025\/08\/img_2858.jpg 768w, https:\/\/moeckernkiez.org\/wp-content\/uploads\/2025\/08\/img_2858-263x350.jpg 263w, https:\/\/moeckernkiez.org\/wp-content\/uploads\/2025\/08\/img_2858-360x480.jpg 360w\" sizes=\"auto, (max-width: 768px) 100vw, 768px\" \/><button\n\t\t\tclass=\"lightbox-trigger\"\n\t\t\ttype=\"button\"\n\t\t\taria-haspopup=\"dialog\"\n\t\t\taria-label=\"Vergr\u00f6\u00dfern\"\n\t\t\tdata-wp-init=\"callbacks.initTriggerButton\"\n\t\t\tdata-wp-on-async--click=\"actions.showLightbox\"\n\t\t\tdata-wp-style--right=\"state.imageButtonRight\"\n\t\t\tdata-wp-style--top=\"state.imageButtonTop\"\n\t\t>\n\t\t\t<svg xmlns=\"http:\/\/www.w3.org\/2000\/svg\" width=\"12\" height=\"12\" fill=\"none\" viewBox=\"0 0 12 12\">\n\t\t\t\t<path fill=\"#fff\" d=\"M2 0a2 2 0 0 0-2 2v2h1.5V2a.5.5 0 0 1 .5-.5h2V0H2Zm2 10.5H2a.5.5 0 0 1-.5-.5V8H0v2a2 2 0 0 0 2 2h2v-1.5ZM8 12v-1.5h2a.5.5 0 0 0 .5-.5V8H12v2a2 2 0 0 1-2 2H8Zm2-12a2 2 0 0 1 2 2v2h-1.5V2a.5.5 0 0 0-.5-.5H8V0h2Z\" \/>\n\t\t\t<\/svg>\n\t\t<\/button><figcaption class=\"wp-element-caption\">Die Teile, Scheinwerfer, Charger und Verl\u00e4ngerungskabel<\/figcaption><\/figure>\n\n\n\n<figure data-wp-context=\"{&quot;imageId&quot;:&quot;69ede6f54f952&quot;}\" data-wp-interactive=\"core\/image\" class=\"wp-block-image size-full wp-lightbox-container\"><img loading=\"lazy\" decoding=\"async\" width=\"768\" height=\"1024\" data-wp-class--hide=\"state.isContentHidden\" data-wp-class--show=\"state.isContentVisible\" data-wp-init=\"callbacks.setButtonStyles\" data-wp-on-async--click=\"actions.showLightbox\" data-wp-on-async--load=\"callbacks.setButtonStyles\" data-wp-on-async-window--resize=\"callbacks.setButtonStyles\" data-id=\"20621\" src=\"https:\/\/moeckernkiez.org\/wp-content\/uploads\/2025\/08\/img_2868.jpg\" alt=\"\" class=\"wp-image-20621\" srcset=\"https:\/\/moeckernkiez.org\/wp-content\/uploads\/2025\/08\/img_2868.jpg 768w, https:\/\/moeckernkiez.org\/wp-content\/uploads\/2025\/08\/img_2868-263x350.jpg 263w, https:\/\/moeckernkiez.org\/wp-content\/uploads\/2025\/08\/img_2868-360x480.jpg 360w\" sizes=\"auto, (max-width: 768px) 100vw, 768px\" \/><button\n\t\t\tclass=\"lightbox-trigger\"\n\t\t\ttype=\"button\"\n\t\t\taria-haspopup=\"dialog\"\n\t\t\taria-label=\"Vergr\u00f6\u00dfern\"\n\t\t\tdata-wp-init=\"callbacks.initTriggerButton\"\n\t\t\tdata-wp-on-async--click=\"actions.showLightbox\"\n\t\t\tdata-wp-style--right=\"state.imageButtonRight\"\n\t\t\tdata-wp-style--top=\"state.imageButtonTop\"\n\t\t>\n\t\t\t<svg xmlns=\"http:\/\/www.w3.org\/2000\/svg\" width=\"12\" height=\"12\" fill=\"none\" viewBox=\"0 0 12 12\">\n\t\t\t\t<path fill=\"#fff\" d=\"M2 0a2 2 0 0 0-2 2v2h1.5V2a.5.5 0 0 1 .5-.5h2V0H2Zm2 10.5H2a.5.5 0 0 1-.5-.5V8H0v2a2 2 0 0 0 2 2h2v-1.5ZM8 12v-1.5h2a.5.5 0 0 0 .5-.5V8H12v2a2 2 0 0 1-2 2H8Zm2-12a2 2 0 0 1 2 2v2h-1.5V2a.5.5 0 0 0-.5-.5H8V0h2Z\" \/>\n\t\t\t<\/svg>\n\t\t<\/button><figcaption class=\"wp-element-caption\">Alle Einzelteile mit meinen Spiegeln<\/figcaption><\/figure>\n\n\n<div class=\"wp-block-image\">\n<figure data-wp-context=\"{&quot;imageId&quot;:&quot;69ede6f54fc91&quot;}\" data-wp-interactive=\"core\/image\" class=\"alignleft size-medium wp-lightbox-container\"><img loading=\"lazy\" decoding=\"async\" width=\"350\" height=\"263\" data-wp-class--hide=\"state.isContentHidden\" data-wp-class--show=\"state.isContentVisible\" data-wp-init=\"callbacks.setButtonStyles\" data-wp-on-async--click=\"actions.showLightbox\" data-wp-on-async--load=\"callbacks.setButtonStyles\" data-wp-on-async-window--resize=\"callbacks.setButtonStyles\" data-id=\"20620\" src=\"https:\/\/moeckernkiez.org\/wp-content\/uploads\/2025\/08\/img_2870-350x263.jpg\" alt=\"\" class=\"wp-image-20620\" srcset=\"https:\/\/moeckernkiez.org\/wp-content\/uploads\/2025\/08\/img_2870-350x263.jpg 350w, https:\/\/moeckernkiez.org\/wp-content\/uploads\/2025\/08\/img_2870-768x576.jpg 768w, https:\/\/moeckernkiez.org\/wp-content\/uploads\/2025\/08\/img_2870-640x480.jpg 640w, https:\/\/moeckernkiez.org\/wp-content\/uploads\/2025\/08\/img_2870.jpg 1024w\" sizes=\"auto, (max-width: 350px) 100vw, 350px\" \/><button\n\t\t\tclass=\"lightbox-trigger\"\n\t\t\ttype=\"button\"\n\t\t\taria-haspopup=\"dialog\"\n\t\t\taria-label=\"Vergr\u00f6\u00dfern\"\n\t\t\tdata-wp-init=\"callbacks.initTriggerButton\"\n\t\t\tdata-wp-on-async--click=\"actions.showLightbox\"\n\t\t\tdata-wp-style--right=\"state.imageButtonRight\"\n\t\t\tdata-wp-style--top=\"state.imageButtonTop\"\n\t\t>\n\t\t\t<svg xmlns=\"http:\/\/www.w3.org\/2000\/svg\" width=\"12\" height=\"12\" fill=\"none\" viewBox=\"0 0 12 12\">\n\t\t\t\t<path fill=\"#fff\" d=\"M2 0a2 2 0 0 0-2 2v2h1.5V2a.5.5 0 0 1 .5-.5h2V0H2Zm2 10.5H2a.5.5 0 0 1-.5-.5V8H0v2a2 2 0 0 0 2 2h2v-1.5ZM8 12v-1.5h2a.5.5 0 0 0 .5-.5V8H12v2a2 2 0 0 1-2 2H8Zm2-12a2 2 0 0 1 2 2v2h-1.5V2a.5.5 0 0 0-.5-.5H8V0h2Z\" \/>\n\t\t\t<\/svg>\n\t\t<\/button><figcaption class=\"wp-element-caption\">Drei Varianten, versenkt, als Aufsatz und in der Spiegelversion<\/figcaption><\/figure><\/div>\n\n<div class=\"wp-block-image\">\n<figure data-wp-context=\"{&quot;imageId&quot;:&quot;69ede6f54ffa4&quot;}\" data-wp-interactive=\"core\/image\" class=\"alignright size-full is-resized wp-lightbox-container\"><img loading=\"lazy\" decoding=\"async\" width=\"583\" height=\"350\" data-wp-class--hide=\"state.isContentHidden\" data-wp-class--show=\"state.isContentVisible\" data-wp-init=\"callbacks.setButtonStyles\" data-wp-on-async--click=\"actions.showLightbox\" data-wp-on-async--load=\"callbacks.setButtonStyles\" data-wp-on-async-window--resize=\"callbacks.setButtonStyles\" data-id=\"20517\" src=\"https:\/\/moeckernkiez.org\/wp-content\/uploads\/2025\/07\/grafik-2.png\" alt=\"\" class=\"wp-image-20517\" style=\"width:396px;height:auto\" srcset=\"https:\/\/moeckernkiez.org\/wp-content\/uploads\/2025\/07\/grafik-2.png 583w, https:\/\/moeckernkiez.org\/wp-content\/uploads\/2025\/07\/grafik-2-350x210.png 350w\" sizes=\"auto, (max-width: 583px) 100vw, 583px\" \/><button\n\t\t\tclass=\"lightbox-trigger\"\n\t\t\ttype=\"button\"\n\t\t\taria-haspopup=\"dialog\"\n\t\t\taria-label=\"Vergr\u00f6\u00dfern\"\n\t\t\tdata-wp-init=\"callbacks.initTriggerButton\"\n\t\t\tdata-wp-on-async--click=\"actions.showLightbox\"\n\t\t\tdata-wp-style--right=\"state.imageButtonRight\"\n\t\t\tdata-wp-style--top=\"state.imageButtonTop\"\n\t\t>\n\t\t\t<svg xmlns=\"http:\/\/www.w3.org\/2000\/svg\" width=\"12\" height=\"12\" fill=\"none\" viewBox=\"0 0 12 12\">\n\t\t\t\t<path fill=\"#fff\" d=\"M2 0a2 2 0 0 0-2 2v2h1.5V2a.5.5 0 0 1 .5-.5h2V0H2Zm2 10.5H2a.5.5 0 0 1-.5-.5V8H0v2a2 2 0 0 0 2 2h2v-1.5ZM8 12v-1.5h2a.5.5 0 0 0 .5-.5V8H12v2a2 2 0 0 1-2 2H8Zm2-12a2 2 0 0 1 2 2v2h-1.5V2a.5.5 0 0 0-.5-.5H8V0h2Z\" \/>\n\t\t\t<\/svg>\n\t\t<\/button><figcaption class=\"wp-element-caption\">Der Charger am Scheinwerfer montiert.<\/figcaption><\/figure><\/div><\/figure>\n\n\n\n<h2 class=\"wp-block-heading\">Kommentare:<\/h2>\n\n\n\n<blockquote class=\"wp-block-quote is-layout-flow wp-block-quote-is-layout-flow\">\n<p><\/p>\n<\/blockquote>\n\n\n\n<p><\/p>\n\n\n\n<blockquote class=\"wp-block-quote is-layout-flow wp-block-quote-is-layout-flow\">\n<p><\/p>\n<\/blockquote>\n","protected":false},"excerpt":{"rendered":"<p>Smartphone und iPad am Mahle X20\/X30 Systeme per USB-C laden &#8211; mit kleinen Einschr\u00e4nkungen<\/p>\n","protected":false},"author":5,"featured_media":20521,"comment_status":"closed","ping_status":"closed","sticky":false,"template":"","format":"standard","meta":{"_uag_custom_page_level_css":"","iawp_total_views":586,"footnotes":""},"categories":[100,1],"tags":[86],"class_list":["post-20508","post","type-post","status-publish","format-standard","has-post-thumbnail","hentry","category-druckbeitraege","category-vermischtes","tag-links2","entry","rows-excerpt"],"uagb_featured_image_src":{"full":["https:\/\/moeckernkiez.org\/wp-content\/uploads\/2025\/07\/grafik-4.png",1024,677,false],"thumbnail":["https:\/\/moeckernkiez.org\/wp-content\/uploads\/2025\/07\/grafik-4-140x140.png",140,140,true],"medium":["https:\/\/moeckernkiez.org\/wp-content\/uploads\/2025\/07\/grafik-4-350x231.png",350,231,true],"medium_large":["https:\/\/moeckernkiez.org\/wp-content\/uploads\/2025\/07\/grafik-4-768x508.png",768,508,true],"large":["https:\/\/moeckernkiez.org\/wp-content\/uploads\/2025\/07\/grafik-4.png",1024,677,false],"1536x1536":["https:\/\/moeckernkiez.org\/wp-content\/uploads\/2025\/07\/grafik-4.png",1024,677,false],"2048x2048":["https:\/\/moeckernkiez.org\/wp-content\/uploads\/2025\/07\/grafik-4.png",1024,677,false],"awpcp-thumbnail":["https:\/\/moeckernkiez.org\/wp-content\/uploads\/2025\/07\/grafik-4-200x125.png",200,125,true],"awpcp-featured":["https:\/\/moeckernkiez.org\/wp-content\/uploads\/2025\/07\/grafik-4-300x200.png",300,200,true],"awpcp-featured-on-lists":["https:\/\/moeckernkiez.org\/wp-content\/uploads\/2025\/07\/grafik-4-300x300.png",300,300,true],"awpcp-large":["https:\/\/moeckernkiez.org\/wp-content\/uploads\/2025\/07\/grafik-4-640x423.png",640,423,true]},"uagb_author_info":{"display_name":"mbr","author_link":"https:\/\/moeckernkiez.org\/?author=5"},"uagb_comment_info":0,"uagb_excerpt":"Smartphone und iPad am Mahle X20\/X30 Systeme per USB-C laden - mit kleinen Einschr\u00e4nkungen","publishpress_future_action":{"enabled":false,"date":"2026-05-03 12:20:37","action":"change-status","newStatus":"draft","terms":[],"taxonomy":"category","extraData":[]},"publishpress_future_workflow_manual_trigger":{"enabledWorkflows":[]},"_links":{"self":[{"href":"https:\/\/moeckernkiez.org\/index.php?rest_route=\/wp\/v2\/posts\/20508","targetHints":{"allow":["GET"]}}],"collection":[{"href":"https:\/\/moeckernkiez.org\/index.php?rest_route=\/wp\/v2\/posts"}],"about":[{"href":"https:\/\/moeckernkiez.org\/index.php?rest_route=\/wp\/v2\/types\/post"}],"author":[{"embeddable":true,"href":"https:\/\/moeckernkiez.org\/index.php?rest_route=\/wp\/v2\/users\/5"}],"replies":[{"embeddable":true,"href":"https:\/\/moeckernkiez.org\/index.php?rest_route=%2Fwp%2Fv2%2Fcomments&post=20508"}],"version-history":[{"count":10,"href":"https:\/\/moeckernkiez.org\/index.php?rest_route=\/wp\/v2\/posts\/20508\/revisions"}],"predecessor-version":[{"id":20752,"href":"https:\/\/moeckernkiez.org\/index.php?rest_route=\/wp\/v2\/posts\/20508\/revisions\/20752"}],"wp:featuredmedia":[{"embeddable":true,"href":"https:\/\/moeckernkiez.org\/index.php?rest_route=\/wp\/v2\/media\/20521"}],"wp:attachment":[{"href":"https:\/\/moeckernkiez.org\/index.php?rest_route=%2Fwp%2Fv2%2Fmedia&parent=20508"}],"wp:term":[{"taxonomy":"category","embeddable":true,"href":"https:\/\/moeckernkiez.org\/index.php?rest_route=%2Fwp%2Fv2%2Fcategories&post=20508"},{"taxonomy":"post_tag","embeddable":true,"href":"https:\/\/moeckernkiez.org\/index.php?rest_route=%2Fwp%2Fv2%2Ftags&post=20508"}],"curies":[{"name":"wp","href":"https:\/\/api.w.org\/{rel}","templated":true}]}}