{"id":20444,"date":"2025-07-19T22:24:45","date_gmt":"2025-07-19T20:24:45","guid":{"rendered":"https:\/\/moeckernkiez.org\/?p=20444"},"modified":"2026-02-02T10:49:25","modified_gmt":"2026-02-02T09:49:25","slug":"kiezfest-2025-was-ist-da-eigentlich-passiert","status":"publish","type":"post","link":"https:\/\/moeckernkiez.org\/?p=20444","title":{"rendered":"Kritik am Sommerfest im M\u00f6ckernkiez \u2013 niemand ist verantwortlich?"},"content":{"rendered":"\n<p>Updates und zeitlicher Verlauf am Ende des Beitrags \u2026 <\/p>\n\n\n\n<p>Das Sommerfest 2025 im M\u00f6ckernkiez war insgesamt ein gelungenes Ereignis. Die Stimmung war gro\u00dfartig, und es kam zu keinen akuten Zwischenf\u00e4llen. Einige M\u00e4ngel bei Hygiene und technischer Sicherheit wurden festgestellt. Mit etwas mehr Sorgfalt der Verantwortlichen und \u00fcberschaubarem Aufwand lassen sich diese bei k\u00fcnftigen Veranstaltungen vermeiden.<\/p>\n\n\n\n<p>Deutlicher Handlungsbedarf zeigt sich jedoch beim Thema Aufsicht und Jugendschutz. Es gab Situationen, in denen Kinder und Jugendliche ohne erkennbare Betreuung Zugang zu Bereichen oder Aktivit\u00e4ten hatten, die aus Sicht des gesetzlichen Jugendschutzes problematisch oder sogar verboten sind. Auch wenn diesmal wieder kein k\u00f6rperlicher Schaden entstanden ist, sollten die Risiken f\u00fcr die Genossenschaft und vor allem f\u00fcr die Gesundheit der Kinder nicht untersch\u00e4tzt werden.<\/p>\n\n\n\n<p>R\u00fcckfragen zu diesen Punkten wurden an den Genossenschaftsvorstand gestellt. Sobald entsprechende Antworten und eine juristische Einsch\u00e4tzung vorliegen, werden wir hier transparent informieren. <br>Schon jetzt ist jedoch klar: Wer ein Fest organisiert oder unterst\u00fctzt, \u00fcbernimmt Verantwortung. <br>Die gesetzlichen Vorgaben, insbesondere zum Schutz von Kindern und Jugendlichen, gelten selbstverst\u00e4ndlich auch im M\u00f6ckernkiez. <br>Sie m\u00fcssen k\u00fcnftig konsequent beachtet werden.<\/p>\n\n\n\n<h2 class=\"wp-block-heading\">18. Juli 2025 &#8211; Keine Antwort vom Vorstand &#8211; das Jugendamt bittet um Informationen<\/h2>\n\n\n\n<p>Nach R\u00fccksprache mit dem Jugendamt Berlin ist nun klargestellt, dass der Ausschank von Getr\u00e4nken durch Kinder auf Veranstaltungen in keinem Fall erlaubt ist. In bestimmten F\u00e4llen kann dies sogar den Tatbestand einer Straftat erf\u00fcllen. Unklar bleibt jedoch, wer im M\u00f6ckernkiez konkret die Verantwortung f\u00fcr Jugendschutz, Hygiene und technische Betriebssicherheit bei Veranstaltungen tr\u00e4gt. Weder der Aufsichtsrat noch der Vorstand der Genossenschaft haben sich bislang dazu ge\u00e4u\u00dfert oder eine verbindliche Auskunft gegeben. Das Jugendamt wollte diese Auskunft und verweist dann an das Ordnungsamt oder empfiehlt gegebenenfalls eine Anzeige gegen Unbekannt bei der Polizei. <br>Die zentrale Frage bleibt: <br>Wer hatte und hat die Verantwortung und die Aufsichtspflicht f\u00fcr die Veranstaltungen im M\u00f6ckernkiez? <br>Wir bitten um R\u00fcckmeldung.<br><\/p>\n\n\n\n<h2 class=\"wp-block-heading\">10. Juli 2025 &#8211; Kl\u00e4rende Fragen an den Vorstand:<\/h2>\n\n\n\n<p>\u201eKl\u00e4rung beziehungsweise Best\u00e4tigung der folgenden Punkte &#8230;\u201c<br>1. Zust\u00e4ndigkeit und Aufsichtspflichten<br>Wer ist aus Sicht des Vorstands verantwortlich f\u00fcr die Einhaltung gesetzlicher und versicherungstechnischer Anforderungen w\u00e4hrend einer Veranstaltung, zum Beispiel im Hinblick auf Unfallverh\u00fctung, Brandschutz, Jugendschutz oder Ruhezeiten?<br>Besteht f\u00fcr den Vorstand eine besondere Aufsichtspflicht in Bezug auf die Nutzung der genossenschaftlichen Fl\u00e4chen im Rahmen von Veranstaltungen?<br><br>2. Technische Betriebssicherheit<br>Gibt es interne Vorgaben oder Auflagen seitens der Genossenschaft f\u00fcr den Einsatz technischer Infrastruktur, etwa f\u00fcr Stromversorgung, B\u00fchnenbau oder Lautsprecheranlagen?<br>Wer tr\u00e4gt die Verantwortung f\u00fcr die Betriebssicherheit der eingesetzten technischen Anlagen und Aufbauten, beispielsweise hinsichtlich Verkabelung oder Sicherungen?<br>Werden sicherheitsrelevante Abnahmen durch Fachkr\u00e4fte durchgef\u00fchrt?<br><br>3. Hygiene, Verpflegung, \u00f6ffentliche Nutzung und Jugendschutz<br>Wer ist verantwortlich f\u00fcr die Einhaltung lebensmittelrechtlicher und hygienerechtlicher Vorgaben beim Ausschank oder Verkauf von Speisen und Getr\u00e4nken?<br>Werden beh\u00f6rdliche Vorgaben beachtet, etwa Meldungen an das Ordnungsamt, das Gesundheitsamt oder die GEMA? Wer koordiniert diese gegebenenfalls?<br>Wie wurde die Veranstaltung offiziell eingeordnet, zum Beispiel als \u00f6ffentliche oder interne Veranstaltung, und auf welcher Grundlage basiert diese Einordnung?<br>Welche Regelungen zum Jugendschutz wurden beachtet, insbesondere in Bezug auf den Aufenthalt von Kindern und Jugendlichen bei der Veranstaltung sowie den Ausschank von alkoholischen Getr\u00e4nken?<br><br>4. Versicherungsschutz und Haftung<br>Besteht f\u00fcr Veranstaltungen ein erweiterter Versicherungsschutz der Genossenschaft, zum Beispiel im Bereich Haftpflicht oder Veranstaltungsschutz?<br>Werden besondere Haftungsausschl\u00fcsse gegen\u00fcber Mitwirkenden, Gruppen oder externen Dienstleistern kommuniziert?<br><br>5. Kommunikation und Genehmigungsprozesse<br>Werden Veranstaltungen oder einzelne Programmpunkte vom Vorstand formell genehmigt oder lediglich zur Kenntnis genommen?<br>Gibt es interne Abl\u00e4ufe, Zust\u00e4ndigkeiten oder Genehmigungsvorgaben, die im Vorfeld der Durchf\u00fchrung eingehalten werden m\u00fcssen?<\/p>\n\n\n\n<h2 class=\"wp-block-heading\">6. Juli 2025 &#8211; Meldung an den Aufsichtsrat<\/h2>\n\n\n\n<p>Kein dringender Handlungbedarf &#8211; Besprechung am 14. Juli 2025<\/p>\n\n\n\n<h2 class=\"wp-block-heading\">5. Juli 2025 &#8211; Hinweis, dass wir hinschauen<\/h2>\n\n\n\n<p>Aushang durch unbekannte an der Litfa\u00dfs\u00e4ule.<\/p>\n\n\n\n<p class=\"has-white-color has-text-color has-link-color wp-elements-c56df0bcaf36807be69bd8b5d8df0157\" style=\"font-size:2px\">Technische Probleme und Sicherheit<br>Bei der Disco auf dem Hotelplatz kam es zu einem Ausfall der Soundanlage. Das deutet auf Wackelkontakte, technische Defekte oder mangelhaft gewartete Ger\u00e4te hin. Solche Vorf\u00e4lle sind sicherheitsrelevant und d\u00fcrfen nicht passieren. Auch kamen vermutlich private Spielger\u00e4te, wie ein Schwungtuch f\u00fcr Kinder, zum Einsatz. Solche privaten oder ungepr\u00fcften Ger\u00e4te sind potenziell gef\u00e4hrlich und geh\u00f6ren nicht auf Veranstaltungen ohne vorherige Sicherheitspr\u00fcfung. Sie m\u00fcssen in Zukunft vermieden werden.<\/p>\n\n\n\n<p class=\"has-white-color has-text-color has-link-color wp-elements-372f3f66bcd3dc209a1b9bd787ea0147\" style=\"font-size:2px\">Hygiene<br>Bei der Ausgabe von Essen und Getr\u00e4nken gab es auff\u00e4llige M\u00e4ngel bei der R\u00fcckverfolgbarkeit der Herstellung, der Sauberkeit und beim Umgang mit Lebensmitteln. Solche Punkte sind nicht nur organisatorisch problematisch, sondern bei hohen Au\u00dfentemperaturen auch aus hygienerechtlicher Sicht bedenklich.<\/p>\n\n\n\n<p class=\"has-white-color has-text-color has-link-color wp-elements-10792a8377cd2e33214d57517c78cd2c\" style=\"font-size:2px\">Kinder und L\u00e4rm<br>Beim Auftritt der Rockband sa\u00dfen Kleinkinder direkt vor den Lautsprechern \u2013 die meisten ohne Geh\u00f6rschutz. Der Keyboarder wies laut und deutlich darauf hin, dass es sehr laut wird. Nur wenige Eltern haben reagiert oder waren vielleicht auch nicht anwedend. Die Vereinsvorst\u00e4nde Karl Bubenheimer, Antje Zerndt, Marianne Hoffmann und Wolfgang Dilli waren in unmittelbarer N\u00e4he, haben aber trotz dieser \u00f6ffentlichen Warnung nicht eingegriffen. Das zeigt, dass hier einfachste Schutzma\u00dfnahmen nicht beachtet wurden.<\/p>\n\n\n\n<p class=\"has-white-color has-text-color has-link-color wp-elements-f2ed99fdc965ce8d43ac23884cdc8254\" style=\"font-size:2px\">Verkauf von Alkohol durch und an Kinder<br>Am schwerwiegendsten war die Beobachtung, dass alkoholische Getr\u00e4nke von Minderj\u00e4hrigen an andere Minderj\u00e4hrige verkauft wurden.<br>Das ist ein klarer Versto\u00df gegen das Jugendschutzgesetz. Es zeigt, dass die Aufsicht durch Eltern und Veranstalter in diesem Moment total versagt hat. Man kann nicht sagen, wer von den Eltern oder Aufsichtspersonen zu diesem Zeitpunkt m\u00f6glicherweise bereits leicht alkoholisiert war. Karl Bubenheimer und Heike Jacobsen, beide Mitglieder des Vereinsvorstands, befanden sich in unmittelbarer N\u00e4he. Ob sie oder andere verantwortlich waren, kann ich nicht beurteilen, aber das sollte gepr\u00fcft werden.<\/p>\n","protected":false},"excerpt":{"rendered":"<p>Schwere Kritik an schlechter Hygiene, technisch unsicheren Ger\u00e4ten, Missachtung des Jugendschutzes und Versto\u00df gegen das Landesimmissionsschutzgesetz?<\/p>\n","protected":false},"author":5,"featured_media":20447,"comment_status":"closed","ping_status":"closed","sticky":false,"template":"","format":"standard","meta":{"_uag_custom_page_level_css":"","iawp_total_views":522,"footnotes":""},"categories":[100,43,5],"tags":[],"class_list":["post-20444","post","type-post","status-publish","format-standard","has-post-thumbnail","hentry","category-druckbeitraege","category-kultur","category-moeckernkiez","entry","rows-excerpt"],"uagb_featured_image_src":{"full":["https:\/\/moeckernkiez.org\/wp-content\/uploads\/2025\/07\/grafik-1.png",1024,683,false],"thumbnail":["https:\/\/moeckernkiez.org\/wp-content\/uploads\/2025\/07\/grafik-1-140x140.png",140,140,true],"medium":["https:\/\/moeckernkiez.org\/wp-content\/uploads\/2025\/07\/grafik-1-350x233.png",350,233,true],"medium_large":["https:\/\/moeckernkiez.org\/wp-content\/uploads\/2025\/07\/grafik-1-768x512.png",768,512,true],"large":["https:\/\/moeckernkiez.org\/wp-content\/uploads\/2025\/07\/grafik-1.png",1024,683,false],"1536x1536":["https:\/\/moeckernkiez.org\/wp-content\/uploads\/2025\/07\/grafik-1.png",1024,683,false],"2048x2048":["https:\/\/moeckernkiez.org\/wp-content\/uploads\/2025\/07\/grafik-1.png",1024,683,false],"awpcp-thumbnail":["https:\/\/moeckernkiez.org\/wp-content\/uploads\/2025\/07\/grafik-1-200x125.png",200,125,true],"awpcp-featured":["https:\/\/moeckernkiez.org\/wp-content\/uploads\/2025\/07\/grafik-1-300x200.png",300,200,true],"awpcp-featured-on-lists":["https:\/\/moeckernkiez.org\/wp-content\/uploads\/2025\/07\/grafik-1-300x300.png",300,300,true],"awpcp-large":["https:\/\/moeckernkiez.org\/wp-content\/uploads\/2025\/07\/grafik-1-640x427.png",640,427,true]},"uagb_author_info":{"display_name":"mbr","author_link":"https:\/\/moeckernkiez.org\/?author=5"},"uagb_comment_info":0,"uagb_excerpt":"Schwere Kritik an schlechter Hygiene, technisch unsicheren Ger\u00e4ten, Missachtung des Jugendschutzes und Versto\u00df gegen das Landesimmissionsschutzgesetz?","publishpress_future_action":{"enabled":false,"date":"2026-05-05 12:12:09","action":"change-status","newStatus":"draft","terms":[],"taxonomy":"category","extraData":[]},"publishpress_future_workflow_manual_trigger":{"enabledWorkflows":[]},"_links":{"self":[{"href":"https:\/\/moeckernkiez.org\/index.php?rest_route=\/wp\/v2\/posts\/20444","targetHints":{"allow":["GET"]}}],"collection":[{"href":"https:\/\/moeckernkiez.org\/index.php?rest_route=\/wp\/v2\/posts"}],"about":[{"href":"https:\/\/moeckernkiez.org\/index.php?rest_route=\/wp\/v2\/types\/post"}],"author":[{"embeddable":true,"href":"https:\/\/moeckernkiez.org\/index.php?rest_route=\/wp\/v2\/users\/5"}],"replies":[{"embeddable":true,"href":"https:\/\/moeckernkiez.org\/index.php?rest_route=%2Fwp%2Fv2%2Fcomments&post=20444"}],"version-history":[{"count":9,"href":"https:\/\/moeckernkiez.org\/index.php?rest_route=\/wp\/v2\/posts\/20444\/revisions"}],"predecessor-version":[{"id":20599,"href":"https:\/\/moeckernkiez.org\/index.php?rest_route=\/wp\/v2\/posts\/20444\/revisions\/20599"}],"wp:featuredmedia":[{"embeddable":true,"href":"https:\/\/moeckernkiez.org\/index.php?rest_route=\/wp\/v2\/media\/20447"}],"wp:attachment":[{"href":"https:\/\/moeckernkiez.org\/index.php?rest_route=%2Fwp%2Fv2%2Fmedia&parent=20444"}],"wp:term":[{"taxonomy":"category","embeddable":true,"href":"https:\/\/moeckernkiez.org\/index.php?rest_route=%2Fwp%2Fv2%2Fcategories&post=20444"},{"taxonomy":"post_tag","embeddable":true,"href":"https:\/\/moeckernkiez.org\/index.php?rest_route=%2Fwp%2Fv2%2Ftags&post=20444"}],"curies":[{"name":"wp","href":"https:\/\/api.w.org\/{rel}","templated":true}]}}