{"id":19386,"date":"2024-02-03T09:02:36","date_gmt":"2024-02-03T08:02:36","guid":{"rendered":"https:\/\/moeckernkiez.org\/?p=19386"},"modified":"2024-02-24T22:21:27","modified_gmt":"2024-02-24T21:21:27","slug":"mitgliederaufruf-wirsinddiebrandmauer","status":"publish","type":"post","link":"https:\/\/moeckernkiez.org\/?p=19386","title":{"rendered":"Mitgliederaufruf #WirSindDieBrandmauer"},"content":{"rendered":"\n<blockquote class=\"wp-block-quote is-layout-flow wp-block-quote-is-layout-flow\">\n<p>Liebe Mitglieder.<br>Lange Zeit schienen uns die Grundpfeiler unserer demokratischen Gesellschaft als Selbstverst\u00e4ndlichkeit. Mittlerweile wird aber immer offensichtlicher, dass rechte Parteien und Verfassungsfeinde massiv versuchen, Grundrechte auszuh\u00f6hlen und damit die Grundlagen unseres gesellschaftlichen Zusammenlebens zu zerst\u00f6ren.<br>Gerade die in unserer Satzung manifestierten Ziele unserer Genossenschaft machen ein entschiedenes Engagement f\u00fcr ein demokratisches und solidarisches Miteinander absolut notwendig. Deshalb haben wir uns entschlossen, den Aufruf der Kampagne \u201eHand in Hand \u2013 Jetzt solidarisch aktiv werden\u201c<a href=\"https:\/\/t81638263.emailsys1a.net\/c\/102\/7270345\/11308\/0\/34752491\/1993\/476428\/3bec989f83.html\"> <\/a>zu unterst\u00fctzen und mitzuzeichnen.<br>Wir halten es f\u00fcr richtig und wichtig, auf der angek\u00fcndigten Demonstration <a rel=\"noreferrer noopener\" href=\"https:\/\/gemeinsam-hand-in-hand.org\/\" target=\"_blank\">#WirSindDieBrandmauer<\/a> am Samstag, 03. Februar 2024, ab 13.00 Uhr vor dem Reichstagsgeb\u00e4ude Gesicht und Stimme zu zeigen und f\u00fcr unsere gemeinsamen gesellschaftlichen und genossenschaftlichen Ziele einzustehen.<br>Wir sind die Mehrheit und das wollen wir auch zeigen.<br>F\u00fcr die M\u00f6ckernkiez Genossenschaft<br>Vorstand, Aufsichtsrat und Beiratsvorsitz<br><\/p>\n<cite>Quelle: M\u00f6ckernkiez e.G. Mitgliederinformationen vom 2.2.2024<\/cite><\/blockquote>\n","protected":false},"excerpt":{"rendered":"<p>Lange Zeit schienen uns die Grundpfeiler unserer demokratischen Gesellschaft als Selbstverst\u00e4ndlichkeit. Mittlerweile wird aber immer offensichtlicher, dass rechte Parteien und Verfassungsfeinde massiv versuchen, Grundrechte auszuh\u00f6hlen und damit die Grundlagen unseres gesellschaftlichen Zusammenlebens zu zerst\u00f6ren &#8230;<\/p>\n","protected":false},"author":2,"featured_media":19390,"comment_status":"closed","ping_status":"closed","sticky":false,"template":"","format":"standard","meta":{"_uag_custom_page_level_css":"","iawp_total_views":22,"footnotes":""},"categories":[5],"tags":[],"class_list":["post-19386","post","type-post","status-publish","format-standard","has-post-thumbnail","hentry","category-moeckernkiez","entry","rows-excerpt"],"uagb_featured_image_src":{"full":["https:\/\/moeckernkiez.org\/wp-content\/uploads\/2024\/02\/Aktionstag3.2-1.jpg",800,553,false],"thumbnail":["https:\/\/moeckernkiez.org\/wp-content\/uploads\/2024\/02\/Aktionstag3.2-1-140x140.jpg",140,140,true],"medium":["https:\/\/moeckernkiez.org\/wp-content\/uploads\/2024\/02\/Aktionstag3.2-1-350x242.jpg",350,242,true],"medium_large":["https:\/\/moeckernkiez.org\/wp-content\/uploads\/2024\/02\/Aktionstag3.2-1-768x531.jpg",768,531,true],"large":["https:\/\/moeckernkiez.org\/wp-content\/uploads\/2024\/02\/Aktionstag3.2-1.jpg",800,553,false],"1536x1536":["https:\/\/moeckernkiez.org\/wp-content\/uploads\/2024\/02\/Aktionstag3.2-1.jpg",800,553,false],"2048x2048":["https:\/\/moeckernkiez.org\/wp-content\/uploads\/2024\/02\/Aktionstag3.2-1.jpg",800,553,false],"awpcp-thumbnail":["https:\/\/moeckernkiez.org\/wp-content\/uploads\/2024\/02\/Aktionstag3.2-1-200x125.jpg",200,125,true],"awpcp-featured":["https:\/\/moeckernkiez.org\/wp-content\/uploads\/2024\/02\/Aktionstag3.2-1-300x200.jpg",300,200,true],"awpcp-featured-on-lists":["https:\/\/moeckernkiez.org\/wp-content\/uploads\/2024\/02\/Aktionstag3.2-1-300x300.jpg",300,300,true],"awpcp-large":["https:\/\/moeckernkiez.org\/wp-content\/uploads\/2024\/02\/Aktionstag3.2-1-640x442.jpg",640,442,true]},"uagb_author_info":{"display_name":"MB","author_link":"https:\/\/moeckernkiez.org\/?author=2"},"uagb_comment_info":0,"uagb_excerpt":"Lange Zeit schienen uns die Grundpfeiler unserer demokratischen Gesellschaft als Selbstverst\u00e4ndlichkeit. Mittlerweile wird aber immer offensichtlicher, dass rechte Parteien und Verfassungsfeinde massiv versuchen, Grundrechte auszuh\u00f6hlen und damit die Grundlagen unseres gesellschaftlichen Zusammenlebens zu zerst\u00f6ren ...","publishpress_future_action":{"enabled":false,"date":"2026-05-03 23:13:48","action":"change-status","newStatus":"draft","terms":[],"taxonomy":"category","extraData":[]},"publishpress_future_workflow_manual_trigger":{"enabledWorkflows":[]},"_links":{"self":[{"href":"https:\/\/moeckernkiez.org\/index.php?rest_route=\/wp\/v2\/posts\/19386","targetHints":{"allow":["GET"]}}],"collection":[{"href":"https:\/\/moeckernkiez.org\/index.php?rest_route=\/wp\/v2\/posts"}],"about":[{"href":"https:\/\/moeckernkiez.org\/index.php?rest_route=\/wp\/v2\/types\/post"}],"author":[{"embeddable":true,"href":"https:\/\/moeckernkiez.org\/index.php?rest_route=\/wp\/v2\/users\/2"}],"replies":[{"embeddable":true,"href":"https:\/\/moeckernkiez.org\/index.php?rest_route=%2Fwp%2Fv2%2Fcomments&post=19386"}],"version-history":[{"count":6,"href":"https:\/\/moeckernkiez.org\/index.php?rest_route=\/wp\/v2\/posts\/19386\/revisions"}],"predecessor-version":[{"id":19395,"href":"https:\/\/moeckernkiez.org\/index.php?rest_route=\/wp\/v2\/posts\/19386\/revisions\/19395"}],"wp:featuredmedia":[{"embeddable":true,"href":"https:\/\/moeckernkiez.org\/index.php?rest_route=\/wp\/v2\/media\/19390"}],"wp:attachment":[{"href":"https:\/\/moeckernkiez.org\/index.php?rest_route=%2Fwp%2Fv2%2Fmedia&parent=19386"}],"wp:term":[{"taxonomy":"category","embeddable":true,"href":"https:\/\/moeckernkiez.org\/index.php?rest_route=%2Fwp%2Fv2%2Fcategories&post=19386"},{"taxonomy":"post_tag","embeddable":true,"href":"https:\/\/moeckernkiez.org\/index.php?rest_route=%2Fwp%2Fv2%2Ftags&post=19386"}],"curies":[{"name":"wp","href":"https:\/\/api.w.org\/{rel}","templated":true}]}}