{"id":19087,"date":"2023-12-01T18:08:16","date_gmt":"2023-12-01T17:08:16","guid":{"rendered":"https:\/\/moeckernkiez.org\/?p=19087"},"modified":"2024-01-02T14:41:54","modified_gmt":"2024-01-02T13:41:54","slug":"mitsingkonzert-weihnachten-ist-nah","status":"publish","type":"post","link":"https:\/\/moeckernkiez.org\/?p=19087","title":{"rendered":"Mitsingkonzert &#8222;Weihnachten ist nah&#8220;"},"content":{"rendered":"\n<p>Vorweihnachtliches Singen und Mitsingen<br>Nach der tollen Resonanz im letzten Jahr l\u00e4dt der Christus-Kirchenchor auch in diesem Jahr im Rahmen der Veranstaltungen der Kreuzberger Kurrende zu diesem Mitsingkonzert ein.<br>Zun\u00e4chst k\u00f6nnen die Zuh\u00f6rer:innen \u201eO komm du Morgenstern\u201c genie\u00dfen- in einer Besetzung f\u00fcr gemischten Chor, Fl\u00f6te, Cello und Klavier.<br>Danach werden die Zuh\u00f6rer zu Mits\u00e4nger:innen:<br>Aus einer Auswahl sch\u00f6ner vorweihnachtlicher Lieder k\u00f6nnen sie gemeinsam mit Chor und Instrumenten nach Herzenslust singen.<br>Wer vorweihnachtliche Chormusik liebt und gerne in adventliche Lieder einstimmen m\u00f6chte, ist herzlich eingeladen!<br>Eintritt frei<br>Donnerstag. 21. Dezember 2023 von 19:00 bis 20:30 Uhr<br>Gemeindezentrum Wartenburgstra\u00dfe 7, 10961 Berlin<\/p>\n\n\n\n<div id=\"lmb_69f06f756a2a6\" class=\"map_block_leaflet\" style=\"height: 220px\"><\/div>\n<script>\n\t( function(){\n\t\tfunction is_loading() {\n\t\t\treturn document.body.classList.contains(\"loading\");\n\t\t}\n\t\t\n\t\tfunction initilize() {\n\t\t\tconst map = L.map(\"lmb_69f06f756a2a6\").setView([\"52.4961647\", \"13.3807856\"], \"17\");\n\t\n\t\t\tL.tileLayer(\"https:\/\/{s}.tile.openstreetmap.org\/{z}\/{x}\/{y}.png\", {\n\t\t\t\tattribution: '&copy; <a href=\"http:\/\/www.openstreetmap.org\/copyright\">OpenStreetMap<\/a>'\n\t\t\t}).addTo(map);\n\t\n\t\t\t\t\tmap.scrollWheelZoom.disable();\n\t\t\n\t\t\t\t\tconst icon = new L.Icon.Default();\n\t\t\n\t\t\t\t\tL.marker([\"52.4961647\", \"13.3807856\"], { icon: icon}).addTo(map);\n\t\t\n\t\t\tconst timer = 100;\n\t\t\tfunction checkRender() {\n\t\t\t\tif( is_loading()) {\n\t\t\t\t\tsetTimeout(function(){\n\t\t\t\t\t\tcheckRender();\n\t\t\t\t\t}, timer);\n\t\t\t\t} else {\n\t\t\t\t\tmap.invalidateSize(true);\n\t\t\t\t}\n\t\t\t}\n\n\t\t\tconst container = document.getElementById(\"lmb_69f06f756a2a6\");\n\t\t\tconst observer = ResizeObserver && new ResizeObserver(function() {\n\t\t\t\tmap.invalidateSize(true);\n\t\t\t});\n\n\t\t\tobserver && observer.observe(container);\n\t\t}\n\n\t\tdocument.addEventListener(\"DOMContentLoaded\", initilize);\n\t} )();\n<\/script>","protected":false},"excerpt":{"rendered":"<p>Vorweihnachtliches Singen und Mitsingen am Donnerstag. 21. Dezember 2023 von 19:00 bis 20:30 Uhr im Gemeindezentrum<\/p>\n","protected":false},"author":2,"featured_media":19088,"comment_status":"closed","ping_status":"closed","sticky":false,"template":"","format":"standard","meta":{"_uag_custom_page_level_css":"","iawp_total_views":11,"footnotes":""},"categories":[7],"tags":[],"class_list":["post-19087","post","type-post","status-publish","format-standard","has-post-thumbnail","hentry","category-kreuzberg","entry","rows-excerpt"],"uagb_featured_image_src":{"full":["https:\/\/moeckernkiez.org\/wp-content\/uploads\/2023\/12\/Weihnachtssingen.jpg",1024,575,false],"thumbnail":["https:\/\/moeckernkiez.org\/wp-content\/uploads\/2023\/12\/Weihnachtssingen-140x140.jpg",140,140,true],"medium":["https:\/\/moeckernkiez.org\/wp-content\/uploads\/2023\/12\/Weihnachtssingen-350x197.jpg",350,197,true],"medium_large":["https:\/\/moeckernkiez.org\/wp-content\/uploads\/2023\/12\/Weihnachtssingen-768x431.jpg",768,431,true],"large":["https:\/\/moeckernkiez.org\/wp-content\/uploads\/2023\/12\/Weihnachtssingen.jpg",1024,575,false],"1536x1536":["https:\/\/moeckernkiez.org\/wp-content\/uploads\/2023\/12\/Weihnachtssingen.jpg",1024,575,false],"2048x2048":["https:\/\/moeckernkiez.org\/wp-content\/uploads\/2023\/12\/Weihnachtssingen.jpg",1024,575,false],"awpcp-thumbnail":["https:\/\/moeckernkiez.org\/wp-content\/uploads\/2023\/12\/Weihnachtssingen-200x125.jpg",200,125,true],"awpcp-featured":["https:\/\/moeckernkiez.org\/wp-content\/uploads\/2023\/12\/Weihnachtssingen-300x200.jpg",300,200,true],"awpcp-featured-on-lists":["https:\/\/moeckernkiez.org\/wp-content\/uploads\/2023\/12\/Weihnachtssingen-300x300.jpg",300,300,true],"awpcp-large":["https:\/\/moeckernkiez.org\/wp-content\/uploads\/2023\/12\/Weihnachtssingen-640x359.jpg",640,359,true]},"uagb_author_info":{"display_name":"MB","author_link":"https:\/\/moeckernkiez.org\/?author=2"},"uagb_comment_info":0,"uagb_excerpt":"Vorweihnachtliches Singen und Mitsingen am Donnerstag. 21. Dezember 2023 von 19:00 bis 20:30 Uhr im Gemeindezentrum","publishpress_future_action":{"enabled":false,"date":"2026-05-05 10:27:33","action":"change-status","newStatus":"draft","terms":[],"taxonomy":"category","extraData":[]},"publishpress_future_workflow_manual_trigger":{"enabledWorkflows":[]},"_links":{"self":[{"href":"https:\/\/moeckernkiez.org\/index.php?rest_route=\/wp\/v2\/posts\/19087","targetHints":{"allow":["GET"]}}],"collection":[{"href":"https:\/\/moeckernkiez.org\/index.php?rest_route=\/wp\/v2\/posts"}],"about":[{"href":"https:\/\/moeckernkiez.org\/index.php?rest_route=\/wp\/v2\/types\/post"}],"author":[{"embeddable":true,"href":"https:\/\/moeckernkiez.org\/index.php?rest_route=\/wp\/v2\/users\/2"}],"replies":[{"embeddable":true,"href":"https:\/\/moeckernkiez.org\/index.php?rest_route=%2Fwp%2Fv2%2Fcomments&post=19087"}],"version-history":[{"count":1,"href":"https:\/\/moeckernkiez.org\/index.php?rest_route=\/wp\/v2\/posts\/19087\/revisions"}],"predecessor-version":[{"id":19089,"href":"https:\/\/moeckernkiez.org\/index.php?rest_route=\/wp\/v2\/posts\/19087\/revisions\/19089"}],"wp:featuredmedia":[{"embeddable":true,"href":"https:\/\/moeckernkiez.org\/index.php?rest_route=\/wp\/v2\/media\/19088"}],"wp:attachment":[{"href":"https:\/\/moeckernkiez.org\/index.php?rest_route=%2Fwp%2Fv2%2Fmedia&parent=19087"}],"wp:term":[{"taxonomy":"category","embeddable":true,"href":"https:\/\/moeckernkiez.org\/index.php?rest_route=%2Fwp%2Fv2%2Fcategories&post=19087"},{"taxonomy":"post_tag","embeddable":true,"href":"https:\/\/moeckernkiez.org\/index.php?rest_route=%2Fwp%2Fv2%2Ftags&post=19087"}],"curies":[{"name":"wp","href":"https:\/\/api.w.org\/{rel}","templated":true}]}}