{"id":18498,"date":"2023-09-15T18:14:14","date_gmt":"2023-09-15T16:14:14","guid":{"rendered":"https:\/\/moeckernkiez.org\/?p=18498"},"modified":"2023-10-04T20:50:46","modified_gmt":"2023-10-04T18:50:46","slug":"fuenf-jahre-moeca-im-moeckernkiez","status":"publish","type":"post","link":"https:\/\/moeckernkiez.org\/?p=18498","title":{"rendered":"F\u00fcnf Jahre M\u00f6ca im M\u00f6ckernkiez"},"content":{"rendered":"\n<p>Am 3. Oktober 2018 wurde das Caf\u00e9 &#8222;M\u00f6Ca&#8220; als zentraler Treffpunkt mit Kaffee und Kuchen im M\u00f6ckernkiez er\u00f6ffnet. Am 3. Oktober 2023 ab 15 Uhr wird das Jubil\u00e4um vom Verein gefeiert. <br>Es ist keine geschlossene Vereinsveranstaltung. Auch nichtmitgliedernde Genossinnen und Genossen aus dem M\u00f6ckernkiez sind willkommen.<\/p>\n\n\n\n<p><\/p>\n","protected":false},"excerpt":{"rendered":"<p>Am 3. Oktober 2018 wurde das Caf\u00e9 M\u00f6Ca als zentraler Treffpunkt mit Kaffee und Kuchen im M\u00f6ckernkiez er\u00f6ffnet. <\/p>\n","protected":false},"author":2,"featured_media":4031,"comment_status":"closed","ping_status":"closed","sticky":false,"template":"","format":"standard","meta":{"_uag_custom_page_level_css":"","iawp_total_views":0,"footnotes":""},"categories":[5],"tags":[],"class_list":["post-18498","post","type-post","status-publish","format-standard","has-post-thumbnail","hentry","category-moeckernkiez","entry","rows-excerpt"],"uagb_featured_image_src":{"full":["https:\/\/moeckernkiez.org\/wp-content\/uploads\/2020\/07\/moeca-800x800-1-e1594364813605.png",800,286,false],"thumbnail":["https:\/\/moeckernkiez.org\/wp-content\/uploads\/2020\/07\/moeca-800x800-1-140x140.png",140,140,true],"medium":["https:\/\/moeckernkiez.org\/wp-content\/uploads\/2020\/07\/moeca-800x800-1-e1594364813605-350x125.png",350,125,true],"medium_large":["https:\/\/moeckernkiez.org\/wp-content\/uploads\/2020\/07\/moeca-800x800-1-e1594364813605-768x275.png",768,275,true],"large":["https:\/\/moeckernkiez.org\/wp-content\/uploads\/2020\/07\/moeca-800x800-1-e1594364813605.png",800,286,false],"1536x1536":["https:\/\/moeckernkiez.org\/wp-content\/uploads\/2020\/07\/moeca-800x800-1-e1594364813605.png",800,286,false],"2048x2048":["https:\/\/moeckernkiez.org\/wp-content\/uploads\/2020\/07\/moeca-800x800-1-e1594364813605.png",800,286,false],"awpcp-thumbnail":["https:\/\/moeckernkiez.org\/wp-content\/uploads\/2020\/07\/moeca-800x800-1-e1594364813605.png",200,72,false],"awpcp-featured":["https:\/\/moeckernkiez.org\/wp-content\/uploads\/2020\/07\/moeca-800x800-1-e1594364813605.png",300,107,false],"awpcp-featured-on-lists":["https:\/\/moeckernkiez.org\/wp-content\/uploads\/2020\/07\/moeca-800x800-1-e1594364813605.png",300,107,false],"awpcp-large":["https:\/\/moeckernkiez.org\/wp-content\/uploads\/2020\/07\/moeca-800x800-1-e1594364813605.png",640,229,false]},"uagb_author_info":{"display_name":"MB","author_link":"https:\/\/moeckernkiez.org\/?author=2"},"uagb_comment_info":0,"uagb_excerpt":"Am 3. Oktober 2018 wurde das Caf\u00e9 M\u00f6Ca als zentraler Treffpunkt mit Kaffee und Kuchen im M\u00f6ckernkiez er\u00f6ffnet.","publishpress_future_action":{"enabled":false,"date":"2026-05-04 04:15:40","action":"change-status","newStatus":"draft","terms":[],"taxonomy":"category","extraData":[]},"publishpress_future_workflow_manual_trigger":{"enabledWorkflows":[]},"_links":{"self":[{"href":"https:\/\/moeckernkiez.org\/index.php?rest_route=\/wp\/v2\/posts\/18498","targetHints":{"allow":["GET"]}}],"collection":[{"href":"https:\/\/moeckernkiez.org\/index.php?rest_route=\/wp\/v2\/posts"}],"about":[{"href":"https:\/\/moeckernkiez.org\/index.php?rest_route=\/wp\/v2\/types\/post"}],"author":[{"embeddable":true,"href":"https:\/\/moeckernkiez.org\/index.php?rest_route=\/wp\/v2\/users\/2"}],"replies":[{"embeddable":true,"href":"https:\/\/moeckernkiez.org\/index.php?rest_route=%2Fwp%2Fv2%2Fcomments&post=18498"}],"version-history":[{"count":4,"href":"https:\/\/moeckernkiez.org\/index.php?rest_route=\/wp\/v2\/posts\/18498\/revisions"}],"predecessor-version":[{"id":18509,"href":"https:\/\/moeckernkiez.org\/index.php?rest_route=\/wp\/v2\/posts\/18498\/revisions\/18509"}],"wp:featuredmedia":[{"embeddable":true,"href":"https:\/\/moeckernkiez.org\/index.php?rest_route=\/wp\/v2\/media\/4031"}],"wp:attachment":[{"href":"https:\/\/moeckernkiez.org\/index.php?rest_route=%2Fwp%2Fv2%2Fmedia&parent=18498"}],"wp:term":[{"taxonomy":"category","embeddable":true,"href":"https:\/\/moeckernkiez.org\/index.php?rest_route=%2Fwp%2Fv2%2Fcategories&post=18498"},{"taxonomy":"post_tag","embeddable":true,"href":"https:\/\/moeckernkiez.org\/index.php?rest_route=%2Fwp%2Fv2%2Ftags&post=18498"}],"curies":[{"name":"wp","href":"https:\/\/api.w.org\/{rel}","templated":true}]}}