{"id":18478,"date":"2023-09-15T09:14:40","date_gmt":"2023-09-15T07:14:40","guid":{"rendered":"https:\/\/moeckernkiez.org\/?post_type=event&#038;p=18478"},"modified":"2023-10-09T06:44:20","modified_gmt":"2023-10-09T04:44:20","slug":"troedelmarkt-der-adolf-glasbrenner-grundschule-2","status":"publish","type":"post","link":"https:\/\/moeckernkiez.org\/?p=18478","title":{"rendered":"Tr\u00f6delmarkt der Adolf-Glasbrenner-Grundschule"},"content":{"rendered":"\r\n<p><span class=\"fnnUEyHpprfQ7Xt0vFzg\" data-testid=\"c-rich_content-text\">Der traditionelle Tr\u00f6delmarkt der Adolf-Glasbrenner-Grundschule findet am Samstag, dem 7. Oktober 2023 in der Zeit zwischen 11.00 und 15.00 Uhr auf dem Schulhof statt.<br \/>Diese besondere Veranstaltung erfreut sich in jedem Jahr sehr gro\u00dfer Beliebtheit bei Gro\u00df und Klein, sei es beim Handeln an den St\u00e4nden, beim Schwelgen auf der \u201eFressmeile\u201c.<br \/>Hier findet jede und jeder etwas! Kommt vorbei!<br \/><br \/>Details zum Flohmarkt finden sich auf der Webseite:<br \/><a href=\"https:\/\/www.adolf-glassbrenner-schule.de\/\">https:\/\/www.adolf-glassbrenner-schule.de\/\u2026<\/a><br \/><br \/>Jede\/r kann mitmachen!<br \/>Spenden f\u00fcrs Kuchenbuffet sind jeder Zeit willkommen!<\/span><\/p>\r\n","protected":false},"excerpt":{"rendered":"<p>f\u00fcr Gro\u00df und Klein. Handeln an den St\u00e4nden oder essen auf der \u201eFressmeile\u201c. Am Samstag, dem 7. Oktober 202 ab 11 Uhr &#8230;<\/p>\n","protected":false},"author":2,"featured_media":6154,"comment_status":"closed","ping_status":"closed","sticky":false,"template":"","format":"standard","meta":{"_uag_custom_page_level_css":"","iawp_total_views":83,"footnotes":""},"categories":[100,7],"tags":[],"class_list":["post-18478","post","type-post","status-publish","format-standard","has-post-thumbnail","hentry","category-druckbeitraege","category-kreuzberg","entry","rows-excerpt"],"uagb_featured_image_src":{"full":["https:\/\/moeckernkiez.org\/wp-content\/uploads\/2020\/08\/Flohmarkt01.jpg",1024,713,false],"thumbnail":["https:\/\/moeckernkiez.org\/wp-content\/uploads\/2020\/08\/Flohmarkt01-140x140.jpg",140,140,true],"medium":["https:\/\/moeckernkiez.org\/wp-content\/uploads\/2020\/08\/Flohmarkt01-350x244.jpg",350,244,true],"medium_large":["https:\/\/moeckernkiez.org\/wp-content\/uploads\/2020\/08\/Flohmarkt01-768x535.jpg",768,535,true],"large":["https:\/\/moeckernkiez.org\/wp-content\/uploads\/2020\/08\/Flohmarkt01.jpg",1024,713,false],"1536x1536":["https:\/\/moeckernkiez.org\/wp-content\/uploads\/2020\/08\/Flohmarkt01.jpg",1024,713,false],"2048x2048":["https:\/\/moeckernkiez.org\/wp-content\/uploads\/2020\/08\/Flohmarkt01.jpg",1024,713,false],"awpcp-thumbnail":["https:\/\/moeckernkiez.org\/wp-content\/uploads\/2020\/08\/Flohmarkt01.jpg",180,125,false],"awpcp-featured":["https:\/\/moeckernkiez.org\/wp-content\/uploads\/2020\/08\/Flohmarkt01.jpg",287,200,false],"awpcp-featured-on-lists":["https:\/\/moeckernkiez.org\/wp-content\/uploads\/2020\/08\/Flohmarkt01.jpg",300,209,false],"awpcp-large":["https:\/\/moeckernkiez.org\/wp-content\/uploads\/2020\/08\/Flohmarkt01.jpg",640,446,false]},"uagb_author_info":{"display_name":"MB","author_link":"https:\/\/moeckernkiez.org\/?author=2"},"uagb_comment_info":0,"uagb_excerpt":"f\u00fcr Gro\u00df und Klein. Handeln an den St\u00e4nden oder essen auf der \u201eFressmeile\u201c. Am Samstag, dem 7. Oktober 202 ab 11 Uhr ...","publishpress_future_action":{"enabled":false,"date":"2026-05-04 04:32:08","action":"change-status","newStatus":"draft","terms":[],"taxonomy":"category","extraData":[]},"publishpress_future_workflow_manual_trigger":{"enabledWorkflows":[]},"_links":{"self":[{"href":"https:\/\/moeckernkiez.org\/index.php?rest_route=\/wp\/v2\/posts\/18478","targetHints":{"allow":["GET"]}}],"collection":[{"href":"https:\/\/moeckernkiez.org\/index.php?rest_route=\/wp\/v2\/posts"}],"about":[{"href":"https:\/\/moeckernkiez.org\/index.php?rest_route=\/wp\/v2\/types\/post"}],"author":[{"embeddable":true,"href":"https:\/\/moeckernkiez.org\/index.php?rest_route=\/wp\/v2\/users\/2"}],"replies":[{"embeddable":true,"href":"https:\/\/moeckernkiez.org\/index.php?rest_route=%2Fwp%2Fv2%2Fcomments&post=18478"}],"version-history":[{"count":2,"href":"https:\/\/moeckernkiez.org\/index.php?rest_route=\/wp\/v2\/posts\/18478\/revisions"}],"predecessor-version":[{"id":18496,"href":"https:\/\/moeckernkiez.org\/index.php?rest_route=\/wp\/v2\/posts\/18478\/revisions\/18496"}],"wp:featuredmedia":[{"embeddable":true,"href":"https:\/\/moeckernkiez.org\/index.php?rest_route=\/wp\/v2\/media\/6154"}],"wp:attachment":[{"href":"https:\/\/moeckernkiez.org\/index.php?rest_route=%2Fwp%2Fv2%2Fmedia&parent=18478"}],"wp:term":[{"taxonomy":"category","embeddable":true,"href":"https:\/\/moeckernkiez.org\/index.php?rest_route=%2Fwp%2Fv2%2Fcategories&post=18478"},{"taxonomy":"post_tag","embeddable":true,"href":"https:\/\/moeckernkiez.org\/index.php?rest_route=%2Fwp%2Fv2%2Ftags&post=18478"}],"curies":[{"name":"wp","href":"https:\/\/api.w.org\/{rel}","templated":true}]}}