{"id":18439,"date":"2023-10-31T10:20:04","date_gmt":"2023-10-31T09:20:04","guid":{"rendered":"https:\/\/moeckernkiez.org\/?p=18439"},"modified":"2023-11-06T10:20:06","modified_gmt":"2023-11-06T09:20:06","slug":"yorckbruecke-nummer-fuenf-ist-wieder-angeschlossen","status":"publish","type":"post","link":"https:\/\/moeckernkiez.org\/?p=18439","title":{"rendered":"Yorckbr\u00fccke Nr f\u00fcnf ist wieder angeschlossen"},"content":{"rendered":"\n<p>Am Samstag. 1. April 2023 wurde die sanierte Yorckbr\u00fccke Nr. 5 in Berlin-Sch\u00f6neberg zur\u00fcck an ihren Standort gebracht. Am 20. September ist sie nun auch wieder angeschlossen. Die denkmalgesch\u00fctzte Br\u00fccke soll als eine Verbindung f\u00fcr Fu\u00dfg\u00e4nger und Radfahrer dienen, die Yorckstra\u00dfe \u00fcberqueren und die Parks Gleisdreieck und Flaschenhals verbinden.<\/p>\n\n\n<div class=\"wp-block-image\">\n<figure class=\"alignright size-full\"><img loading=\"lazy\" decoding=\"async\" width=\"267\" height=\"433\" src=\"https:\/\/moeckernkiez.org\/wp-content\/uploads\/2023\/04\/grafik-1.png\" alt=\"\" class=\"wp-image-17732\" srcset=\"https:\/\/moeckernkiez.org\/wp-content\/uploads\/2023\/04\/grafik-1.png 267w, https:\/\/moeckernkiez.org\/wp-content\/uploads\/2023\/04\/grafik-1-216x350.png 216w\" sizes=\"auto, (max-width: 267px) 100vw, 267px\" \/><\/figure><\/div>\n\n\n<p>Die Br\u00fccke, urspr\u00fcnglich 1875 erbaut, hat eine lange Baugeschichte. Nachdem sie 2012 und 2019 saniert wurde, entsprechen nun ihre St\u00fctzen den EU-Sicherheitsvorschriften, sodass sie endlich f\u00fcr den Verkehr freigegeben werden k\u00f6nnte. <\/p>\n\n\n\n<figure class=\"wp-block-image size-full is-resized\"><img loading=\"lazy\" decoding=\"async\" width=\"1024\" height=\"603\" src=\"https:\/\/moeckernkiez.org\/wp-content\/uploads\/2023\/04\/Yorckbruecke_Nr_5_ist_zurueck.jpg\" alt=\"\" class=\"wp-image-17721\" style=\"width:371px;height:218px\" srcset=\"https:\/\/moeckernkiez.org\/wp-content\/uploads\/2023\/04\/Yorckbruecke_Nr_5_ist_zurueck.jpg 1024w, https:\/\/moeckernkiez.org\/wp-content\/uploads\/2023\/04\/Yorckbruecke_Nr_5_ist_zurueck-350x206.jpg 350w, https:\/\/moeckernkiez.org\/wp-content\/uploads\/2023\/04\/Yorckbruecke_Nr_5_ist_zurueck-768x452.jpg 768w, https:\/\/moeckernkiez.org\/wp-content\/uploads\/2023\/04\/Yorckbruecke_Nr_5_ist_zurueck-640x377.jpg 640w\" sizes=\"auto, (max-width: 1024px) 100vw, 1024px\" \/><figcaption class=\"wp-element-caption\">Yorckbr\u00fccke Nr 5 ist zur\u00fcck<\/figcaption><\/figure>\n\n\n\n<p>Mehr Informationen sind auf dem gleisdreick-blog zu finden: <a rel=\"noreferrer noopener\" href=\"https:\/\/gleisdreieck-blog.de\/2023\/04\/02\/yorckbruecke-nr-5-wieder-eingesetzt\/#more-12494\" target=\"_blank\">www.gleisdreieck-blog.de.<\/a><\/p>\n\n\n\n<p>Alle Daten und Fakten k\u00f6nnen auf den Seiten der Berliner Senatsverwaltung eingesehen werden -&gt; <a rel=\"noreferrer noopener\" href=\"https:\/\/www.berlin.de\/sen\/uvk\/_assets\/presse\/verkehr\/factsheet_yorckbruecken_yorckpromenade.pdf\" target=\"_blank\"><strong>Factsheet Yorckbr\u00fccken 10, 11, 14 und 17 sowie Yorckbr\u00fccke 15 und Yorckpromenade<\/strong><\/a><\/p>\n\n\n\n<p><strong>DER GESCHICHTSPARCOURS&nbsp;YORCKBR\u00dcCKEN<\/strong> l\u00e4dt dazu ein, die facettenreiche Historie der einst \u00fcber vierzig Br\u00fccken&nbsp;kennenzulernen.<\/p>\n\n\n\n<figure class=\"wp-block-image size-large\"><a href=\"http:\/\/www.yorckbruecken.de\" target=\"_blank\" rel=\"noopener noreferrer\"><img loading=\"lazy\" decoding=\"async\" width=\"800\" height=\"519\" src=\"https:\/\/redaktion.moeckernkiez.org\/wp-content\/uploads\/2020\/07\/yorckbrueckenparcours.jpg\" alt=\"\" class=\"wp-image-3878\" srcset=\"https:\/\/moeckernkiez.org\/wp-content\/uploads\/2020\/07\/yorckbrueckenparcours.jpg 800w, https:\/\/moeckernkiez.org\/wp-content\/uploads\/2020\/07\/yorckbrueckenparcours-350x227.jpg 350w, https:\/\/moeckernkiez.org\/wp-content\/uploads\/2020\/07\/yorckbrueckenparcours-768x498.jpg 768w\" sizes=\"auto, (max-width: 800px) 100vw, 800px\" \/><\/a><figcaption class=\"wp-element-caption\">GESCHICHTS PARCOUR YORKBR\u00dcCKEN <a href=\"http:\/\/www.yorckbruecken.de\" target=\"_blank\" rel=\"noreferrer noopener\">www.yorckbruecken.de<\/a><\/figcaption><\/figure>\n","protected":false},"excerpt":{"rendered":"<p>Am Mittwoch. 20. September 2023, wurde die neue Verbindung \u00fcber die Yorckbr\u00fccke Nr. 5 freigegeben &#8230;<\/p>\n","protected":false},"author":2,"featured_media":18442,"comment_status":"closed","ping_status":"closed","sticky":false,"template":"","format":"standard","meta":{"_uag_custom_page_level_css":"","iawp_total_views":42,"footnotes":""},"categories":[7,1],"tags":[],"class_list":["post-18439","post","type-post","status-publish","format-standard","has-post-thumbnail","hentry","category-kreuzberg","category-vermischtes","entry","rows-excerpt"],"uagb_featured_image_src":{"full":["https:\/\/moeckernkiez.org\/wp-content\/uploads\/2023\/09\/zufahrtyorckbruecke5.jpg",1024,575,false],"thumbnail":["https:\/\/moeckernkiez.org\/wp-content\/uploads\/2023\/09\/zufahrtyorckbruecke5-140x140.jpg",140,140,true],"medium":["https:\/\/moeckernkiez.org\/wp-content\/uploads\/2023\/09\/zufahrtyorckbruecke5-350x197.jpg",350,197,true],"medium_large":["https:\/\/moeckernkiez.org\/wp-content\/uploads\/2023\/09\/zufahrtyorckbruecke5-768x431.jpg",768,431,true],"large":["https:\/\/moeckernkiez.org\/wp-content\/uploads\/2023\/09\/zufahrtyorckbruecke5.jpg",1024,575,false],"1536x1536":["https:\/\/moeckernkiez.org\/wp-content\/uploads\/2023\/09\/zufahrtyorckbruecke5.jpg",1024,575,false],"2048x2048":["https:\/\/moeckernkiez.org\/wp-content\/uploads\/2023\/09\/zufahrtyorckbruecke5.jpg",1024,575,false],"awpcp-thumbnail":["https:\/\/moeckernkiez.org\/wp-content\/uploads\/2023\/09\/zufahrtyorckbruecke5-200x125.jpg",200,125,true],"awpcp-featured":["https:\/\/moeckernkiez.org\/wp-content\/uploads\/2023\/09\/zufahrtyorckbruecke5-300x200.jpg",300,200,true],"awpcp-featured-on-lists":["https:\/\/moeckernkiez.org\/wp-content\/uploads\/2023\/09\/zufahrtyorckbruecke5-300x300.jpg",300,300,true],"awpcp-large":["https:\/\/moeckernkiez.org\/wp-content\/uploads\/2023\/09\/zufahrtyorckbruecke5-640x359.jpg",640,359,true]},"uagb_author_info":{"display_name":"MB","author_link":"https:\/\/moeckernkiez.org\/?author=2"},"uagb_comment_info":0,"uagb_excerpt":"Am Mittwoch. 20. September 2023, wurde die neue Verbindung \u00fcber die Yorckbr\u00fccke Nr. 5 freigegeben ...","publishpress_future_action":{"enabled":false,"date":"2026-05-05 12:12:09","action":"change-status","newStatus":"draft","terms":[],"taxonomy":"category","extraData":[]},"publishpress_future_workflow_manual_trigger":{"enabledWorkflows":[]},"_links":{"self":[{"href":"https:\/\/moeckernkiez.org\/index.php?rest_route=\/wp\/v2\/posts\/18439","targetHints":{"allow":["GET"]}}],"collection":[{"href":"https:\/\/moeckernkiez.org\/index.php?rest_route=\/wp\/v2\/posts"}],"about":[{"href":"https:\/\/moeckernkiez.org\/index.php?rest_route=\/wp\/v2\/types\/post"}],"author":[{"embeddable":true,"href":"https:\/\/moeckernkiez.org\/index.php?rest_route=\/wp\/v2\/users\/2"}],"replies":[{"embeddable":true,"href":"https:\/\/moeckernkiez.org\/index.php?rest_route=%2Fwp%2Fv2%2Fcomments&post=18439"}],"version-history":[{"count":5,"href":"https:\/\/moeckernkiez.org\/index.php?rest_route=\/wp\/v2\/posts\/18439\/revisions"}],"predecessor-version":[{"id":18691,"href":"https:\/\/moeckernkiez.org\/index.php?rest_route=\/wp\/v2\/posts\/18439\/revisions\/18691"}],"wp:featuredmedia":[{"embeddable":true,"href":"https:\/\/moeckernkiez.org\/index.php?rest_route=\/wp\/v2\/media\/18442"}],"wp:attachment":[{"href":"https:\/\/moeckernkiez.org\/index.php?rest_route=%2Fwp%2Fv2%2Fmedia&parent=18439"}],"wp:term":[{"taxonomy":"category","embeddable":true,"href":"https:\/\/moeckernkiez.org\/index.php?rest_route=%2Fwp%2Fv2%2Fcategories&post=18439"},{"taxonomy":"post_tag","embeddable":true,"href":"https:\/\/moeckernkiez.org\/index.php?rest_route=%2Fwp%2Fv2%2Ftags&post=18439"}],"curies":[{"name":"wp","href":"https:\/\/api.w.org\/{rel}","templated":true}]}}