{"id":18417,"date":"2023-09-10T22:11:43","date_gmt":"2023-09-10T20:11:43","guid":{"rendered":"https:\/\/moeckernkiez.org\/?p=18417"},"modified":"2023-10-01T22:18:24","modified_gmt":"2023-10-01T20:18:24","slug":"berlin-marathon-2023-das-berliner-lauf-event","status":"publish","type":"post","link":"https:\/\/moeckernkiez.org\/?p=18417","title":{"rendered":"Berlin-Marathon 2023 &#8211; das Berliner Lauf-Event"},"content":{"rendered":"\n<hr class=\"wp-block-separator has-alpha-channel-opacity\"\/>\n\n\n\n<h2 class=\"wp-block-heading\">Der M\u00f6ckernkiez ist bei km 20. Wer die Spitzengruppe sehen m\u00f6chte, sollte gegen 10 Uhr an der Yorckstra\u00dfe stehen.<\/h2>\n\n\n\n<p>Ende September verwandelt sich die Berliner Innenstadt in eine pulsierende Laufstrecke, belebt durch die Energie und das Engagement Zehntausender L\u00e4ufer*innen. Es ist Zeit f\u00fcr den Berlin-Marathon &#8211; eines der gr\u00f6\u00dften Lauf-Events weltweit.<\/p>\n\n\n\n<p>Jedes Jahr zieht dieses sportliche Highlight \u00fcber 40.000 Teilnehmer*innen an. Und diese beeindruckende Zahl wird noch imposanter, wenn man bedenkt, dass sie aus rund 120 verschiedenen L\u00e4ndern anreisen. Dadurch wird die Berliner Laufstrecke zu einem echten Schmelztiegel der Kulturen, und die Zuschauer k\u00f6nnen sich auf ein buntes und internationales Flair freuen.<\/p>\n\n\n\n<p>Doch nicht nur L\u00e4ufer bev\u00f6lkern die Stra\u00dfen Berlins w\u00e4hrend dieses Wochenendes. Am Sonntag, den 24. September, setzen sich um 8:45 Uhr mutige Rollstuhlfahrer in Bewegung, gefolgt von den Handbikern um 8:58 Uhr. Der Hauptlauf startet dann um 9:15 Uhr auf der Stra\u00dfe des 17. Juni.<\/p>\n\n\n\n<p>Aber schon einen Tag zuvor, am Samstag, den 23. September, k\u00f6nnen sich Skating-Enthusiasten auf ihren Start um 15:30 Uhr freuen. Junge L\u00e4ufer werden ebenfalls in den Fokus ger\u00fcckt: Der Mini-Marathon beginnt um 15:10 Uhr, w\u00e4hrend die ganz kleinen Sportler beim Bambini-Lauf um 11 Uhr ihren gro\u00dfen Auftritt haben.<\/p>\n\n\n\n<p>Egal, ob Sie aktiv teilnehmen oder als Zuschauer die beeindruckende Atmosph\u00e4re genie\u00dfen &#8211; der Berlin-Marathon bietet f\u00fcr alle ein unvergessliches Erlebnis!<\/p>\n\n\n\n<p>F\u00fcr den interaktiven Streckenplan einfach unten auf Karte klicken.<\/p>\n\n\n\n<figure class=\"wp-block-image size-full\"><a href=\"https:\/\/www.bmw-berlin-marathon.com\/dein-rennen\/strecke\/interaktive-karte\/\" target=\"_blank\" rel=\"noreferrer noopener\"><img loading=\"lazy\" decoding=\"async\" width=\"935\" height=\"541\" src=\"https:\/\/moeckernkiez.org\/wp-content\/uploads\/2023\/09\/grafik-2.png\" alt=\"\" class=\"wp-image-18425\" srcset=\"https:\/\/moeckernkiez.org\/wp-content\/uploads\/2023\/09\/grafik-2.png 935w, https:\/\/moeckernkiez.org\/wp-content\/uploads\/2023\/09\/grafik-2-350x203.png 350w, https:\/\/moeckernkiez.org\/wp-content\/uploads\/2023\/09\/grafik-2-768x444.png 768w, https:\/\/moeckernkiez.org\/wp-content\/uploads\/2023\/09\/grafik-2-640x370.png 640w\" sizes=\"auto, (max-width: 935px) 100vw, 935px\" \/><\/a><\/figure>\n\n\n\n<hr class=\"wp-block-separator has-alpha-channel-opacity\"\/>\n","protected":false},"excerpt":{"rendered":"<p>am 24. September startet um 9:15 Uhr der Hauptlauf und verwandelt Berlin in eine Laufstrecke &#8230;<\/p>\n","protected":false},"author":2,"featured_media":12653,"comment_status":"closed","ping_status":"closed","sticky":false,"template":"","format":"standard","meta":{"_uag_custom_page_level_css":"","iawp_total_views":48,"footnotes":""},"categories":[100,7],"tags":[],"class_list":["post-18417","post","type-post","status-publish","format-standard","has-post-thumbnail","hentry","category-druckbeitraege","category-kreuzberg","entry","rows-excerpt"],"uagb_featured_image_src":{"full":["https:\/\/moeckernkiez.org\/wp-content\/uploads\/2021\/09\/hbfijshibvc.jpg",1024,683,false],"thumbnail":["https:\/\/moeckernkiez.org\/wp-content\/uploads\/2021\/09\/hbfijshibvc-140x140.jpg",140,140,true],"medium":["https:\/\/moeckernkiez.org\/wp-content\/uploads\/2021\/09\/hbfijshibvc-350x233.jpg",350,233,true],"medium_large":["https:\/\/moeckernkiez.org\/wp-content\/uploads\/2021\/09\/hbfijshibvc-768x512.jpg",768,512,true],"large":["https:\/\/moeckernkiez.org\/wp-content\/uploads\/2021\/09\/hbfijshibvc.jpg",1024,683,false],"1536x1536":["https:\/\/moeckernkiez.org\/wp-content\/uploads\/2021\/09\/hbfijshibvc.jpg",1024,683,false],"2048x2048":["https:\/\/moeckernkiez.org\/wp-content\/uploads\/2021\/09\/hbfijshibvc.jpg",1024,683,false],"awpcp-thumbnail":["https:\/\/moeckernkiez.org\/wp-content\/uploads\/2021\/09\/hbfijshibvc-200x125.jpg",200,125,true],"awpcp-featured":["https:\/\/moeckernkiez.org\/wp-content\/uploads\/2021\/09\/hbfijshibvc-300x200.jpg",300,200,true],"awpcp-featured-on-lists":["https:\/\/moeckernkiez.org\/wp-content\/uploads\/2021\/09\/hbfijshibvc-300x300.jpg",300,300,true],"awpcp-large":["https:\/\/moeckernkiez.org\/wp-content\/uploads\/2021\/09\/hbfijshibvc-640x427.jpg",640,427,true]},"uagb_author_info":{"display_name":"MB","author_link":"https:\/\/moeckernkiez.org\/?author=2"},"uagb_comment_info":0,"uagb_excerpt":"am 24. September startet um 9:15 Uhr der Hauptlauf und verwandelt Berlin in eine Laufstrecke ...","publishpress_future_action":{"enabled":false,"date":"2026-05-06 10:25:12","action":"change-status","newStatus":"draft","terms":[],"taxonomy":"category","extraData":[]},"publishpress_future_workflow_manual_trigger":{"enabledWorkflows":[]},"_links":{"self":[{"href":"https:\/\/moeckernkiez.org\/index.php?rest_route=\/wp\/v2\/posts\/18417","targetHints":{"allow":["GET"]}}],"collection":[{"href":"https:\/\/moeckernkiez.org\/index.php?rest_route=\/wp\/v2\/posts"}],"about":[{"href":"https:\/\/moeckernkiez.org\/index.php?rest_route=\/wp\/v2\/types\/post"}],"author":[{"embeddable":true,"href":"https:\/\/moeckernkiez.org\/index.php?rest_route=\/wp\/v2\/users\/2"}],"replies":[{"embeddable":true,"href":"https:\/\/moeckernkiez.org\/index.php?rest_route=%2Fwp%2Fv2%2Fcomments&post=18417"}],"version-history":[{"count":6,"href":"https:\/\/moeckernkiez.org\/index.php?rest_route=\/wp\/v2\/posts\/18417\/revisions"}],"predecessor-version":[{"id":18450,"href":"https:\/\/moeckernkiez.org\/index.php?rest_route=\/wp\/v2\/posts\/18417\/revisions\/18450"}],"wp:featuredmedia":[{"embeddable":true,"href":"https:\/\/moeckernkiez.org\/index.php?rest_route=\/wp\/v2\/media\/12653"}],"wp:attachment":[{"href":"https:\/\/moeckernkiez.org\/index.php?rest_route=%2Fwp%2Fv2%2Fmedia&parent=18417"}],"wp:term":[{"taxonomy":"category","embeddable":true,"href":"https:\/\/moeckernkiez.org\/index.php?rest_route=%2Fwp%2Fv2%2Fcategories&post=18417"},{"taxonomy":"post_tag","embeddable":true,"href":"https:\/\/moeckernkiez.org\/index.php?rest_route=%2Fwp%2Fv2%2Ftags&post=18417"}],"curies":[{"name":"wp","href":"https:\/\/api.w.org\/{rel}","templated":true}]}}