{"id":18396,"date":"2023-09-09T11:53:41","date_gmt":"2023-09-09T09:53:41","guid":{"rendered":"https:\/\/moeckernkiez.org\/?p=18396"},"modified":"2023-09-22T22:12:22","modified_gmt":"2023-09-22T20:12:22","slug":"potsdamer-platz-festival-25-jaehriges","status":"publish","type":"post","link":"https:\/\/moeckernkiez.org\/?p=18396","title":{"rendered":"Potsdamer Platz Festival &#8211; 25 J\u00e4hriges"},"content":{"rendered":"\n<h2 class=\"wp-block-heading has-text-align-center\" id=\"itstimetoparty\"><strong>IT&#8217;S TIME TO PARTY!<\/strong><\/h2>\n\n\n\n<h3 class=\"wp-block-heading\" id=\"amfreitagundsamstagden15und16septemberfeiernwirmiteuch25jahrepotsdamerplatz\">Am Freitag und Samstag, den 15. und 16. September, k\u00f6nnt ihr 25 Jahre Potsdamer Platz feiern.<\/h3>\n\n\n\n<h4 class=\"wp-block-heading\" id=\"erlebezweitagevollerlivemusikactsmitdeutschenmegastarsperformancesdjsworkshopsspannendeguidedtoursdurchdasarealleckeresstreetfoodmitallerleispezialittenundvieleweitereaktivittenfrdieganzefamilie\">Zwei Tage voller Live-Musik Acts mit deutschen Megastars, Performances, DJs, Workshops, spannende Guided Tours durch das Areal, leckeres Street Food mit allerlei Spezialit\u00e4ten und viele weitere Aktivit\u00e4ten f\u00fcr die ganze Familie!<\/h4>\n\n\n\n<h4 class=\"wp-block-heading\" id=\"shoppingfansdrfensichaufverlngerteffnungszeiteninutheplayceuhttpswwwpotsdamerplatzdefreuenallegeschftesindfreitagundsamstagbis22uhrdurchgehendgeffnet\">Shopping-Fans d\u00fcrfen sich auf verl\u00e4ngerte \u00d6ffnungszeiten in <a href=\"https:\/\/www.potsdamerplatz.de\" target=\"_blank\" rel=\"noreferrer noopener\"><u>The Playce<\/u><\/a> freuen. Alle Gesch\u00e4fte sind Freitag und Samstag bis 22 Uhr durchgehend ge\u00f6ffnet.<\/h4>\n","protected":false},"excerpt":{"rendered":"<p>IT&#8217;S TIME TO PARTY! am 15. und 16. September auf dem Potsdamer Platz<\/p>\n","protected":false},"author":2,"featured_media":18397,"comment_status":"closed","ping_status":"closed","sticky":false,"template":"","format":"standard","meta":{"_uag_custom_page_level_css":"","iawp_total_views":14,"footnotes":""},"categories":[100,7],"tags":[],"class_list":["post-18396","post","type-post","status-publish","format-standard","has-post-thumbnail","hentry","category-druckbeitraege","category-kreuzberg","entry","rows-excerpt"],"uagb_featured_image_src":{"full":["https:\/\/moeckernkiez.org\/wp-content\/uploads\/2023\/09\/PotsdamerPlatzFestival.jpg",1024,457,false],"thumbnail":["https:\/\/moeckernkiez.org\/wp-content\/uploads\/2023\/09\/PotsdamerPlatzFestival-140x140.jpg",140,140,true],"medium":["https:\/\/moeckernkiez.org\/wp-content\/uploads\/2023\/09\/PotsdamerPlatzFestival-350x156.jpg",350,156,true],"medium_large":["https:\/\/moeckernkiez.org\/wp-content\/uploads\/2023\/09\/PotsdamerPlatzFestival-768x343.jpg",768,343,true],"large":["https:\/\/moeckernkiez.org\/wp-content\/uploads\/2023\/09\/PotsdamerPlatzFestival.jpg",1024,457,false],"1536x1536":["https:\/\/moeckernkiez.org\/wp-content\/uploads\/2023\/09\/PotsdamerPlatzFestival.jpg",1024,457,false],"2048x2048":["https:\/\/moeckernkiez.org\/wp-content\/uploads\/2023\/09\/PotsdamerPlatzFestival.jpg",1024,457,false],"awpcp-thumbnail":["https:\/\/moeckernkiez.org\/wp-content\/uploads\/2023\/09\/PotsdamerPlatzFestival-200x125.jpg",200,125,true],"awpcp-featured":["https:\/\/moeckernkiez.org\/wp-content\/uploads\/2023\/09\/PotsdamerPlatzFestival-300x200.jpg",300,200,true],"awpcp-featured-on-lists":["https:\/\/moeckernkiez.org\/wp-content\/uploads\/2023\/09\/PotsdamerPlatzFestival-300x300.jpg",300,300,true],"awpcp-large":["https:\/\/moeckernkiez.org\/wp-content\/uploads\/2023\/09\/PotsdamerPlatzFestival-640x286.jpg",640,286,true]},"uagb_author_info":{"display_name":"MB","author_link":"https:\/\/moeckernkiez.org\/?author=2"},"uagb_comment_info":0,"uagb_excerpt":"IT'S TIME TO PARTY! am 15. und 16. September auf dem Potsdamer Platz","publishpress_future_action":{"enabled":false,"date":"2026-05-06 10:27:46","action":"change-status","newStatus":"draft","terms":[],"taxonomy":"category","extraData":[]},"publishpress_future_workflow_manual_trigger":{"enabledWorkflows":[]},"_links":{"self":[{"href":"https:\/\/moeckernkiez.org\/index.php?rest_route=\/wp\/v2\/posts\/18396","targetHints":{"allow":["GET"]}}],"collection":[{"href":"https:\/\/moeckernkiez.org\/index.php?rest_route=\/wp\/v2\/posts"}],"about":[{"href":"https:\/\/moeckernkiez.org\/index.php?rest_route=\/wp\/v2\/types\/post"}],"author":[{"embeddable":true,"href":"https:\/\/moeckernkiez.org\/index.php?rest_route=\/wp\/v2\/users\/2"}],"replies":[{"embeddable":true,"href":"https:\/\/moeckernkiez.org\/index.php?rest_route=%2Fwp%2Fv2%2Fcomments&post=18396"}],"version-history":[{"count":1,"href":"https:\/\/moeckernkiez.org\/index.php?rest_route=\/wp\/v2\/posts\/18396\/revisions"}],"predecessor-version":[{"id":18398,"href":"https:\/\/moeckernkiez.org\/index.php?rest_route=\/wp\/v2\/posts\/18396\/revisions\/18398"}],"wp:featuredmedia":[{"embeddable":true,"href":"https:\/\/moeckernkiez.org\/index.php?rest_route=\/wp\/v2\/media\/18397"}],"wp:attachment":[{"href":"https:\/\/moeckernkiez.org\/index.php?rest_route=%2Fwp%2Fv2%2Fmedia&parent=18396"}],"wp:term":[{"taxonomy":"category","embeddable":true,"href":"https:\/\/moeckernkiez.org\/index.php?rest_route=%2Fwp%2Fv2%2Fcategories&post=18396"},{"taxonomy":"post_tag","embeddable":true,"href":"https:\/\/moeckernkiez.org\/index.php?rest_route=%2Fwp%2Fv2%2Ftags&post=18396"}],"curies":[{"name":"wp","href":"https:\/\/api.w.org\/{rel}","templated":true}]}}