{"id":18078,"date":"2023-07-02T10:39:46","date_gmt":"2023-07-02T08:39:46","guid":{"rendered":"https:\/\/moeckernkiez.org\/?post_type=event&#038;p=18078"},"modified":"2023-07-02T10:39:46","modified_gmt":"2023-07-02T08:39:46","slug":"nachtflohmarkt-im-dragonerareal","status":"publish","type":"post","link":"https:\/\/moeckernkiez.org\/?p=18078","title":{"rendered":"Nachtflohmarkt im Dragonerareal"},"content":{"rendered":"\n<p>Du gehst gern auf Flohm\u00e4rkte in Berlin, aber am Wochenende schl\u00e4fst Du lieber lang? Dann ist der Nachtflohmarkt am 22. Juli genau das Richtige f\u00fcr dich!<\/p>\n\n\n\n<p><strong>Am 22. Juli ab 18 Uhr \u00f6ffnet sich das Tor der Adlerhalle auf dem Dragonerareal in Kreuzberg f\u00fcr alle die gerne st\u00f6bern, bummeln, feilschen, Schn\u00e4ppchen jagen.<\/strong><\/p>\n\n\n\n<p><a href=\"https:\/\/rathausblock.org\/2023\/06\/28\/weil-tauschen-und-troedeln-gluecklich-macht\/\" target=\"_blank\" rel=\"noreferrer noopener\">Details und weitere Informationen hier &#8230;<\/a><\/p>\n","protected":false},"excerpt":{"rendered":"<p>Du gehst gern auf Flohm\u00e4rkte in Berlin? Am 22. Juli 23 ab 18 Uhr in der Adlerhalle &#8230;<\/p>\n","protected":false},"author":2,"featured_media":18082,"comment_status":"closed","ping_status":"closed","sticky":false,"template":"","format":"standard","meta":{"_uag_custom_page_level_css":"","iawp_total_views":232,"footnotes":""},"categories":[7],"tags":[],"class_list":["post-18078","post","type-post","status-publish","format-standard","has-post-thumbnail","hentry","category-kreuzberg","entry","rows-excerpt"],"uagb_featured_image_src":{"full":["https:\/\/moeckernkiez.org\/wp-content\/uploads\/2023\/07\/grafik-2-e1688286994214.png",724,552,false],"thumbnail":["https:\/\/moeckernkiez.org\/wp-content\/uploads\/2023\/07\/grafik-2-e1688286994214-140x140.png",140,140,true],"medium":["https:\/\/moeckernkiez.org\/wp-content\/uploads\/2023\/07\/grafik-2-e1688286994214-350x267.png",350,267,true],"medium_large":["https:\/\/moeckernkiez.org\/wp-content\/uploads\/2023\/07\/grafik-2-e1688286994214.png",724,552,false],"large":["https:\/\/moeckernkiez.org\/wp-content\/uploads\/2023\/07\/grafik-2-e1688286994214.png",724,552,false],"1536x1536":["https:\/\/moeckernkiez.org\/wp-content\/uploads\/2023\/07\/grafik-2-e1688286994214.png",724,552,false],"2048x2048":["https:\/\/moeckernkiez.org\/wp-content\/uploads\/2023\/07\/grafik-2-e1688286994214.png",724,552,false],"awpcp-thumbnail":["https:\/\/moeckernkiez.org\/wp-content\/uploads\/2023\/07\/grafik-2-e1688286994214-200x125.png",200,125,true],"awpcp-featured":["https:\/\/moeckernkiez.org\/wp-content\/uploads\/2023\/07\/grafik-2-e1688286994214-300x200.png",300,200,true],"awpcp-featured-on-lists":["https:\/\/moeckernkiez.org\/wp-content\/uploads\/2023\/07\/grafik-2-e1688286994214-300x300.png",300,300,true],"awpcp-large":["https:\/\/moeckernkiez.org\/wp-content\/uploads\/2023\/07\/grafik-2-e1688286994214-630x480.png",630,480,true]},"uagb_author_info":{"display_name":"MB","author_link":"https:\/\/moeckernkiez.org\/?author=2"},"uagb_comment_info":0,"uagb_excerpt":"Du gehst gern auf Flohm\u00e4rkte in Berlin? Am 22. Juli 23 ab 18 Uhr in der Adlerhalle ...","publishpress_future_action":{"enabled":false,"date":"2026-05-06 12:04:36","action":"change-status","newStatus":"draft","terms":[],"taxonomy":"category","extraData":[]},"publishpress_future_workflow_manual_trigger":{"enabledWorkflows":[]},"_links":{"self":[{"href":"https:\/\/moeckernkiez.org\/index.php?rest_route=\/wp\/v2\/posts\/18078","targetHints":{"allow":["GET"]}}],"collection":[{"href":"https:\/\/moeckernkiez.org\/index.php?rest_route=\/wp\/v2\/posts"}],"about":[{"href":"https:\/\/moeckernkiez.org\/index.php?rest_route=\/wp\/v2\/types\/post"}],"author":[{"embeddable":true,"href":"https:\/\/moeckernkiez.org\/index.php?rest_route=\/wp\/v2\/users\/2"}],"replies":[{"embeddable":true,"href":"https:\/\/moeckernkiez.org\/index.php?rest_route=%2Fwp%2Fv2%2Fcomments&post=18078"}],"version-history":[{"count":2,"href":"https:\/\/moeckernkiez.org\/index.php?rest_route=\/wp\/v2\/posts\/18078\/revisions"}],"predecessor-version":[{"id":18083,"href":"https:\/\/moeckernkiez.org\/index.php?rest_route=\/wp\/v2\/posts\/18078\/revisions\/18083"}],"wp:featuredmedia":[{"embeddable":true,"href":"https:\/\/moeckernkiez.org\/index.php?rest_route=\/wp\/v2\/media\/18082"}],"wp:attachment":[{"href":"https:\/\/moeckernkiez.org\/index.php?rest_route=%2Fwp%2Fv2%2Fmedia&parent=18078"}],"wp:term":[{"taxonomy":"category","embeddable":true,"href":"https:\/\/moeckernkiez.org\/index.php?rest_route=%2Fwp%2Fv2%2Fcategories&post=18078"},{"taxonomy":"post_tag","embeddable":true,"href":"https:\/\/moeckernkiez.org\/index.php?rest_route=%2Fwp%2Fv2%2Ftags&post=18078"}],"curies":[{"name":"wp","href":"https:\/\/api.w.org\/{rel}","templated":true}]}}