{"id":17976,"date":"2023-06-02T16:52:16","date_gmt":"2023-06-02T14:52:16","guid":{"rendered":"https:\/\/moeckernkiez.org\/?post_type=event&#038;p=17976"},"modified":"2023-06-05T08:36:24","modified_gmt":"2023-06-05T06:36:24","slug":"disco-im-moeckernkiez-2","status":"publish","type":"post","link":"https:\/\/moeckernkiez.org\/?p=17976","title":{"rendered":"Disco im M\u00f6ckernkiez"},"content":{"rendered":"\n<p>Samstag, 3. Juni 2023, von 20 bis 22 Uhr im Forum und M\u00f6ca.<br>Organisiert von Leuten, die Spa\u00df am (freien) Tanzen haben. <br>W\u00e4hrend die einen im Forum tanzen, k\u00f6nnen die anderen im M\u00f6Ca eine Weile schwatzen und die mitgebrachten Getr\u00e4nke genie\u00dfen.<\/p>\n\n\n\n<div id=\"lmb_69f1ef8d10b0f\" class=\"map_block_leaflet\" style=\"height: 220px\"><\/div>\n<script>\n\t( function(){\n\t\tfunction is_loading() {\n\t\t\treturn document.body.classList.contains(\"loading\");\n\t\t}\n\t\t\n\t\tfunction initilize() {\n\t\t\tconst map = L.map(\"lmb_69f1ef8d10b0f\").setView([\"52.4920899865\", \"13.3771687746\"], \"18\");\n\t\n\t\t\tL.tileLayer(\"https:\/\/{s}.tile.openstreetmap.org\/{z}\/{x}\/{y}.png\", {\n\t\t\t\tattribution: '&copy; <a href=\"http:\/\/www.openstreetmap.org\/copyright\">OpenStreetMap<\/a>'\n\t\t\t}).addTo(map);\n\t\n\t\t\t\t\tmap.scrollWheelZoom.disable();\n\t\t\n\t\t\t\t\tconst icon = new L.Icon.Default();\n\t\t\n\t\t\t\t\tL.marker([\"52.4920899865\", \"13.3771687746\"], { icon: icon}).addTo(map);\n\t\t\n\t\t\tconst timer = 100;\n\t\t\tfunction checkRender() {\n\t\t\t\tif( is_loading()) {\n\t\t\t\t\tsetTimeout(function(){\n\t\t\t\t\t\tcheckRender();\n\t\t\t\t\t}, timer);\n\t\t\t\t} else {\n\t\t\t\t\tmap.invalidateSize(true);\n\t\t\t\t}\n\t\t\t}\n\n\t\t\tconst container = document.getElementById(\"lmb_69f1ef8d10b0f\");\n\t\t\tconst observer = ResizeObserver && new ResizeObserver(function() {\n\t\t\t\tmap.invalidateSize(true);\n\t\t\t});\n\n\t\t\tobserver && observer.observe(container);\n\t\t}\n\n\t\tdocument.addEventListener(\"DOMContentLoaded\", initilize);\n\t} )();\n<\/script>","protected":false},"excerpt":{"rendered":"<p>Samstag, 3. Juni 2023, von 20 bis 22 Uhr im Forum und M\u00f6ca.<\/p>\n","protected":false},"author":2,"featured_media":5014,"comment_status":"closed","ping_status":"closed","sticky":false,"template":"","format":"standard","meta":{"_uag_custom_page_level_css":"","iawp_total_views":0,"footnotes":""},"categories":[5],"tags":[],"class_list":["post-17976","post","type-post","status-publish","format-standard","has-post-thumbnail","hentry","category-moeckernkiez","entry","rows-excerpt"],"uagb_featured_image_src":{"full":["https:\/\/moeckernkiez.org\/wp-content\/uploads\/2020\/07\/music-treble-clef-sound-concert-5355170.jpg",1024,682,false],"thumbnail":["https:\/\/moeckernkiez.org\/wp-content\/uploads\/2020\/07\/music-treble-clef-sound-concert-5355170-140x140.jpg",140,140,true],"medium":["https:\/\/moeckernkiez.org\/wp-content\/uploads\/2020\/07\/music-treble-clef-sound-concert-5355170-350x233.jpg",350,233,true],"medium_large":["https:\/\/moeckernkiez.org\/wp-content\/uploads\/2020\/07\/music-treble-clef-sound-concert-5355170-768x512.jpg",768,512,true],"large":["https:\/\/moeckernkiez.org\/wp-content\/uploads\/2020\/07\/music-treble-clef-sound-concert-5355170.jpg",1024,682,false],"1536x1536":["https:\/\/moeckernkiez.org\/wp-content\/uploads\/2020\/07\/music-treble-clef-sound-concert-5355170.jpg",1024,682,false],"2048x2048":["https:\/\/moeckernkiez.org\/wp-content\/uploads\/2020\/07\/music-treble-clef-sound-concert-5355170.jpg",1024,682,false],"awpcp-thumbnail":["https:\/\/moeckernkiez.org\/wp-content\/uploads\/2020\/07\/music-treble-clef-sound-concert-5355170.jpg",188,125,false],"awpcp-featured":["https:\/\/moeckernkiez.org\/wp-content\/uploads\/2020\/07\/music-treble-clef-sound-concert-5355170.jpg",300,200,false],"awpcp-featured-on-lists":["https:\/\/moeckernkiez.org\/wp-content\/uploads\/2020\/07\/music-treble-clef-sound-concert-5355170.jpg",300,200,false],"awpcp-large":["https:\/\/moeckernkiez.org\/wp-content\/uploads\/2020\/07\/music-treble-clef-sound-concert-5355170.jpg",640,426,false]},"uagb_author_info":{"display_name":"MB","author_link":"https:\/\/moeckernkiez.org\/?author=2"},"uagb_comment_info":0,"uagb_excerpt":"Samstag, 3. Juni 2023, von 20 bis 22 Uhr im Forum und M\u00f6ca.","publishpress_future_action":{"enabled":false,"date":"2026-05-06 13:46:21","action":"change-status","newStatus":"draft","terms":[],"taxonomy":"category","extraData":[]},"publishpress_future_workflow_manual_trigger":{"enabledWorkflows":[]},"_links":{"self":[{"href":"https:\/\/moeckernkiez.org\/index.php?rest_route=\/wp\/v2\/posts\/17976","targetHints":{"allow":["GET"]}}],"collection":[{"href":"https:\/\/moeckernkiez.org\/index.php?rest_route=\/wp\/v2\/posts"}],"about":[{"href":"https:\/\/moeckernkiez.org\/index.php?rest_route=\/wp\/v2\/types\/post"}],"author":[{"embeddable":true,"href":"https:\/\/moeckernkiez.org\/index.php?rest_route=\/wp\/v2\/users\/2"}],"replies":[{"embeddable":true,"href":"https:\/\/moeckernkiez.org\/index.php?rest_route=%2Fwp%2Fv2%2Fcomments&post=17976"}],"version-history":[{"count":2,"href":"https:\/\/moeckernkiez.org\/index.php?rest_route=\/wp\/v2\/posts\/17976\/revisions"}],"predecessor-version":[{"id":17978,"href":"https:\/\/moeckernkiez.org\/index.php?rest_route=\/wp\/v2\/posts\/17976\/revisions\/17978"}],"wp:featuredmedia":[{"embeddable":true,"href":"https:\/\/moeckernkiez.org\/index.php?rest_route=\/wp\/v2\/media\/5014"}],"wp:attachment":[{"href":"https:\/\/moeckernkiez.org\/index.php?rest_route=%2Fwp%2Fv2%2Fmedia&parent=17976"}],"wp:term":[{"taxonomy":"category","embeddable":true,"href":"https:\/\/moeckernkiez.org\/index.php?rest_route=%2Fwp%2Fv2%2Fcategories&post=17976"},{"taxonomy":"post_tag","embeddable":true,"href":"https:\/\/moeckernkiez.org\/index.php?rest_route=%2Fwp%2Fv2%2Ftags&post=17976"}],"curies":[{"name":"wp","href":"https:\/\/api.w.org\/{rel}","templated":true}]}}