{"id":17883,"date":"2023-06-30T08:02:51","date_gmt":"2023-06-30T06:02:51","guid":{"rendered":"https:\/\/moeckernkiez.org\/?p=17883"},"modified":"2023-07-03T07:45:19","modified_gmt":"2023-07-03T05:45:19","slug":"10-jahre-park-am-gleisdreieck","status":"publish","type":"post","link":"https:\/\/moeckernkiez.org\/?p=17883","title":{"rendered":"10 Jahre Park am Gleisdreieck"},"content":{"rendered":"\n<p>Das Programm des Aktionsmonats vom 3. bis 30. Juni 2023 ist hier zu finden: <a rel=\"noreferrer noopener\" href=\"https:\/\/www.parkamgleisdreieck.de\/10-jahre-park-am-gleisdreieck\/\" target=\"_blank\">Programm 10 Jahre Park<\/a><\/p>\n\n\n\n<blockquote class=\"wp-block-quote is-layout-flow wp-block-quote-is-layout-flow\">\n<p>Am 2. September 2011 wurde der \u00f6stliche Teil (Ostpark) des Parks am Gleisdreieck er\u00f6ffnet. 19 Monate sp\u00e4ter, am 31. Mai 2013 folgte die Er\u00f6ffnung des westlichen Teils (Westpark) und damit die Fertigstellung des gesamten Parks. Seit nunmehr zehn Jahren bildet der Park am Gleisdreieck eine gr\u00fcne Oase in Berlins Innenstadt.<br>Mit einem umfangreichen Programm aus F\u00fchrungen durch den Park, musikalischen Auftritten und Umweltbildungsangeboten werden im Juni 2023 10 Jahre Parkjubil\u00e4um gefeiert &#8230;<\/p>\n<cite>Bild- und Textquelle: <a rel=\"noreferrer noopener\" href=\"https:\/\/www.parkamgleisdreieck.de\/10-jahre-park-am-gleisdreieck\/\" target=\"_blank\">https:\/\/www.parkamgleidreieck.de<\/a><\/cite><\/blockquote>\n","protected":false},"excerpt":{"rendered":"<p>Das Programm des Aktionsmonats vom 3. bis 30. Juni 2023 ist hier zu finden: Programm 10 Jahre Park Am 2.&#8230;<\/p>\n","protected":false},"author":2,"featured_media":17904,"comment_status":"closed","ping_status":"closed","sticky":false,"template":"","format":"standard","meta":{"_uag_custom_page_level_css":"","iawp_total_views":98,"footnotes":""},"categories":[7,103],"tags":[],"class_list":["post-17883","post","type-post","status-publish","format-standard","has-post-thumbnail","hentry","category-kreuzberg","category-park","entry","rows-excerpt"],"uagb_featured_image_src":{"full":["https:\/\/moeckernkiez.org\/wp-content\/uploads\/2023\/05\/10-Jahre-Park.jpg",1024,583,false],"thumbnail":["https:\/\/moeckernkiez.org\/wp-content\/uploads\/2023\/05\/10-Jahre-Park-140x140.jpg",140,140,true],"medium":["https:\/\/moeckernkiez.org\/wp-content\/uploads\/2023\/05\/10-Jahre-Park-350x199.jpg",350,199,true],"medium_large":["https:\/\/moeckernkiez.org\/wp-content\/uploads\/2023\/05\/10-Jahre-Park-768x437.jpg",768,437,true],"large":["https:\/\/moeckernkiez.org\/wp-content\/uploads\/2023\/05\/10-Jahre-Park.jpg",1024,583,false],"1536x1536":["https:\/\/moeckernkiez.org\/wp-content\/uploads\/2023\/05\/10-Jahre-Park.jpg",1024,583,false],"2048x2048":["https:\/\/moeckernkiez.org\/wp-content\/uploads\/2023\/05\/10-Jahre-Park.jpg",1024,583,false],"awpcp-thumbnail":["https:\/\/moeckernkiez.org\/wp-content\/uploads\/2023\/05\/10-Jahre-Park-200x125.jpg",200,125,true],"awpcp-featured":["https:\/\/moeckernkiez.org\/wp-content\/uploads\/2023\/05\/10-Jahre-Park-300x200.jpg",300,200,true],"awpcp-featured-on-lists":["https:\/\/moeckernkiez.org\/wp-content\/uploads\/2023\/05\/10-Jahre-Park-300x300.jpg",300,300,true],"awpcp-large":["https:\/\/moeckernkiez.org\/wp-content\/uploads\/2023\/05\/10-Jahre-Park-640x364.jpg",640,364,true]},"uagb_author_info":{"display_name":"MB","author_link":"https:\/\/moeckernkiez.org\/?author=2"},"uagb_comment_info":0,"uagb_excerpt":"Das Programm des Aktionsmonats vom 3. bis 30. Juni 2023 ist hier zu finden: Programm 10 Jahre Park Am 2.&#8230;","publishpress_future_action":{"enabled":false,"date":"2026-05-08 05:17:03","action":"change-status","newStatus":"draft","terms":[],"taxonomy":"category","extraData":[]},"publishpress_future_workflow_manual_trigger":{"enabledWorkflows":[]},"_links":{"self":[{"href":"https:\/\/moeckernkiez.org\/index.php?rest_route=\/wp\/v2\/posts\/17883","targetHints":{"allow":["GET"]}}],"collection":[{"href":"https:\/\/moeckernkiez.org\/index.php?rest_route=\/wp\/v2\/posts"}],"about":[{"href":"https:\/\/moeckernkiez.org\/index.php?rest_route=\/wp\/v2\/types\/post"}],"author":[{"embeddable":true,"href":"https:\/\/moeckernkiez.org\/index.php?rest_route=\/wp\/v2\/users\/2"}],"replies":[{"embeddable":true,"href":"https:\/\/moeckernkiez.org\/index.php?rest_route=%2Fwp%2Fv2%2Fcomments&post=17883"}],"version-history":[{"count":4,"href":"https:\/\/moeckernkiez.org\/index.php?rest_route=\/wp\/v2\/posts\/17883\/revisions"}],"predecessor-version":[{"id":17961,"href":"https:\/\/moeckernkiez.org\/index.php?rest_route=\/wp\/v2\/posts\/17883\/revisions\/17961"}],"wp:featuredmedia":[{"embeddable":true,"href":"https:\/\/moeckernkiez.org\/index.php?rest_route=\/wp\/v2\/media\/17904"}],"wp:attachment":[{"href":"https:\/\/moeckernkiez.org\/index.php?rest_route=%2Fwp%2Fv2%2Fmedia&parent=17883"}],"wp:term":[{"taxonomy":"category","embeddable":true,"href":"https:\/\/moeckernkiez.org\/index.php?rest_route=%2Fwp%2Fv2%2Fcategories&post=17883"},{"taxonomy":"post_tag","embeddable":true,"href":"https:\/\/moeckernkiez.org\/index.php?rest_route=%2Fwp%2Fv2%2Ftags&post=17883"}],"curies":[{"name":"wp","href":"https:\/\/api.w.org\/{rel}","templated":true}]}}