{"id":1784,"date":"2019-12-15T12:50:03","date_gmt":"2019-12-15T11:50:03","guid":{"rendered":"http:\/\/redaktion.moeckernkiez.org\/?p=1784"},"modified":"2019-12-22T11:12:24","modified_gmt":"2019-12-22T10:12:24","slug":"paris-mon-amour-edith-und-marlene","status":"publish","type":"post","link":"https:\/\/moeckernkiez.org\/?p=1784","title":{"rendered":"PARIS MON AMOUR &#8211;  EDITH und MARLENE"},"content":{"rendered":"\n<h2 class=\"wp-block-heading\">Kultur im Forum<\/h2>\n\n\n\n<p>Freier Eintritt | Spenden erw\u00fcnscht | <a href=\"https:\/\/redaktion.moeckernkiez.org\/2019\/12\/15\/paris-mon-amour-edith-und-marlene\/\">weitere Informationen<\/a><\/p>\n\n\n\n<div class=\"wp-block-image\"><figure class=\"alignright size-medium\"><img loading=\"lazy\" decoding=\"async\" width=\"324\" height=\"350\" src=\"https:\/\/redaktion.moeckernkiez.org\/wp-content\/uploads\/2019\/12\/moni01-324x350.jpg\" alt=\"\" class=\"wp-image-1787\" srcset=\"https:\/\/moeckernkiez.org\/wp-content\/uploads\/2019\/12\/moni01-324x350.jpg 324w, https:\/\/moeckernkiez.org\/wp-content\/uploads\/2019\/12\/moni01-scaled.jpg 948w, https:\/\/moeckernkiez.org\/wp-content\/uploads\/2019\/12\/moni01-768x830.jpg 768w, https:\/\/moeckernkiez.org\/wp-content\/uploads\/2019\/12\/moni01-1422x1536.jpg 1422w, https:\/\/moeckernkiez.org\/wp-content\/uploads\/2019\/12\/moni01-1896x2048.jpg 1896w\" sizes=\"auto, (max-width: 324px) 100vw, 324px\" \/><figcaption>Angela und Monika<\/figcaption><\/figure><\/div>\n\n\n\n<p class=\"has-regular-font-size\">Dies ist die bewegte und reale Geschichte der Freundschaft zwischen den beiden brillanten B\u00fchnen- und Filmstars wie auch unz\u00e4hmbaren Charakterfrauen Edith Piaf und Marlene Dietrich.  Nicht allein durch ihre Liebe zu Paris f\u00fchlen sich die beiden Weltstars zueinander hingezogen. Viele Parallelen durchziehen die gemeinsamen Jahre bis zum fr\u00fchen Tod der Piaf. Durch deren Chansons und eindr\u00fcckliche  literarische Details kann das Publikum in die berauschenden Gef\u00fchls-und Lebenswelten der beiden Diven auf ber\u00fchrende und authentische Weise eintauchen.<\/p>\n\n\n\n<p class=\"has-regular-font-size\">Voila, hier kommen Edith et Marlene!<br>Monika Holzmann : Konzept, Gesang, Texte<br>Angela Dobretsberger: Instrumentalarrangements,  Akkordeon<\/p>\n\n\n\n<p class=\"has-regular-font-size\">Freitag, 15. Mai 2020 im Forum im M\u00f6ckernkiez &#8211; Termindetails hier<\/p>\n","protected":false},"excerpt":{"rendered":"<p>Dies ist die bewegte und reale Geschichte der Freundschaft zwischen den beiden brillanten B\u00fchnen- und Filmstars wie auch unz\u00e4hmbaren Charakterfrauen Edith Piaf und Marlene Dietrich&#8230;<\/p>\n","protected":false},"author":2,"featured_media":1785,"comment_status":"closed","ping_status":"closed","sticky":false,"template":"","format":"standard","meta":{"_uag_custom_page_level_css":"","iawp_total_views":1,"footnotes":""},"categories":[1],"tags":[],"class_list":["post-1784","post","type-post","status-publish","format-standard","has-post-thumbnail","hentry","category-vermischtes","entry","rows-excerpt"],"uagb_featured_image_src":{"full":["https:\/\/moeckernkiez.org\/wp-content\/uploads\/2019\/12\/moni022.jpg",896,626,false],"thumbnail":["https:\/\/moeckernkiez.org\/wp-content\/uploads\/2019\/12\/moni022-140x140.jpg",140,140,true],"medium":["https:\/\/moeckernkiez.org\/wp-content\/uploads\/2019\/12\/moni022-350x245.jpg",350,245,true],"medium_large":["https:\/\/moeckernkiez.org\/wp-content\/uploads\/2019\/12\/moni022-768x537.jpg",768,537,true],"large":["https:\/\/moeckernkiez.org\/wp-content\/uploads\/2019\/12\/moni022.jpg",896,626,false],"1536x1536":["https:\/\/moeckernkiez.org\/wp-content\/uploads\/2019\/12\/moni022.jpg",896,626,false],"2048x2048":["https:\/\/moeckernkiez.org\/wp-content\/uploads\/2019\/12\/moni022.jpg",896,626,false],"awpcp-thumbnail":["https:\/\/moeckernkiez.org\/wp-content\/uploads\/2019\/12\/moni022.jpg",179,125,false],"awpcp-featured":["https:\/\/moeckernkiez.org\/wp-content\/uploads\/2019\/12\/moni022.jpg",286,200,false],"awpcp-featured-on-lists":["https:\/\/moeckernkiez.org\/wp-content\/uploads\/2019\/12\/moni022.jpg",300,210,false],"awpcp-large":["https:\/\/moeckernkiez.org\/wp-content\/uploads\/2019\/12\/moni022.jpg",640,447,false]},"uagb_author_info":{"display_name":"MB","author_link":"https:\/\/moeckernkiez.org\/?author=2"},"uagb_comment_info":0,"uagb_excerpt":"Dies ist die bewegte und reale Geschichte der Freundschaft zwischen den beiden brillanten B\u00fchnen- und Filmstars wie auch unz\u00e4hmbaren Charakterfrauen Edith Piaf und Marlene Dietrich...","publishpress_future_action":{"enabled":false,"date":"2026-05-07 20:59:17","action":"change-status","newStatus":"draft","terms":[],"taxonomy":"category","extraData":[]},"publishpress_future_workflow_manual_trigger":{"enabledWorkflows":[]},"_links":{"self":[{"href":"https:\/\/moeckernkiez.org\/index.php?rest_route=\/wp\/v2\/posts\/1784","targetHints":{"allow":["GET"]}}],"collection":[{"href":"https:\/\/moeckernkiez.org\/index.php?rest_route=\/wp\/v2\/posts"}],"about":[{"href":"https:\/\/moeckernkiez.org\/index.php?rest_route=\/wp\/v2\/types\/post"}],"author":[{"embeddable":true,"href":"https:\/\/moeckernkiez.org\/index.php?rest_route=\/wp\/v2\/users\/2"}],"replies":[{"embeddable":true,"href":"https:\/\/moeckernkiez.org\/index.php?rest_route=%2Fwp%2Fv2%2Fcomments&post=1784"}],"version-history":[{"count":6,"href":"https:\/\/moeckernkiez.org\/index.php?rest_route=\/wp\/v2\/posts\/1784\/revisions"}],"predecessor-version":[{"id":1824,"href":"https:\/\/moeckernkiez.org\/index.php?rest_route=\/wp\/v2\/posts\/1784\/revisions\/1824"}],"wp:featuredmedia":[{"embeddable":true,"href":"https:\/\/moeckernkiez.org\/index.php?rest_route=\/wp\/v2\/media\/1785"}],"wp:attachment":[{"href":"https:\/\/moeckernkiez.org\/index.php?rest_route=%2Fwp%2Fv2%2Fmedia&parent=1784"}],"wp:term":[{"taxonomy":"category","embeddable":true,"href":"https:\/\/moeckernkiez.org\/index.php?rest_route=%2Fwp%2Fv2%2Fcategories&post=1784"},{"taxonomy":"post_tag","embeddable":true,"href":"https:\/\/moeckernkiez.org\/index.php?rest_route=%2Fwp%2Fv2%2Ftags&post=1784"}],"curies":[{"name":"wp","href":"https:\/\/api.w.org\/{rel}","templated":true}]}}