{"id":17780,"date":"2023-04-04T20:22:12","date_gmt":"2023-04-04T18:22:12","guid":{"rendered":"https:\/\/moeckernkiez.org\/?p=17780"},"modified":"2023-05-29T10:41:27","modified_gmt":"2023-05-29T08:41:27","slug":"flohmarkt-2023-im-moeckernkiez","status":"publish","type":"post","link":"https:\/\/moeckernkiez.org\/?p=17780","title":{"rendered":"Flohmarkt 2023 im M\u00f6ckernkiez"},"content":{"rendered":"\n<p>Der Fr\u00fchlings-Tr\u00f6delmarkt im M\u00f6ckernkiez findet am 22. April 2023 von 11 bis 15 Uhr auf dem Yorckplatz vor Ampler Bikes statt. <br>Eine Anmeldung ist nicht erforderlich.<br>Tische usw. bitte selber mitbringen. <br>Wichtig: Fahr- und Gehwege freilassen.<br>Bei Regen f\u00e4llt der Tr\u00f6delmarkt aus!<\/p>\n","protected":false},"excerpt":{"rendered":"<p>Der Fr\u00fchlings-Tr\u00f6delmarkt im M\u00f6ckernkiez findet am 22. April 2023 von 11 bis 15 Uhr auf dem Yorckplatz vor Ampler Bikes&#8230;<\/p>\n","protected":false},"author":2,"featured_media":6154,"comment_status":"closed","ping_status":"closed","sticky":false,"template":"","format":"standard","meta":{"_uag_custom_page_level_css":"","iawp_total_views":58,"footnotes":""},"categories":[5],"tags":[],"class_list":["post-17780","post","type-post","status-publish","format-standard","has-post-thumbnail","hentry","category-moeckernkiez","entry","rows-excerpt"],"uagb_featured_image_src":{"full":["https:\/\/moeckernkiez.org\/wp-content\/uploads\/2020\/08\/Flohmarkt01.jpg",1024,713,false],"thumbnail":["https:\/\/moeckernkiez.org\/wp-content\/uploads\/2020\/08\/Flohmarkt01-140x140.jpg",140,140,true],"medium":["https:\/\/moeckernkiez.org\/wp-content\/uploads\/2020\/08\/Flohmarkt01-350x244.jpg",350,244,true],"medium_large":["https:\/\/moeckernkiez.org\/wp-content\/uploads\/2020\/08\/Flohmarkt01-768x535.jpg",768,535,true],"large":["https:\/\/moeckernkiez.org\/wp-content\/uploads\/2020\/08\/Flohmarkt01.jpg",1024,713,false],"1536x1536":["https:\/\/moeckernkiez.org\/wp-content\/uploads\/2020\/08\/Flohmarkt01.jpg",1024,713,false],"2048x2048":["https:\/\/moeckernkiez.org\/wp-content\/uploads\/2020\/08\/Flohmarkt01.jpg",1024,713,false],"awpcp-thumbnail":["https:\/\/moeckernkiez.org\/wp-content\/uploads\/2020\/08\/Flohmarkt01.jpg",180,125,false],"awpcp-featured":["https:\/\/moeckernkiez.org\/wp-content\/uploads\/2020\/08\/Flohmarkt01.jpg",287,200,false],"awpcp-featured-on-lists":["https:\/\/moeckernkiez.org\/wp-content\/uploads\/2020\/08\/Flohmarkt01.jpg",300,209,false],"awpcp-large":["https:\/\/moeckernkiez.org\/wp-content\/uploads\/2020\/08\/Flohmarkt01.jpg",640,446,false]},"uagb_author_info":{"display_name":"MB","author_link":"https:\/\/moeckernkiez.org\/?author=2"},"uagb_comment_info":0,"uagb_excerpt":"Der Fr\u00fchlings-Tr\u00f6delmarkt im M\u00f6ckernkiez findet am 22. April 2023 von 11 bis 15 Uhr auf dem Yorckplatz vor Ampler Bikes&#8230;","publishpress_future_action":{"enabled":false,"date":"2026-05-06 13:41:24","action":"change-status","newStatus":"draft","terms":[],"taxonomy":"category","extraData":[]},"publishpress_future_workflow_manual_trigger":{"enabledWorkflows":[]},"_links":{"self":[{"href":"https:\/\/moeckernkiez.org\/index.php?rest_route=\/wp\/v2\/posts\/17780","targetHints":{"allow":["GET"]}}],"collection":[{"href":"https:\/\/moeckernkiez.org\/index.php?rest_route=\/wp\/v2\/posts"}],"about":[{"href":"https:\/\/moeckernkiez.org\/index.php?rest_route=\/wp\/v2\/types\/post"}],"author":[{"embeddable":true,"href":"https:\/\/moeckernkiez.org\/index.php?rest_route=\/wp\/v2\/users\/2"}],"replies":[{"embeddable":true,"href":"https:\/\/moeckernkiez.org\/index.php?rest_route=%2Fwp%2Fv2%2Fcomments&post=17780"}],"version-history":[{"count":1,"href":"https:\/\/moeckernkiez.org\/index.php?rest_route=\/wp\/v2\/posts\/17780\/revisions"}],"predecessor-version":[{"id":17781,"href":"https:\/\/moeckernkiez.org\/index.php?rest_route=\/wp\/v2\/posts\/17780\/revisions\/17781"}],"wp:featuredmedia":[{"embeddable":true,"href":"https:\/\/moeckernkiez.org\/index.php?rest_route=\/wp\/v2\/media\/6154"}],"wp:attachment":[{"href":"https:\/\/moeckernkiez.org\/index.php?rest_route=%2Fwp%2Fv2%2Fmedia&parent=17780"}],"wp:term":[{"taxonomy":"category","embeddable":true,"href":"https:\/\/moeckernkiez.org\/index.php?rest_route=%2Fwp%2Fv2%2Fcategories&post=17780"},{"taxonomy":"post_tag","embeddable":true,"href":"https:\/\/moeckernkiez.org\/index.php?rest_route=%2Fwp%2Fv2%2Ftags&post=17780"}],"curies":[{"name":"wp","href":"https:\/\/api.w.org\/{rel}","templated":true}]}}