{"id":16223,"date":"2023-01-20T23:22:54","date_gmt":"2023-01-20T22:22:54","guid":{"rendered":"https:\/\/moeckernkiez.org\/?p=16223"},"modified":"2023-03-24T22:32:51","modified_gmt":"2023-03-24T21:32:51","slug":"vorsicht-beim-moeckernkiez-solidaritaetfonds","status":"publish","type":"post","link":"https:\/\/moeckernkiez.org\/?p=16223","title":{"rendered":"Vorsicht beim M\u00f6ckernkiez Solidarit\u00e4tfonds"},"content":{"rendered":"\n<p>Die AG Politik aus dem M\u00f6ckernkiez Verein, der Genossensschaftsvorstand und der Aufsichtsrat der M\u00f6ckernkiez e.G. haben den GenosschaftsmitgliederInnen die Grunds\u00e4tze f\u00fcr den Solidarit\u00e4tsfonds\/Akufonds der M\u00f6ckernkiez e.G. vorgelegt. Dieser wurde dann im Beirat beschlossen und ist zum 1. Januar 2023 von den Vorst\u00e4nden der Genossenschaft aktiviert worden.<\/p>\n\n\n\n<p>Der Solidarit\u00e4tsfonds ist eine lobenswerte Idee, jedoch sind nach R\u00fccksprache mit Experten Bedenken hinsichtlich einer sorgf\u00e4ltigen Umsetzung aufgekommen. Die Grunds\u00e4tze werden als &#8222;etwas locker&#8220; eingesch\u00e4tzt.<\/p>\n\n\n\n<p>Beim Durchlesen des Grundsatzdokuments &#8222;<a rel=\"noreferrer noopener\" href=\"https:\/\/moeckernkiez.org\/wp-content\/uploads\/2023\/03\/Moeckernkiez_AkutFonds_Grundsaetze.pdf\" target=\"_blank\">Moeckernkiez_AkutFonds_Grundsaetze<\/a>&#8220; f\u00e4llt sofort der Punkt Organisation auf. Die Autoren des Dokuments haben sich direkt als Solidarit\u00e4tskommission eingesetzt, was schon \u00fcberrascht und m\u00f6glicherweise gegen die genossenschaftlichen Grunds\u00e4tze verst\u00f6\u00dft. W\u00e4re es nicht sinnvoller, hier ganz gezielt auf erfahrene und qualifizierte externe Personen zur\u00fcckzugreifen, die mit solchen Themen vertraut sind?<\/p>\n\n\n\n<p>Im Dokument ist auff\u00e4llig, dass bei der Antragstellung nur eine einfache Darstellung der Verm\u00f6gensverh\u00e4ltnisse verlangt ist. Die Erbringung von Nachweisen ist nicht zwingend gefordert. Die Solidarit\u00e4tskommission &#8222;kann&#8220; muss aber keine weiteren Informationen oder Unterlagen einfordern. Dieses Vorgehen scheint bez\u00fcglich Haftung und eines m\u00f6glichen Missbrauchs fast fahrl\u00e4ssig. Empfehlenswert ist die Forderung eines sehr genauen Verm\u00f6gensnachweises mit entsprechenden Unterlagen als auch eine j\u00e4hrliche \u00dcberpr\u00fcfung des Leistungsanspruches und einer sofortigen Anzeigepflicht, wenn sich die Leistungsgrundlagen bei den Empf\u00e4ngern ver\u00e4ndert haben. Sollten die Unterlagen nicht oder versp\u00e4tet eingereicht werden, w\u00e4re eine Minderung, die Einstellung der Unterst\u00fctzung oder auch eine R\u00fcckforderung denkbar.<\/p>\n\n\n\n<p>Weiter ist bei einer positiven Entscheidung eine Genehmigung des Vorstandes gefordert. W\u00fcrde dieser tats\u00e4chlich ohne erneute gr\u00fcndliche Pr\u00fcfung die Verantwortung f\u00fcr die Gew\u00e4hrung der Leistung \u00fcbernehmen? Wer ist haftbar, wenn die Gelder zu Unrecht gew\u00e4hrt wurden und eine R\u00fcckforderung nicht m\u00f6glich ist?<\/p>\n\n\n\n<p>Auch der Datenschutz ist f\u00fcr ehrenamtlich t\u00e4tige Personen eine anspruchsvolle Herausforderung, die oft unzureichend umgesetzt wird &#8211; siehe Dokument. Da es sich hierbei um sehr sensible personenbezogene Daten handelt, sollte das Verfahren so gestaltet sein, dass die Unterlagen niemals das Geb\u00e4ude der Gesch\u00e4ftsstelle verlassen. Eine M\u00f6glichkeit w\u00e4re, dass die Genossenschaft die Unterlagen nur auf Computern innerhalb des Intranets einsehbar macht. Der Datenschutzbeauftragte der Genossenschaft kann dabei unterst\u00fctzend helfen.<\/p>\n\n\n\n<p>Der Solidarit\u00e4tsfonds wird insgesamt positiv bewertet, aber es gibt Kritik an dem Vorschlag aus dem M\u00f6ckernkiez Verein &#8211; AG Politik. Es w\u00e4re gut, wenn der Vorstand und der Aufsichtsrat die Vorschl\u00e4ge des M\u00f6ckernkiez Vereins genau pr\u00fcfen w\u00fcrden, um Fehler und Zeitverschwendung zu vermeiden. <br>Als potenzielle Spender m\u00f6chte man sicher darauf verlassen k\u00f6nnen, dass das Geld gut verwendet und verwaltet wird.<\/p>\n\n\n\n<p>Updates und Kommentare:<\/p>\n\n\n\n<p>Es scheint so, als sei das Grundsatzdokument der AG Politik des M\u00f6ckernkiez Vereins eine reduzierte Abschrift einer Schweizer Genossenschaft. Oder auch nur ein Plagiat zum Nachteil unserer Genossenschaft?<br> <a href=\"https:\/\/moeckernkiez.org\/?p=17223\">AG Politik\/Plagiat beim Solidarit\u00e4tsfonds<\/a><\/p>\n\n\n\n<p><em>Im Beirat wurde das Dokument im Beisein von Vertretern aus Vorstand und Aufsichtsrat mehr oder weniger kritiklos &#8222;durchgewunken&#8220;. Nur aus der Hausgruppe 01S\u00fcd kam Kritik. Hier deren Beitrag zum Thema: <a rel=\"noreferrer noopener\" href=\"https:\/\/moeckernkiez.de\/intranet\/wp-content\/uploads\/2022-12-09_Akutfonds-Stellungnahme-HG-01-S.pdf\" target=\"_blank\">Stellungnahme der HG 01 S zum Grundsatzpapier Akutfonds (9. Dezember 2022)<\/a><\/em><\/p>\n\n\n\n<p class=\"has-text-align-center has-small-font-size\"> \u00af\\_(\u30c4)_\/\u00af <\/p>\n\n\n\n<p class=\"has-white-color has-text-color\" style=\"font-size:1px\">Harald Kamps und die AG Politik M\u00f6ckernkiez Verein beim Abschreiben erwischt? Schlampige Arbeit im Umgang mit Genossenschaftgeldern geplant?<\/p>\n","protected":false},"excerpt":{"rendered":"<p> &#8230; eine lobenswerte Intitiative. Die Umsetzung durch Verein, Vorstand und Aufsichtsrat l\u00e4sst aber noch einigen Platz f\u00fcr Verbesserungen.<\/p>\n","protected":false},"author":2,"featured_media":16225,"comment_status":"closed","ping_status":"closed","sticky":false,"template":"","format":"standard","meta":{"_uag_custom_page_level_css":"","iawp_total_views":420,"footnotes":""},"categories":[100,5],"tags":[67],"class_list":["post-16223","post","type-post","status-publish","format-standard","has-post-thumbnail","hentry","category-druckbeitraege","category-moeckernkiez","tag-rechtsoben2","entry","rows-excerpt"],"uagb_featured_image_src":{"full":["https:\/\/moeckernkiez.org\/wp-content\/uploads\/2023\/01\/concept-document-focus-letter-18290.jpg",1024,682,false],"thumbnail":["https:\/\/moeckernkiez.org\/wp-content\/uploads\/2023\/01\/concept-document-focus-letter-18290-140x140.jpg",140,140,true],"medium":["https:\/\/moeckernkiez.org\/wp-content\/uploads\/2023\/01\/concept-document-focus-letter-18290-350x233.jpg",350,233,true],"medium_large":["https:\/\/moeckernkiez.org\/wp-content\/uploads\/2023\/01\/concept-document-focus-letter-18290-768x512.jpg",768,512,true],"large":["https:\/\/moeckernkiez.org\/wp-content\/uploads\/2023\/01\/concept-document-focus-letter-18290.jpg",1024,682,false],"1536x1536":["https:\/\/moeckernkiez.org\/wp-content\/uploads\/2023\/01\/concept-document-focus-letter-18290.jpg",1024,682,false],"2048x2048":["https:\/\/moeckernkiez.org\/wp-content\/uploads\/2023\/01\/concept-document-focus-letter-18290.jpg",1024,682,false],"awpcp-thumbnail":["https:\/\/moeckernkiez.org\/wp-content\/uploads\/2023\/01\/concept-document-focus-letter-18290-200x125.jpg",200,125,true],"awpcp-featured":["https:\/\/moeckernkiez.org\/wp-content\/uploads\/2023\/01\/concept-document-focus-letter-18290-300x200.jpg",300,200,true],"awpcp-featured-on-lists":["https:\/\/moeckernkiez.org\/wp-content\/uploads\/2023\/01\/concept-document-focus-letter-18290-300x300.jpg",300,300,true],"awpcp-large":["https:\/\/moeckernkiez.org\/wp-content\/uploads\/2023\/01\/concept-document-focus-letter-18290-640x426.jpg",640,426,true]},"uagb_author_info":{"display_name":"MB","author_link":"https:\/\/moeckernkiez.org\/?author=2"},"uagb_comment_info":0,"uagb_excerpt":"... eine lobenswerte Intitiative. Die Umsetzung durch Verein, Vorstand und Aufsichtsrat l\u00e4sst aber noch einigen Platz f\u00fcr Verbesserungen.","publishpress_future_action":{"enabled":false,"date":"2026-05-08 21:46:04","action":"change-status","newStatus":"draft","terms":[],"taxonomy":"category","extraData":[]},"publishpress_future_workflow_manual_trigger":{"enabledWorkflows":[]},"_links":{"self":[{"href":"https:\/\/moeckernkiez.org\/index.php?rest_route=\/wp\/v2\/posts\/16223","targetHints":{"allow":["GET"]}}],"collection":[{"href":"https:\/\/moeckernkiez.org\/index.php?rest_route=\/wp\/v2\/posts"}],"about":[{"href":"https:\/\/moeckernkiez.org\/index.php?rest_route=\/wp\/v2\/types\/post"}],"author":[{"embeddable":true,"href":"https:\/\/moeckernkiez.org\/index.php?rest_route=\/wp\/v2\/users\/2"}],"replies":[{"embeddable":true,"href":"https:\/\/moeckernkiez.org\/index.php?rest_route=%2Fwp%2Fv2%2Fcomments&post=16223"}],"version-history":[{"count":10,"href":"https:\/\/moeckernkiez.org\/index.php?rest_route=\/wp\/v2\/posts\/16223\/revisions"}],"predecessor-version":[{"id":17555,"href":"https:\/\/moeckernkiez.org\/index.php?rest_route=\/wp\/v2\/posts\/16223\/revisions\/17555"}],"wp:featuredmedia":[{"embeddable":true,"href":"https:\/\/moeckernkiez.org\/index.php?rest_route=\/wp\/v2\/media\/16225"}],"wp:attachment":[{"href":"https:\/\/moeckernkiez.org\/index.php?rest_route=%2Fwp%2Fv2%2Fmedia&parent=16223"}],"wp:term":[{"taxonomy":"category","embeddable":true,"href":"https:\/\/moeckernkiez.org\/index.php?rest_route=%2Fwp%2Fv2%2Fcategories&post=16223"},{"taxonomy":"post_tag","embeddable":true,"href":"https:\/\/moeckernkiez.org\/index.php?rest_route=%2Fwp%2Fv2%2Ftags&post=16223"}],"curies":[{"name":"wp","href":"https:\/\/api.w.org\/{rel}","templated":true}]}}