{"id":16128,"date":"2023-01-06T18:22:01","date_gmt":"2023-01-06T17:22:01","guid":{"rendered":"https:\/\/moeckernkiez.org\/?p=16128"},"modified":"2023-01-06T18:22:01","modified_gmt":"2023-01-06T17:22:01","slug":"haupt-und-nebenregenbogen-ueber-dem-park-am-gleisdreieck","status":"publish","type":"post","link":"https:\/\/moeckernkiez.org\/?p=16128","title":{"rendered":"Haupt- und Nebenregenbogen \u00fcber dem Park am Gleisdreieck"},"content":{"rendered":"\n<p>Das Jahr 2023 f\u00e4ng gut an &#8211; fotografiert am 4. Januar 2023 aus dem M\u00f6cknerkiez am Himmel \u00fcber dem Park am Gleisdreieck.<\/p>\n\n\n\n<blockquote class=\"wp-block-quote is-layout-flow wp-block-quote-is-layout-flow\">\n<p>&#8222;&#8230; Bei sehr hellem Himmel vor der Regenwolke ist \u00fcber dem kr\u00e4ftigen Hauptregenbogen ein Nebenregenbogen sichtbar. Dieser stammt aus Regentropfen, in denen das Sonnenlicht zweimal an der Tropfeninnenwand reflektiert wurde. Der Nebenregenbogen ist wegen der zweimaligen, jeweils nur teilweisen Reflexion lichtschw\u00e4cher als der Hauptregenbogen und hat wegen der doppelten Reflexion bzw. Spiegelung die umgekehrte Farbfolge. &#8230;&#8220;<\/p>\n<cite>Quelle: <a href=\"https:\/\/de.wikipedia.org\/wiki\/Regenbogen\" target=\"_blank\" rel=\"noreferrer noopener\">https:\/\/de.wikipedia.org<\/a><\/cite><\/blockquote>\n","protected":false},"excerpt":{"rendered":"<p>Das Jahr 2023 f\u00e4ng gut an &#8211; fotografiert am 4. Januar 2023 aus dem M\u00f6cknerkiez am Himmel \u00fcber dem Park&#8230;<\/p>\n","protected":false},"author":2,"featured_media":16129,"comment_status":"closed","ping_status":"closed","sticky":false,"template":"","format":"standard","meta":{"_uag_custom_page_level_css":"","iawp_total_views":17,"footnotes":""},"categories":[7,103],"tags":[],"class_list":["post-16128","post","type-post","status-publish","format-standard","has-post-thumbnail","hentry","category-kreuzberg","category-park","entry","rows-excerpt"],"uagb_featured_image_src":{"full":["https:\/\/moeckernkiez.org\/wp-content\/uploads\/2023\/01\/Doppelregenbogen-im-Park-am-Gleisdreieck.jpg",1024,551,false],"thumbnail":["https:\/\/moeckernkiez.org\/wp-content\/uploads\/2023\/01\/Doppelregenbogen-im-Park-am-Gleisdreieck-140x140.jpg",140,140,true],"medium":["https:\/\/moeckernkiez.org\/wp-content\/uploads\/2023\/01\/Doppelregenbogen-im-Park-am-Gleisdreieck-350x188.jpg",350,188,true],"medium_large":["https:\/\/moeckernkiez.org\/wp-content\/uploads\/2023\/01\/Doppelregenbogen-im-Park-am-Gleisdreieck-768x413.jpg",768,413,true],"large":["https:\/\/moeckernkiez.org\/wp-content\/uploads\/2023\/01\/Doppelregenbogen-im-Park-am-Gleisdreieck.jpg",1024,551,false],"1536x1536":["https:\/\/moeckernkiez.org\/wp-content\/uploads\/2023\/01\/Doppelregenbogen-im-Park-am-Gleisdreieck.jpg",1024,551,false],"2048x2048":["https:\/\/moeckernkiez.org\/wp-content\/uploads\/2023\/01\/Doppelregenbogen-im-Park-am-Gleisdreieck.jpg",1024,551,false],"awpcp-thumbnail":["https:\/\/moeckernkiez.org\/wp-content\/uploads\/2023\/01\/Doppelregenbogen-im-Park-am-Gleisdreieck-200x125.jpg",200,125,true],"awpcp-featured":["https:\/\/moeckernkiez.org\/wp-content\/uploads\/2023\/01\/Doppelregenbogen-im-Park-am-Gleisdreieck-300x200.jpg",300,200,true],"awpcp-featured-on-lists":["https:\/\/moeckernkiez.org\/wp-content\/uploads\/2023\/01\/Doppelregenbogen-im-Park-am-Gleisdreieck-300x300.jpg",300,300,true],"awpcp-large":["https:\/\/moeckernkiez.org\/wp-content\/uploads\/2023\/01\/Doppelregenbogen-im-Park-am-Gleisdreieck-640x344.jpg",640,344,true]},"uagb_author_info":{"display_name":"MB","author_link":"https:\/\/moeckernkiez.org\/?author=2"},"uagb_comment_info":0,"uagb_excerpt":"Das Jahr 2023 f\u00e4ng gut an &#8211; fotografiert am 4. Januar 2023 aus dem M\u00f6cknerkiez am Himmel \u00fcber dem Park&#8230;","publishpress_future_action":{"enabled":false,"date":"2026-05-08 02:00:56","action":"change-status","newStatus":"draft","terms":[],"taxonomy":"category","extraData":[]},"publishpress_future_workflow_manual_trigger":{"enabledWorkflows":[]},"_links":{"self":[{"href":"https:\/\/moeckernkiez.org\/index.php?rest_route=\/wp\/v2\/posts\/16128","targetHints":{"allow":["GET"]}}],"collection":[{"href":"https:\/\/moeckernkiez.org\/index.php?rest_route=\/wp\/v2\/posts"}],"about":[{"href":"https:\/\/moeckernkiez.org\/index.php?rest_route=\/wp\/v2\/types\/post"}],"author":[{"embeddable":true,"href":"https:\/\/moeckernkiez.org\/index.php?rest_route=\/wp\/v2\/users\/2"}],"replies":[{"embeddable":true,"href":"https:\/\/moeckernkiez.org\/index.php?rest_route=%2Fwp%2Fv2%2Fcomments&post=16128"}],"version-history":[{"count":1,"href":"https:\/\/moeckernkiez.org\/index.php?rest_route=\/wp\/v2\/posts\/16128\/revisions"}],"predecessor-version":[{"id":16130,"href":"https:\/\/moeckernkiez.org\/index.php?rest_route=\/wp\/v2\/posts\/16128\/revisions\/16130"}],"wp:featuredmedia":[{"embeddable":true,"href":"https:\/\/moeckernkiez.org\/index.php?rest_route=\/wp\/v2\/media\/16129"}],"wp:attachment":[{"href":"https:\/\/moeckernkiez.org\/index.php?rest_route=%2Fwp%2Fv2%2Fmedia&parent=16128"}],"wp:term":[{"taxonomy":"category","embeddable":true,"href":"https:\/\/moeckernkiez.org\/index.php?rest_route=%2Fwp%2Fv2%2Fcategories&post=16128"},{"taxonomy":"post_tag","embeddable":true,"href":"https:\/\/moeckernkiez.org\/index.php?rest_route=%2Fwp%2Fv2%2Ftags&post=16128"}],"curies":[{"name":"wp","href":"https:\/\/api.w.org\/{rel}","templated":true}]}}