{"id":15983,"date":"2022-12-18T16:15:29","date_gmt":"2022-12-18T15:15:29","guid":{"rendered":"https:\/\/moeckernkiez.org\/?p=15983"},"modified":"2022-12-18T16:15:30","modified_gmt":"2022-12-18T15:15:30","slug":"initiative-zur-rettung-des-gleisdreiecks","status":"publish","type":"post","link":"https:\/\/moeckernkiez.org\/?p=15983","title":{"rendered":"Initiative zur Rettung des Gleisdreiecks"},"content":{"rendered":"\n<blockquote class=\"wp-block-quote is-layout-flow wp-block-quote-is-layout-flow\">\n<p>104 Beitr\u00e4ge zum Thema \u201eUrbane Mitte Gleisdreieck\u201d sind auf gleisdreieck-blog.de seit 2014 erschienen. Die ganze Entwicklung von den \u201ePlanungsworkshops\u201c mit dem gleichzeitigen Abriss des Ringbahnviadukts, \u00fcber den Architekturwettbewerb, \u00fcber die Auslegungen der Bebauungspl\u00e4ne, \u00fcber die Auftritte der Initiativen im Stadtentwicklungsausschuss bis zu den Gespr\u00e4chen am Bauzaun im vergangen Herbst wurde hier mit Artikeln begleitet. <a href=\"https:\/\/gleisdreieck-blog.de\/2022\/12\/16\/neue-internetseite-gleisdreieck-retten-de\/#more-12336\">Weiterlesen \u2192<\/a><\/p>\n<cite>Quelle: <a href=\"http:\/\/www.gleisdreieck-blog.de\" target=\"_blank\" rel=\"noreferrer noopener\">www.gleisdreieck-blog.de<\/a><\/cite><\/blockquote>\n\n\n\n<p>Mit einer neuen Seite sammeln die Initiatorinnen mehr Argumente zur &#8222;Rettung&#8220; des Gleisdreiecks. <\/p>\n","protected":false},"excerpt":{"rendered":"<p>Mit einer neuen Seite sammeln die Initiatorinnen mehr Argumente zur &#8222;Rettung&#8220; des Gleisdreiecks.<\/p>\n","protected":false},"author":2,"featured_media":8640,"comment_status":"closed","ping_status":"closed","sticky":false,"template":"","format":"standard","meta":{"_uag_custom_page_level_css":"","iawp_total_views":22,"footnotes":""},"categories":[7],"tags":[],"class_list":["post-15983","post","type-post","status-publish","format-standard","has-post-thumbnail","hentry","category-kreuzberg","entry","rows-excerpt"],"uagb_featured_image_src":{"full":["https:\/\/moeckernkiez.org\/wp-content\/uploads\/2020\/11\/urbanemitte04.jpg",1024,396,false],"thumbnail":["https:\/\/moeckernkiez.org\/wp-content\/uploads\/2020\/11\/urbanemitte04-140x140.jpg",140,140,true],"medium":["https:\/\/moeckernkiez.org\/wp-content\/uploads\/2020\/11\/urbanemitte04-350x135.jpg",350,135,true],"medium_large":["https:\/\/moeckernkiez.org\/wp-content\/uploads\/2020\/11\/urbanemitte04-768x297.jpg",768,297,true],"large":["https:\/\/moeckernkiez.org\/wp-content\/uploads\/2020\/11\/urbanemitte04.jpg",1024,396,false],"1536x1536":["https:\/\/moeckernkiez.org\/wp-content\/uploads\/2020\/11\/urbanemitte04.jpg",1024,396,false],"2048x2048":["https:\/\/moeckernkiez.org\/wp-content\/uploads\/2020\/11\/urbanemitte04.jpg",1024,396,false],"awpcp-thumbnail":["https:\/\/moeckernkiez.org\/wp-content\/uploads\/2020\/11\/urbanemitte04.jpg",200,77,false],"awpcp-featured":["https:\/\/moeckernkiez.org\/wp-content\/uploads\/2020\/11\/urbanemitte04.jpg",300,116,false],"awpcp-featured-on-lists":["https:\/\/moeckernkiez.org\/wp-content\/uploads\/2020\/11\/urbanemitte04.jpg",300,116,false],"awpcp-large":["https:\/\/moeckernkiez.org\/wp-content\/uploads\/2020\/11\/urbanemitte04.jpg",640,248,false]},"uagb_author_info":{"display_name":"MB","author_link":"https:\/\/moeckernkiez.org\/?author=2"},"uagb_comment_info":0,"uagb_excerpt":"Mit einer neuen Seite sammeln die Initiatorinnen mehr Argumente zur \"Rettung\" des Gleisdreiecks.","publishpress_future_action":{"enabled":false,"date":"2026-05-08 02:14:27","action":"change-status","newStatus":"draft","terms":[],"taxonomy":"category","extraData":[]},"publishpress_future_workflow_manual_trigger":{"enabledWorkflows":[]},"_links":{"self":[{"href":"https:\/\/moeckernkiez.org\/index.php?rest_route=\/wp\/v2\/posts\/15983","targetHints":{"allow":["GET"]}}],"collection":[{"href":"https:\/\/moeckernkiez.org\/index.php?rest_route=\/wp\/v2\/posts"}],"about":[{"href":"https:\/\/moeckernkiez.org\/index.php?rest_route=\/wp\/v2\/types\/post"}],"author":[{"embeddable":true,"href":"https:\/\/moeckernkiez.org\/index.php?rest_route=\/wp\/v2\/users\/2"}],"replies":[{"embeddable":true,"href":"https:\/\/moeckernkiez.org\/index.php?rest_route=%2Fwp%2Fv2%2Fcomments&post=15983"}],"version-history":[{"count":1,"href":"https:\/\/moeckernkiez.org\/index.php?rest_route=\/wp\/v2\/posts\/15983\/revisions"}],"predecessor-version":[{"id":15984,"href":"https:\/\/moeckernkiez.org\/index.php?rest_route=\/wp\/v2\/posts\/15983\/revisions\/15984"}],"wp:featuredmedia":[{"embeddable":true,"href":"https:\/\/moeckernkiez.org\/index.php?rest_route=\/wp\/v2\/media\/8640"}],"wp:attachment":[{"href":"https:\/\/moeckernkiez.org\/index.php?rest_route=%2Fwp%2Fv2%2Fmedia&parent=15983"}],"wp:term":[{"taxonomy":"category","embeddable":true,"href":"https:\/\/moeckernkiez.org\/index.php?rest_route=%2Fwp%2Fv2%2Fcategories&post=15983"},{"taxonomy":"post_tag","embeddable":true,"href":"https:\/\/moeckernkiez.org\/index.php?rest_route=%2Fwp%2Fv2%2Ftags&post=15983"}],"curies":[{"name":"wp","href":"https:\/\/api.w.org\/{rel}","templated":true}]}}