{"id":15785,"date":"2022-09-25T15:28:39","date_gmt":"2022-09-25T13:28:39","guid":{"rendered":"https:\/\/moeckernkiez.org\/?p=15785"},"modified":"2022-09-25T16:58:40","modified_gmt":"2022-09-25T14:58:40","slug":"urbane-mitte-gleisdreieck-zum-planungsstand","status":"publish","type":"post","link":"https:\/\/moeckernkiez.org\/?p=15785","title":{"rendered":"Urbane Mitte Gleisdreieck &#8211; Zum Planungsstand"},"content":{"rendered":"\n<blockquote class=\"wp-block-quote is-layout-flow wp-block-quote-is-layout-flow\"><p>An den vergangenen drei Sonntagen hatten wir nacheinander die Gr\u00fcnen, Linken und schlie\u00dflich die SPD zu Gast bei unseren Gespr\u00e4chen am Bauzaun zur Urbanen Mitte Gleisdreieck. Eingeladen hatte die Aktionsgemeinschaft Gleisdreieck e. V. Wir wollten wissen, wie die drei Parteien mit der Koalitionsvertrag vorgesehenen \u00dcberpr\u00fcfung des Projekts nach \u201eArt und Ma\u00df\u201c der Nutzung umgehen.<\/p><cite>Ver\u00f6ffentlicht am 24. 09. 2022 auf <em><a href=\"https:\/\/gleisdreieck-blog.de\/2022\/09\/24\/urbane-mitte-gleisdreieck-in-der-warteschleife-seit-april-2021\/\" target=\"_blank\" rel=\"noreferrer noopener\">gleisedreieck-blog.de<\/a><\/em><\/cite><\/blockquote>\n\n\n\n<p>Hier weiterlesen: <a href=\"https:\/\/gleisdreieck-blog.de\/2022\/09\/24\/urbane-mitte-gleisdreieck-in-der-warteschleife-seit-april-2021\/\">Urbane Mitte Gleisdreieck \u2013 in der Warteschleife seit April 2021<\/a><\/p>\n","protected":false},"excerpt":{"rendered":"<p>An den vergangenen drei Sonntagen hatten wir nacheinander die Gr\u00fcnen, Linken und schlie\u00dflich die SPD zu Gast bei unseren Gespr\u00e4chen&#8230;<\/p>\n","protected":false},"author":2,"featured_media":8640,"comment_status":"closed","ping_status":"closed","sticky":false,"template":"","format":"standard","meta":{"_uag_custom_page_level_css":"","iawp_total_views":33,"footnotes":""},"categories":[100,7,103],"tags":[],"class_list":["post-15785","post","type-post","status-publish","format-standard","has-post-thumbnail","hentry","category-druckbeitraege","category-kreuzberg","category-park","entry","rows-excerpt"],"uagb_featured_image_src":{"full":["https:\/\/moeckernkiez.org\/wp-content\/uploads\/2020\/11\/urbanemitte04.jpg",1024,396,false],"thumbnail":["https:\/\/moeckernkiez.org\/wp-content\/uploads\/2020\/11\/urbanemitte04-140x140.jpg",140,140,true],"medium":["https:\/\/moeckernkiez.org\/wp-content\/uploads\/2020\/11\/urbanemitte04-350x135.jpg",350,135,true],"medium_large":["https:\/\/moeckernkiez.org\/wp-content\/uploads\/2020\/11\/urbanemitte04-768x297.jpg",768,297,true],"large":["https:\/\/moeckernkiez.org\/wp-content\/uploads\/2020\/11\/urbanemitte04.jpg",1024,396,false],"1536x1536":["https:\/\/moeckernkiez.org\/wp-content\/uploads\/2020\/11\/urbanemitte04.jpg",1024,396,false],"2048x2048":["https:\/\/moeckernkiez.org\/wp-content\/uploads\/2020\/11\/urbanemitte04.jpg",1024,396,false],"awpcp-thumbnail":["https:\/\/moeckernkiez.org\/wp-content\/uploads\/2020\/11\/urbanemitte04.jpg",200,77,false],"awpcp-featured":["https:\/\/moeckernkiez.org\/wp-content\/uploads\/2020\/11\/urbanemitte04.jpg",300,116,false],"awpcp-featured-on-lists":["https:\/\/moeckernkiez.org\/wp-content\/uploads\/2020\/11\/urbanemitte04.jpg",300,116,false],"awpcp-large":["https:\/\/moeckernkiez.org\/wp-content\/uploads\/2020\/11\/urbanemitte04.jpg",640,248,false]},"uagb_author_info":{"display_name":"MB","author_link":"https:\/\/moeckernkiez.org\/?author=2"},"uagb_comment_info":0,"uagb_excerpt":"An den vergangenen drei Sonntagen hatten wir nacheinander die Gr\u00fcnen, Linken und schlie\u00dflich die SPD zu Gast bei unseren Gespr\u00e4chen&#8230;","publishpress_future_action":{"enabled":false,"date":"2026-05-08 05:21:31","action":"change-status","newStatus":"draft","terms":[],"taxonomy":"category","extraData":[]},"publishpress_future_workflow_manual_trigger":{"enabledWorkflows":[]},"_links":{"self":[{"href":"https:\/\/moeckernkiez.org\/index.php?rest_route=\/wp\/v2\/posts\/15785","targetHints":{"allow":["GET"]}}],"collection":[{"href":"https:\/\/moeckernkiez.org\/index.php?rest_route=\/wp\/v2\/posts"}],"about":[{"href":"https:\/\/moeckernkiez.org\/index.php?rest_route=\/wp\/v2\/types\/post"}],"author":[{"embeddable":true,"href":"https:\/\/moeckernkiez.org\/index.php?rest_route=\/wp\/v2\/users\/2"}],"replies":[{"embeddable":true,"href":"https:\/\/moeckernkiez.org\/index.php?rest_route=%2Fwp%2Fv2%2Fcomments&post=15785"}],"version-history":[{"count":1,"href":"https:\/\/moeckernkiez.org\/index.php?rest_route=\/wp\/v2\/posts\/15785\/revisions"}],"predecessor-version":[{"id":15786,"href":"https:\/\/moeckernkiez.org\/index.php?rest_route=\/wp\/v2\/posts\/15785\/revisions\/15786"}],"wp:featuredmedia":[{"embeddable":true,"href":"https:\/\/moeckernkiez.org\/index.php?rest_route=\/wp\/v2\/media\/8640"}],"wp:attachment":[{"href":"https:\/\/moeckernkiez.org\/index.php?rest_route=%2Fwp%2Fv2%2Fmedia&parent=15785"}],"wp:term":[{"taxonomy":"category","embeddable":true,"href":"https:\/\/moeckernkiez.org\/index.php?rest_route=%2Fwp%2Fv2%2Fcategories&post=15785"},{"taxonomy":"post_tag","embeddable":true,"href":"https:\/\/moeckernkiez.org\/index.php?rest_route=%2Fwp%2Fv2%2Ftags&post=15785"}],"curies":[{"name":"wp","href":"https:\/\/api.w.org\/{rel}","templated":true}]}}